{"id":5460,"date":"2020-06-17T16:08:08","date_gmt":"2020-06-17T14:08:08","guid":{"rendered":"http:\/\/culturotheque.fr\/?p=5460"},"modified":"2020-06-17T17:00:58","modified_gmt":"2020-06-17T15:00:58","slug":"les-terres-de-catin","status":"publish","type":"post","link":"https:\/\/culturotheque.fr\/index.php\/2020\/06\/17\/les-terres-de-catin\/","title":{"rendered":"Les Terres de Catin"},"content":{"rendered":"<p><a href=\"https:\/\/photos.app.goo.gl\/852XqXX8Q1EMBaHY6\">Voir ici les photos de notre randonn\u00e9e \u00e0 St Hilaire d&rsquo;Ozilhan<\/a><br \/>\n<!--more--><\/p>\n<p style=\"text-align: justify;\">Le rendez-vous est fix\u00e9 devant l\u2019\u00e9glise de St-Hilaire-d\u2019Ozilhan. Nous sommes tous \u00e0 l\u2019heure au rendez-vous, il ne nous reste plus qu\u2019\u00e0 traverser le village et prendre la combe de la Sabati\u00e8re. Nous dissertons sur le nom de Sabati\u00e8re. Quelle en est l\u2019origine\u2026 A part fabricant de sabots et de savates, ou savetier, cordonnier, donc sabatier nous ne trouvons pas d\u2019autres r\u00e9f\u00e9rences.<br \/>\nLa mont\u00e9e est douce, ombrag\u00e9e, il fait bon, nous ne nous arr\u00eatons pas et arrivons assez vite sur le plateau de Lacau.<br \/>\nSi nous \u00e9tions raisonnables nous bifurquerions vers Brot pour revenir vers les Terres de Catin.<br \/>\nMais on est en forme, on a envie de marcher, on tire donc vers la chapelle romane de St Pierre de Valligui\u00e8res qui date de l\u2019\u00e9poque de Charlemagne.<br \/>\nConstruite sur un oppidum, dont nous pouvons voir les vestiges de l\u2019\u00e9poque romaine, elle a fait l\u2019objet de trois p\u00e8lerinage jusqu\u2019aux ann\u00e9es 1960 suite \u00e0 une \u00e9pid\u00e9mie de peste en 1640. Depuis les ann\u00e9es 60 seulement le p\u00e8lerinage du lundi de P\u00e2ques fait partie des rendez-vous importants de la vie des habitants de Valligui\u00e8res.<br \/>\nSur le chemin nous sommes tous sous le charme du panorama grandiose du plateau avec une vue sur les C\u00e9vennes et aussi sur le Pont du Gard qui se d\u00e9coupe sur la colline entre Remoulins et Castillon du Gard.<br \/>\nNous prenons le chemin de Croix pour arriver \u00e0 la chapelle o\u00f9 nous faisons une courte pause pour admirer \u00e0 nos pieds le joli village.<br \/>\nUne large piste nous ram\u00e8ne sur le plateau, faisons un petit d\u00e9tour avant de revenir sur la piste qui nous fait descendre jusqu\u2019aux Terres de Catin.<br \/>\nNous n\u2019avons plus qu\u2019\u00e0 nous laisser aller, toujours d\u2019une bonne cadence, vers le Castellas. Le panorama est fabuleux : toute la plaine du Gardon et les collines environnant Remoulins sont \u00e0 nos pieds. Qui voit l\u2019eau du Gardon briller ?<br \/>\nDu Castellas, nous \u00a0n\u2019en voyons que son long mur de pierres qui ressemble \u00e0 un rempart. Edifi\u00e9 au XIe si\u00e8cle, ce ch\u00e2teau a surtout servi de carri\u00e8re. En effet d\u00e8s 1441 on trouve la trace de l&rsquo;autorisation du roi Charles VII pour utiliser les pierres de ce ch\u00e2teau\u00a0 m\u00e9di\u00e9val afin de construire un ch\u00e2teau dans la plaine o\u00f9 s\u2019est regroup\u00e9 le village de St Hilaire d\u2019Ozilhan actuel.<br \/>\nNous on appr\u00e9cie beaucoup cet endroit\u00a0: les ifs plant\u00e9s ici et l\u00e0 nous font voyager en Toscane\u00a0!<br \/>\nC\u2019est sur ces belles images que nous arrivons aux voitures vers 11h45.<br \/>\nEncore une fois nous avons pleinement appr\u00e9ci\u00e9 cette balade ensoleill\u00e9e mais aussi agr\u00e9ment\u00e9e d&rsquo;une brise l\u00e9g\u00e8re tout au long du parcours&#8230;.<br \/>\n<span style=\"text-decoration: underline;\"><strong>Cotation<\/strong><\/span>\u00a0: <em>13.3 km \u2013 380 m de d\u00e9nivel\u00e9 \u2013 9 randonneurs.<\/em><\/p>\n","protected":false},"excerpt":{"rendered":"<p>Voir ici les photos de notre randonn\u00e9e \u00e0 St Hilaire d&rsquo;Ozilhan<\/p>\n","protected":false},"author":1,"featured_media":5462,"comment_status":"closed","ping_status":"closed","sticky":false,"template":"","format":"standard","meta":{"footnotes":""},"categories":[4],"tags":[],"class_list":["post-5460","post","type-post","status-publish","format-standard","has-post-thumbnail","hentry","category-randonnees"],"_links":{"self":[{"href":"https:\/\/culturotheque.fr\/index.php\/wp-json\/wp\/v2\/posts\/5460","targetHints":{"allow":["GET"]}}],"collection":[{"href":"https:\/\/culturotheque.fr\/index.php\/wp-json\/wp\/v2\/posts"}],"about":[{"href":"https:\/\/culturotheque.fr\/index.php\/wp-json\/wp\/v2\/types\/post"}],"author":[{"embeddable":true,"href":"https:\/\/culturotheque.fr\/index.php\/wp-json\/wp\/v2\/users\/1"}],"replies":[{"embeddable":true,"href":"https:\/\/culturotheque.fr\/index.php\/wp-json\/wp\/v2\/comments?post=5460"}],"version-history":[{"count":4,"href":"https:\/\/culturotheque.fr\/index.php\/wp-json\/wp\/v2\/posts\/5460\/revisions"}],"predecessor-version":[{"id":5465,"href":"https:\/\/culturotheque.fr\/index.php\/wp-json\/wp\/v2\/posts\/5460\/revisions\/5465"}],"wp:featuredmedia":[{"embeddable":true,"href":"https:\/\/culturotheque.fr\/index.php\/wp-json\/wp\/v2\/media\/5462"}],"wp:attachment":[{"href":"https:\/\/culturotheque.fr\/index.php\/wp-json\/wp\/v2\/media?parent=5460"}],"wp:term":[{"taxonomy":"category","embeddable":true,"href":"https:\/\/culturotheque.fr\/index.php\/wp-json\/wp\/v2\/categories?post=5460"},{"taxonomy":"post_tag","embeddable":true,"href":"https:\/\/culturotheque.fr\/index.php\/wp-json\/wp\/v2\/tags?post=5460"}],"curies":[{"name":"wp","href":"https:\/\/api.w.org\/{rel}","templated":true}]}}