{"id":5777,"date":"2020-09-14T21:12:09","date_gmt":"2020-09-14T19:12:09","guid":{"rendered":"http:\/\/culturotheque.fr\/?p=5777"},"modified":"2020-09-18T18:21:05","modified_gmt":"2020-09-18T16:21:05","slug":"le-chemin-des-chaussettes","status":"publish","type":"post","link":"https:\/\/culturotheque.fr\/index.php\/2020\/09\/14\/le-chemin-des-chaussettes\/","title":{"rendered":"Le chemin des chaussettes"},"content":{"rendered":"<p style=\"text-align: justify;\"><a href=\"https:\/\/photos.app.goo.gl\/GP74aAzZkQsixR7a9\"><span style=\"color: #32679c;\"><strong>Voir ici les photos de notre randonn\u00e9e\u00a0 \u00e0 St Maximin.<\/strong><\/span><\/a><!--more--><\/p>\n<p style=\"text-align: justify;\"><span style=\"color: #32679c;\">Enfin\u00a0! Nous voici masqu\u00e9s, les mains lav\u00e9es mais tellement heureux.<\/span><br \/>\n<span style=\"color: #32679c;\">Pour cette premi\u00e8re de la saison et apr\u00e8s cette tr\u00eave prolong\u00e9e pour cause de confinement nous partons de St Maximin, \u00e0 c\u00f4t\u00e9 d\u2019Uz\u00e8s pour d\u00e9couvrir un tron\u00e7on du fameux aqueduc qui transportait l\u2019eau d\u2019Uz\u00e8s \u00e0 N\u00eemes en passant par le Pont du Gard. Il faut un peu d\u2019imagination car l\u2019aqueduc est bien prot\u00e9g\u00e9 sous terre.<\/span><br \/>\n<span style=\"color: #32679c;\">On arrive, par de beaux chemins bord\u00e9s de murets de pierre \u00e0 une capitelle o\u00f9 nous faisons la premi\u00e8re pause \u00ab\u00a0fleurette\u00a0\u00bb.<\/span><br \/>\n<span style=\"color: #32679c;\">On se laisse emporter par de beaux sentiers bien arbor\u00e9s avec sous nos pieds la marque de Compagnons tailleurs de pierre, d\u2019un ch\u00e2teau, une rivi\u00e8re, de beaux moulins restaur\u00e9s, une source\u2026 avant de grimper pour arriver au pied du jardin de l\u2019\u00e9v\u00each\u00e9 d\u2019Uz\u00e8s.<\/span><br \/>\n<span style=\"color: #32679c;\">Nous nous abstenons d\u2019aller en ville\u00a0: il faudrait remettre les masques et il commence \u00e0 faire bien chaud.<\/span><br \/>\n<span style=\"color: #32679c;\">On descend donc par une pente un peu raide rejoindre la fraicheur de la rivi\u00e8re et des grands platanes. On a bien envie de se poser l\u00e0 un\u00a0 moment. La rivi\u00e8re, les canards, les oies, l\u2019ombre, les si\u00e8ges, la fontaine d&rsquo;Eure\u2026<\/span><br \/>\n<span style=\"color: #32679c;\">On d\u00e9cide de monter, avant le repas, \u00e0 la table d\u2019orientation.<\/span><br \/>\n<span style=\"color: #32679c;\">Une fois arriv\u00e9s, on ne se bouscule pas pour voir le panorama, on cherche l\u2019ombre et on ouvre nos sacs pour un repas revigorant. Il n\u2019est pas tard, juste midi mais on avait tellement pris l\u2019habitude de la grasse matin\u00e9e que la fringale talonnait quelques randonneurs\u2026<\/span><br \/>\n<span style=\"color: #32679c;\">On reprend notre cheminement vers 13 h, de larges pistes, un peu d\u2019ombre avant de s\u2019enfoncer dans la garrigue o\u00f9 les vestiges d\u2019une exploitation agricole nous interpellent. On admire ces constructions d\u2019antan. On est dans le chemin des Chaussettes au milieu des ch\u00eanes verts.<\/span><br \/>\n<span style=\"color: #32679c;\">En poursuivant sur un sentier qui remonte sur un plateau, on aper\u00e7oit quelques colchiques qui nous donnent l\u2019impression que nous arrivons \u00e0 l\u2019automne, une douce brise nous encourage, \u00a0et on arrive ainsi \u00a0\u00e0 St Maximin sans encombre.<\/span><br \/>\n<span style=\"color: #32679c;\">On s\u2019int\u00e9resse \u00e0 un ch\u00e2teau. Serait-ce celui ou Racine, le c\u00e9l\u00e8bre \u00e9crivain aurait \u00e9t\u00e9 h\u00e9berg\u00e9\u00a0chez son oncle ?<\/span><br \/>\n<span style=\"color: #32679c;\">La r\u00e9ponse n\u2019est pas \u00e0 l\u2019ordre du jour\u00a0: il fait quand m\u00eame tr\u00e8s chaud\u00a0!<\/span><br \/>\n<span style=\"color: #32679c;\">C\u2019est donc sans demander notre reste qu\u2019on reprend nos masques pour monter dans les voitures toutes fen\u00eatres ouvertes et rentrer \u00e0 Beaucaire tr\u00e8s heureux d\u2019avoir enfin pu retrouver nos sentiers\u00a0!<\/span><br \/>\n<span style=\"color: #32679c;\"><span style=\"text-decoration: underline;\"><strong>Cotation\u00a0<\/strong><\/span>: JB2 \u2013 12 km \u2013 360 m d\u00e9nivel\u00e9 \u2013 13 randonneurs.<\/span><br \/>\n<span style=\"color: #32679c;\"><em>(Charles, Annie, Daniel, Marith\u00e9, Yves, Marilyne, Ir\u00e8ne, Rapha\u00ebl, Catherine, Brigitte, Michelle E., Ghislaine (une nouvelle) et notre animatrice du jour, Mich\u00e8le).<\/em><\/span><\/p>\n","protected":false},"excerpt":{"rendered":"<p>Voir ici les photos de notre randonn\u00e9e\u00a0 \u00e0 St Maximin.<\/p>\n","protected":false},"author":1,"featured_media":5779,"comment_status":"closed","ping_status":"closed","sticky":false,"template":"","format":"standard","meta":{"footnotes":""},"categories":[4],"tags":[],"class_list":["post-5777","post","type-post","status-publish","format-standard","has-post-thumbnail","hentry","category-randonnees"],"_links":{"self":[{"href":"https:\/\/culturotheque.fr\/index.php\/wp-json\/wp\/v2\/posts\/5777","targetHints":{"allow":["GET"]}}],"collection":[{"href":"https:\/\/culturotheque.fr\/index.php\/wp-json\/wp\/v2\/posts"}],"about":[{"href":"https:\/\/culturotheque.fr\/index.php\/wp-json\/wp\/v2\/types\/post"}],"author":[{"embeddable":true,"href":"https:\/\/culturotheque.fr\/index.php\/wp-json\/wp\/v2\/users\/1"}],"replies":[{"embeddable":true,"href":"https:\/\/culturotheque.fr\/index.php\/wp-json\/wp\/v2\/comments?post=5777"}],"version-history":[{"count":4,"href":"https:\/\/culturotheque.fr\/index.php\/wp-json\/wp\/v2\/posts\/5777\/revisions"}],"predecessor-version":[{"id":5793,"href":"https:\/\/culturotheque.fr\/index.php\/wp-json\/wp\/v2\/posts\/5777\/revisions\/5793"}],"wp:featuredmedia":[{"embeddable":true,"href":"https:\/\/culturotheque.fr\/index.php\/wp-json\/wp\/v2\/media\/5779"}],"wp:attachment":[{"href":"https:\/\/culturotheque.fr\/index.php\/wp-json\/wp\/v2\/media?parent=5777"}],"wp:term":[{"taxonomy":"category","embeddable":true,"href":"https:\/\/culturotheque.fr\/index.php\/wp-json\/wp\/v2\/categories?post=5777"},{"taxonomy":"post_tag","embeddable":true,"href":"https:\/\/culturotheque.fr\/index.php\/wp-json\/wp\/v2\/tags?post=5777"}],"curies":[{"name":"wp","href":"https:\/\/api.w.org\/{rel}","templated":true}]}}