{"id":5788,"date":"2020-09-18T15:56:37","date_gmt":"2020-09-18T13:56:37","guid":{"rendered":"http:\/\/culturotheque.fr\/?p=5788"},"modified":"2020-09-18T18:52:09","modified_gmt":"2020-09-18T16:52:09","slug":"memoires-de-garrigue","status":"publish","type":"post","link":"https:\/\/culturotheque.fr\/index.php\/2020\/09\/18\/memoires-de-garrigue\/","title":{"rendered":"Memoires de Garrigue"},"content":{"rendered":"<p style=\"text-align: justify;\"><a href=\"https:\/\/photos.app.goo.gl\/jtpkxa7913UiHtSd9\"><span style=\"color: #2a5580;\"><strong>Voir ici les photos de notre randonn\u00e9e\u00a0 \u00e0 Vers Pont du Gard.<\/strong><\/span><\/a><br \/>\n<!--more--><span style=\"color: #2a5580;\">Fraicheur matinale bienvenue pour cette balade qui part de la B\u00e9gude St Pierre.<\/span><br \/>\n<span style=\"color: #2a5580;\">La Chapelle St Pierre a toujours ses b\u00e9quilles mais au lieu d\u2019aller sur le site du Pont du Gard, petite variante par un joli chemin enherb\u00e9, assez large pour les conversations anim\u00e9es\u2026 Tr\u00e8s anim\u00e9es\u00a0!<\/span><br \/>\n<span style=\"color: #2a5580;\">Quel bonheur de se retrouver, de se titiller, de plaisanter, de rigoler.<\/span><br \/>\n<span style=\"color: #2a5580;\">On suit les ruines de l\u2019Aqueduc romain pour aboutir sur un point panoramique jusque l\u00e0 inconnu. Dommage, le soleil en face nous voile le majestueux Pont du Gard\u00a0!<\/span><br \/>\n<span style=\"color: #2a5580;\">Un autre panorama. Une petite pause \u00ab\u00a0fleurette\u00a0\u00bb et nous arrivons aussit\u00f4t au Pont du Gard.<\/span><br \/>\n<span style=\"color: #2a5580;\">Un petit sentier nous entra\u00eene dans l\u2019espace \u00ab\u00a0M\u00e9moires de Garrigue\u00a0\u00bb. Fr\u00e9quent\u00e9 par des lapins car on y trouve des petites crottes. Ils doivent se tapir au fond de leurs terriers pour \u00e9chapper \u00e0 l\u2019aigle de Bonelli que l\u2019on voit chasser au-dessus de notre t\u00eate.<\/span><br \/>\n<span style=\"color: #2a5580;\">Le milieu que nous traversons maintenant est une formation broussailleuse caract\u00e9ristique des paysages m\u00e9diterran\u00e9ens et exploit\u00e9 pendant des si\u00e8cles. La roche calcaire y affleure et s\u2019impose jusque dans les origines du nom de la garrigue\u00a0: \u00ab\u00a0<em>gar\u00a0<\/em>\u00bb, le rocher, ou \u00ab\u00a0<em>garric\u00a0<\/em>\u00bb, l\u2019arbre du rocher, le Ch\u00eane vert.<\/span><br \/>\n<span style=\"color: #2a5580;\">Nous trouvons ici et l\u00e0 des panneaux, par exemple sur le climat m\u00e9diterran\u00e9en. Qui avait bien intuit\u00e9 en voyant ces paysages arides que sur une ann\u00e9e il pleut plus \u00e0 N\u00eemes qu\u2019en Bretagne\u00a0?<\/span><br \/>\n<span style=\"color: #2a5580;\">On continue ainsi dans ce lieu abandonn\u00e9 par l\u2019homme depuis la deuxi\u00e8me moiti\u00e9 du XXe si\u00e8cle. Sans entretien les milieux ouverts se referment, sans moutons les prairies \u00e0 brachypodes deviennent brousses \u00e0 ch\u00eanes kerm\u00e8s qui laissent ensuite leur place \u00e0 la for\u00eat de ch\u00eanes.<\/span><br \/>\n<span style=\"color: #2a5580;\">Les sentiers sont plein de charmes, \u00e0 l\u2019ombre, bord\u00e9s de jolis murets de pierres couverts de jolies mousses vertes, ici et l\u00e0 quelques panneaux pour en apprendre un peu plus.<\/span><br \/>\n<span style=\"color: #2a5580;\">Qui parle l\u2019occitan\u00a0? \u00a0\u00ab\u00a0<em>Emb\u2019 un \u00f6m\u00eb, sa f\u00ebnno li mouris\u00a0: Emb\u2019 un p\u00e4our\u2019 \u00f4m\u00eb, sa mi\u00f4lo<\/em>\u00a0\u00bb.\u00a0 Traduction\u00a0: \u00ab\u00a0<em>Un homme \u00a0riche voit mourir sa femme, le pauvre homme sa mule. Toujours le comble de la malchance pour le pauvre homme\u2026\u00a0<\/em>\u00bb\u00a0.<\/span><br \/>\n<span style=\"color: #2a5580;\">Un mazet, une capitelle, un jardinet. La taille des exploitations ne permettait pas d\u2019assurer la pitance de la famille, l\u2019homme \u00e9tait oblig\u00e9 de louer ses services \u00e0 un autre agriculteur, ou laboureur ou en pratiquant un m\u00e9tier\u00a0 (<em>tailleur de pierre, ouvrier du textile\u2026<\/em>). La surface de l\u2019exploitation \u00e9tait r\u00e9serv\u00e9e \u00e0 \u00a0la vigne, l\u2019olivette et les c\u00e9r\u00e9ales.<\/span><br \/>\n<span style=\"color: #2a5580;\">On d\u00e9couvre un belv\u00e9d\u00e8re\u00a0! Le pont du Gard nous semble assez loin, pourtant on vient de le quitter\u00a0!<\/span><br \/>\n<span style=\"color: #2a5580;\">Est-ce le chant d\u2019une perdrix que nous entendons\u00a0? Mais non, il doit s\u2019agir d\u2019un geai car c\u2019est un son sonore, rapeux et \u00e9raill\u00e9 \u00ab<em>\u00a0krreehh\u00a0<\/em>\u00bb avec des variantes\u00a0: \u00ab\u00a0<em>heinh<\/em>\u00a0\u00bb ou \u00ab\u00a0<em>reinh<\/em>\u00a0\u00bb r\u00e9p\u00e9t\u00e9 que l\u2019on entend et non le \u00ab\u00a0cacabe\u00a0\u00bb de la perdrix qui ferait plut\u00f4t \u00ab\u00a0<em>kiric-kiric-kiric\u00a0\u00bb.<\/em><em><br \/>\n<\/em>C\u2019\u00e9tait une bien belle balade, bien ombrag\u00e9e et pleine de d\u00e9couvertes qui nous a tous r\u00e9unis en cette rentr\u00e9e de septembre\u2026<\/span><br \/>\n<span style=\"color: #2a5580;\"><strong><u>Cotation<\/u><\/strong> : DJB2 &#8211; 8 km &#8211; 120 m d\u00e9nivel\u00e9 &#8211; 17 randonneurs (<em>N\u00e9n\u00e9, Charles, Daniel, Jean-Marie, Rapha\u00ebl, Marith\u00e9, Elisabeth, Brigitte D., Catherine, Jocelyne, Lucette, Mich\u00e8le E., Solange, Monique, Ghislaine, Ir\u00e8ne et Mich\u00e8le N<\/em>.)<\/span><\/p>\n","protected":false},"excerpt":{"rendered":"<p>Voir ici les photos de notre randonn\u00e9e\u00a0 \u00e0 Vers Pont du Gard.<\/p>\n","protected":false},"author":1,"featured_media":5790,"comment_status":"closed","ping_status":"closed","sticky":false,"template":"","format":"standard","meta":{"footnotes":""},"categories":[4],"tags":[],"class_list":["post-5788","post","type-post","status-publish","format-standard","has-post-thumbnail","hentry","category-randonnees"],"_links":{"self":[{"href":"https:\/\/culturotheque.fr\/index.php\/wp-json\/wp\/v2\/posts\/5788","targetHints":{"allow":["GET"]}}],"collection":[{"href":"https:\/\/culturotheque.fr\/index.php\/wp-json\/wp\/v2\/posts"}],"about":[{"href":"https:\/\/culturotheque.fr\/index.php\/wp-json\/wp\/v2\/types\/post"}],"author":[{"embeddable":true,"href":"https:\/\/culturotheque.fr\/index.php\/wp-json\/wp\/v2\/users\/1"}],"replies":[{"embeddable":true,"href":"https:\/\/culturotheque.fr\/index.php\/wp-json\/wp\/v2\/comments?post=5788"}],"version-history":[{"count":3,"href":"https:\/\/culturotheque.fr\/index.php\/wp-json\/wp\/v2\/posts\/5788\/revisions"}],"predecessor-version":[{"id":5795,"href":"https:\/\/culturotheque.fr\/index.php\/wp-json\/wp\/v2\/posts\/5788\/revisions\/5795"}],"wp:featuredmedia":[{"embeddable":true,"href":"https:\/\/culturotheque.fr\/index.php\/wp-json\/wp\/v2\/media\/5790"}],"wp:attachment":[{"href":"https:\/\/culturotheque.fr\/index.php\/wp-json\/wp\/v2\/media?parent=5788"}],"wp:term":[{"taxonomy":"category","embeddable":true,"href":"https:\/\/culturotheque.fr\/index.php\/wp-json\/wp\/v2\/categories?post=5788"},{"taxonomy":"post_tag","embeddable":true,"href":"https:\/\/culturotheque.fr\/index.php\/wp-json\/wp\/v2\/tags?post=5788"}],"curies":[{"name":"wp","href":"https:\/\/api.w.org\/{rel}","templated":true}]}}