{"id":5824,"date":"2020-09-21T19:13:30","date_gmt":"2020-09-21T17:13:30","guid":{"rendered":"http:\/\/culturotheque.fr\/?p=5824"},"modified":"2020-09-23T10:59:31","modified_gmt":"2020-09-23T08:59:31","slug":"ste-agathe-sabran","status":"publish","type":"post","link":"https:\/\/culturotheque.fr\/index.php\/2020\/09\/21\/ste-agathe-sabran\/","title":{"rendered":"Ste Agathe Sabran"},"content":{"rendered":"<p style=\"text-align: justify;\"><a href=\"https:\/\/photos.app.goo.gl\/RPFjMKfPN1VLX4dK6\"><span style=\"color: #2c5e91;\"><strong>Voir ici les photos de Fran\u00e7oise R. concernant notre randonn\u00e9e \u00e0 Sabran.<\/strong><\/span><\/a><br \/>\n<span style=\"color: #2c5e91;\"><a style=\"color: #2c5e91;\" href=\"https:\/\/photos.app.goo.gl\/qTdiGu9EL54nyFAh8\"><strong>Voir ici des photos<\/strong><\/a><\/span><br \/>\n<span style=\"color: #2c5e91;\"><!--more--><\/span><\/p>\n<p style=\"text-align: justify;\"><span style=\"color: #2c5e91;\">Sabran nous accueille dans le brouillard qui se dissipe tr\u00e8s vite. Nous allons direct dire bonjour \u00e0 Ste Agathe, majestueuse statue que l\u2019on trouve \u00e0 c\u00f4t\u00e9\u00a0 de l\u2019Eglise et au milieu des ruines du ch\u00e2teau de Sabran. Cette \u00a0chapelle\u00a0 castrale date de la construction du ch\u00e2teau de la famille de Sabran\u00a0 du XI, XIIe si\u00e8cle.<\/span><br \/>\n<span style=\"color: #2c5e91;\">Descendants de Charles Martel, et de St Beno\u00eet d\u2019Aniane, cette famille\u00a0 s\u2019est illustr\u00e9e lors des croisades aux c\u00f4t\u00e9s de leur seigneur comte de Toulouse, Raymond IV\u2026 \u00a0On peut aussi \u00e9voquer\u00a0 Rainier 1<sup>er<\/sup> de Sabran et de sa femme Garsende de Forcalquier dont leurs quatre petites filles sont devenues Reines\u00a0:\u00a0 Marguerite de Provence, reine de France et \u00e9pouse de Louis IX, El\u00e9onore <em>(Ali\u00e9nor)<\/em>\u00a0 reine d\u2019Angleterre et \u00e9pouse d\u2019Henri II d\u2019Angleterre, Sancie \u00e9pouse Richard de Cornouailles qui devient roi des romains et la derni\u00e8re, celle que nous connaissons le mieux, B\u00e9atrix qui \u00e9pouse Charles d\u2019Anjou\u00a0 fr\u00e8re de Louis IX, qui devient roi de Naples et de Sicile !<\/span><br \/>\n<span style=\"color: #2c5e91;\">Ce qui est s\u00fbr, c\u2019est qu\u2019on ne peut pas parler d\u2019histoire m\u00e9di\u00e9vale sans associer Les Sabran qui avaient choisis pour domicile St Victor La Coste. Leur fief s\u2019\u00e9tendait sur les ch\u00e2tellenies de St Victor, Tresques, Cavillargues, Sabran et Montclus.<\/span><br \/>\n<span style=\"color: #2c5e91;\">Mais laissons de c\u00f4t\u00e9 l\u2019histoire pour visiter ce joli village et ensuite le quitter par un chemin qui descend assez raide pour rejoindre une rivi\u00e8re assez guillerette aujourd\u2019hui mais, qui doit \u00eatre \u00e0 sec la plupart du temps. De gros orages sont tomb\u00e9s dans le WE.<\/span><br \/>\n<span style=\"color: #2c5e91;\">Le sentier remonte au niveau du Vieux Sabran. Le ronronnement d\u2019une machine \u00e0 vendanger nous sert de bruit de fond. Nous en croisons une autre vers la Crousette. On arrive ainsi \u00e0 Charavel. Visite du village puis direction M\u00e9giers en traversant une jolie for\u00eat. On se croirait dans l\u2019Aubrac\u00a0!<\/span><br \/>\n<span style=\"color: #2c5e91;\">On croise un groupe de randonneurs\u2026 mais on les conna\u00eet bien ! Bien m\u00eame ! Il s\u2019agit du groupe des sportifs de La Culturoth\u00e8que qui, pour cette rentr\u00e9e, ont d\u00e9cid\u00e9 de faire la Sabranenque.<\/span><br \/>\n<span style=\"color: #2c5e91;\">A M\u00e9giers, notre pause repas, \u00e0 distance, nous plonge dans nos souvenirs ! Combien de temps marchons-nous ensemble ? 15, 12, 10 ans ! C\u2019est vrai que les conversations avaient chang\u00e9 lors de notre cheminement : si quelquefois on d\u00e9rivait \u00e0\u00a0 raconter nos grossesses\u2026 aujourd&rsquo;hui on se donne des tuyaux pour un r\u00e9glage optimum de nos sonotones !<\/span><br \/>\n<span style=\"color: #2c5e91;\">La suite du parcours est aussi tr\u00e8s agr\u00e9able au point de vue paysage, un peu de mont\u00e9e \u00e0 travers des vignes avant de retrouver une for\u00eat de ch\u00eanes verts et de pins tr\u00e8s rafra\u00eechissante.<\/span><br \/>\n<span style=\"color: #2c5e91;\">Il est 15 h lorsqu\u2019on quitte Sabran, tous bien heureux de ces retrouvailles et aussi la t\u00eate pleine de projets pour la suite des aventures\u00a0!<\/span><br \/>\n<span style=\"color: #2c5e91;\"><strong><u>Cotation\u00a0:<\/u><\/strong> JB2 \u2013 13.2 km \u2013 402 m d\u00e9nivel\u00e9 \u2013 13 randonneurs <em>(N\u00e9n\u00e9, Charles, Martine, Patricia, Ir\u00e8ne, Marit\u00e9, Ghislaine, Fran\u00e7oise, Eliane, Lucette, Monique, Mich\u00e8le E., \u00a0Mich\u00e8le N.)<\/em><\/span><\/p>\n","protected":false},"excerpt":{"rendered":"<p>Voir ici les photos de Fran\u00e7oise R. concernant notre randonn\u00e9e \u00e0 Sabran. Voir ici des photos<\/p>\n","protected":false},"author":1,"featured_media":5827,"comment_status":"closed","ping_status":"closed","sticky":false,"template":"","format":"standard","meta":{"footnotes":""},"categories":[4],"tags":[],"class_list":["post-5824","post","type-post","status-publish","format-standard","has-post-thumbnail","hentry","category-randonnees"],"_links":{"self":[{"href":"https:\/\/culturotheque.fr\/index.php\/wp-json\/wp\/v2\/posts\/5824","targetHints":{"allow":["GET"]}}],"collection":[{"href":"https:\/\/culturotheque.fr\/index.php\/wp-json\/wp\/v2\/posts"}],"about":[{"href":"https:\/\/culturotheque.fr\/index.php\/wp-json\/wp\/v2\/types\/post"}],"author":[{"embeddable":true,"href":"https:\/\/culturotheque.fr\/index.php\/wp-json\/wp\/v2\/users\/1"}],"replies":[{"embeddable":true,"href":"https:\/\/culturotheque.fr\/index.php\/wp-json\/wp\/v2\/comments?post=5824"}],"version-history":[{"count":7,"href":"https:\/\/culturotheque.fr\/index.php\/wp-json\/wp\/v2\/posts\/5824\/revisions"}],"predecessor-version":[{"id":5845,"href":"https:\/\/culturotheque.fr\/index.php\/wp-json\/wp\/v2\/posts\/5824\/revisions\/5845"}],"wp:featuredmedia":[{"embeddable":true,"href":"https:\/\/culturotheque.fr\/index.php\/wp-json\/wp\/v2\/media\/5827"}],"wp:attachment":[{"href":"https:\/\/culturotheque.fr\/index.php\/wp-json\/wp\/v2\/media?parent=5824"}],"wp:term":[{"taxonomy":"category","embeddable":true,"href":"https:\/\/culturotheque.fr\/index.php\/wp-json\/wp\/v2\/categories?post=5824"},{"taxonomy":"post_tag","embeddable":true,"href":"https:\/\/culturotheque.fr\/index.php\/wp-json\/wp\/v2\/tags?post=5824"}],"curies":[{"name":"wp","href":"https:\/\/api.w.org\/{rel}","templated":true}]}}