{"id":5828,"date":"2020-09-21T19:22:51","date_gmt":"2020-09-21T17:22:51","guid":{"rendered":"http:\/\/culturotheque.fr\/?p=5828"},"modified":"2020-09-23T10:59:02","modified_gmt":"2020-09-23T08:59:02","slug":"la-sabranenque","status":"publish","type":"post","link":"https:\/\/culturotheque.fr\/index.php\/2020\/09\/21\/la-sabranenque\/","title":{"rendered":"La Sabranenque"},"content":{"rendered":"<p style=\"text-align: justify;\"><a href=\"https:\/\/photos.app.goo.gl\/fRUM3LagY26S6mvs6\"><span style=\"color: #23588c;\"><strong>Voir ici les photos de Maryline concernant la Randonn\u00e9e \u00e0 Combe\/Sabran<\/strong><\/span><\/a><br \/>\n<!--more--><\/p>\n<p style=\"text-align: justify;\"><span style=\"color: #23588c;\">Au d\u00e9part \u00e0 8 h 00 nous \u00e9tions heureux de nous retrouver. Nous sommes partis avec deux voitures, Covid oblige.<\/span><br \/>\n<span style=\"color: #23588c;\">La m\u00e9t\u00e9o \u00e9tait agr\u00e9able surtout apr\u00e8s les pluies du week-end. Il a m\u00eame fait chaud l&rsquo;apr\u00e8s-midi.<\/span><br \/>\n<span style=\"color: #23588c;\">Nous sommes partis de l&rsquo;\u00e9glise de Combe d&rsquo;un bon pas pour faire nos 18 km . Le d\u00e9part s&rsquo;est av\u00e9r\u00e9 \u00e9vident.<\/span><br \/>\n<span style=\"color: #23588c;\">D&rsquo;entr\u00e9e nous avons eu une zone bois\u00e9e qui nous a amen\u00e9 vers le Cros o\u00f9 nos n&rsquo;avons pas pu r\u00e9sister aux ch\u00e8vres qui nous regardaient. La descente vers Cadignac \u00e9tait rapide et agr\u00e9able avec un chemin bois\u00e9 et sableux. Nous pensions retrouver l&rsquo;autre groupe un peu plus loin , mais rien en vue. Au domaine de Lascamp nous avons admir\u00e9 les belles grappes de raisin, certaines \u00e9taient plus sucr\u00e9es que d&rsquo;autres. Trop tentant. Mais c&rsquo;\u00e9tait bon.<\/span><br \/>\n<span style=\"color: #23588c;\">A M\u00e9giers petite pause dans ce beau village : des petites rues, des maisons en pierre et une belle \u00e9glise avec un muret en pierre, id\u00e9al pour cette petite pause.<\/span><br \/>\n<span style=\"color: #23588c;\">D\u00e9marrage vers la croix de Saint-Castor. En fait nous avons crois\u00e9 pas mal de croix jusqu&rsquo;\u00e0 Sabran.<\/span><br \/>\n<span style=\"color: #23588c;\">Et l\u00e0 alors que nous attaquions un beau sentier montant \u00ab\u00a0q<\/span><em><span style=\"color: #23588c;\">ui voyons nous arriver \u00e0 notre rencontre <\/span><\/em><span style=\"color: #23588c;\">?\u00a0\u00bb : l&rsquo;autre groupe. Ils \u00e9taient bien plus nombreux. Quelques mots \u00e9chang\u00e9s et chacun a repris sa route.<\/span><br \/>\n<span style=\"color: #23588c;\">Juste avant Chavarel en haut pause repas dans la bonne humeur et en respectant plus ou moins les 20 mn de sieste d&rsquo;un certain quidam.<\/span><br \/>\n<span style=\"color: #23588c;\">Plus loin apr\u00e8s Chavarel, la Crousette, la Tune il y avait le pont. Moins une que l&rsquo;on ne rate le passage sous le pont \u00e0 droite. Mais on l&rsquo;a vu in-extr\u00e9miste. C&rsquo;est quant m\u00eame bon.<\/span><br \/>\n<span style=\"color: #23588c;\">Poursuite dans le bois et le ruisseau que je craignait suite aux pluies. Il y avait un pont. Ouf !<\/span><br \/>\n<span style=\"color: #23588c;\">La mont\u00e9e vers Sabran a \u00e9t\u00e9 la partie la plus dure. Un bon kilom\u00e8tre en fin de parcours c&rsquo;est usant. Sabran ! ces petites rues, les escaliers, la statue en haut, la vue 360\u00b0 des alentours. Pas mal .<\/span><br \/>\n<span style=\"color: #23588c;\">Avant le cimeti\u00e8re nous avons repris un sentier vers Auzibouzique . C&rsquo;est top chouette ce nom . Il me rappelle que je suis s\u00e9tois et qu&rsquo;en face il y a Bouzigue, la capitale de l&rsquo;huitre !!!!!<\/span><br \/>\n<span style=\"color: #23588c;\">Sur notre chemin nous avons crois\u00e9 une ferme bio avec son c\u00e9l\u00e8bre panneau \u00ab\u00a0<em>Travers\u00e9e de poule<\/em>\u00ab\u00a0. On a continu\u00e9 notre chemin vers Combe avec cette derni\u00e8re image en t\u00eate.<\/span><br \/>\n<span style=\"color: #23588c;\">Pour finir je voudrais dire un grand merci \u00e0 ceux qui m&rsquo;ont suivi et parfois devanc\u00e9. Merci.<\/span><\/p>\n<p style=\"text-align: right;\"><span style=\"color: #23588c;\"><em>Rapha\u00ebl<\/em><\/span><\/p>\n<p style=\"text-align: justify;\"><span style=\"color: #23588c;\"><strong><span style=\"text-decoration: underline;\">Cotation :\u00a0<\/span><\/strong> JB4\u00a0 &#8211; 18 km &#8211; 650 m d\u00e9nivel\u00e9 &#8211; 6 randonneurs\u00a0 <em>(Brigitte D., Catherine, Marilyne, Yves, Didier et Rapha\u00ebl).<\/em><\/span><\/p>\n","protected":false},"excerpt":{"rendered":"<p>Voir ici les photos de Maryline concernant la Randonn\u00e9e \u00e0 Combe\/Sabran<\/p>\n","protected":false},"author":1,"featured_media":5841,"comment_status":"closed","ping_status":"closed","sticky":false,"template":"","format":"standard","meta":{"footnotes":""},"categories":[4],"tags":[],"class_list":["post-5828","post","type-post","status-publish","format-standard","has-post-thumbnail","hentry","category-randonnees"],"_links":{"self":[{"href":"https:\/\/culturotheque.fr\/index.php\/wp-json\/wp\/v2\/posts\/5828","targetHints":{"allow":["GET"]}}],"collection":[{"href":"https:\/\/culturotheque.fr\/index.php\/wp-json\/wp\/v2\/posts"}],"about":[{"href":"https:\/\/culturotheque.fr\/index.php\/wp-json\/wp\/v2\/types\/post"}],"author":[{"embeddable":true,"href":"https:\/\/culturotheque.fr\/index.php\/wp-json\/wp\/v2\/users\/1"}],"replies":[{"embeddable":true,"href":"https:\/\/culturotheque.fr\/index.php\/wp-json\/wp\/v2\/comments?post=5828"}],"version-history":[{"count":7,"href":"https:\/\/culturotheque.fr\/index.php\/wp-json\/wp\/v2\/posts\/5828\/revisions"}],"predecessor-version":[{"id":5844,"href":"https:\/\/culturotheque.fr\/index.php\/wp-json\/wp\/v2\/posts\/5828\/revisions\/5844"}],"wp:featuredmedia":[{"embeddable":true,"href":"https:\/\/culturotheque.fr\/index.php\/wp-json\/wp\/v2\/media\/5841"}],"wp:attachment":[{"href":"https:\/\/culturotheque.fr\/index.php\/wp-json\/wp\/v2\/media?parent=5828"}],"wp:term":[{"taxonomy":"category","embeddable":true,"href":"https:\/\/culturotheque.fr\/index.php\/wp-json\/wp\/v2\/categories?post=5828"},{"taxonomy":"post_tag","embeddable":true,"href":"https:\/\/culturotheque.fr\/index.php\/wp-json\/wp\/v2\/tags?post=5828"}],"curies":[{"name":"wp","href":"https:\/\/api.w.org\/{rel}","templated":true}]}}