{"id":5850,"date":"2020-09-23T18:49:43","date_gmt":"2020-09-23T16:49:43","guid":{"rendered":"http:\/\/culturotheque.fr\/?p=5850"},"modified":"2020-09-23T19:22:37","modified_gmt":"2020-09-23T17:22:37","slug":"la-font-de-labbe-2","status":"publish","type":"post","link":"https:\/\/culturotheque.fr\/index.php\/2020\/09\/23\/la-font-de-labbe-2\/","title":{"rendered":"La Font de l&rsquo;Abb\u00e9"},"content":{"rendered":"<p><a href=\"https:\/\/photos.app.goo.gl\/2pWfuceH4Mm4qd7D6\"><span style=\"color: #3a6da1;\"><strong>Voir ici les photos de notre randonn\u00e9e \u00e0 Courbessac<\/strong><\/span><\/a><br \/>\n<!--more--><\/p>\n<p style=\"text-align: justify;\">Nous nous garons sur un parking pr\u00e8s de l\u2019\u00e9cole de Courbessac, on passe devant l\u2019arr\u00eat de bus et l\u2019on prend la direction nord\u2026 Nous voici au niveau du panneau des \u00ab\u00a0Ambassadeurs\u00a0\u00bb qui nous invite \u00e0 longer une olivette, on passe sur un petit pont. Heureusement qu\u2019il est l\u00e0 car il y a de l\u2019eau dans le ruisseau\u2026<br \/>\nOn arrive au parking am\u00e9nag\u00e9 pour les randonneurs avec un sentier qui monte tout doucement\u00a0 jusqu\u2019au panneau \u00ab\u00a0Mas Demouri\u00e8s\u00a0\u00bb, et apr\u00e8s avoir suivi une piste on arrive au niveau d\u2019une capitelle. Le site est bucolique, enchanteur et nous offre une vue vers le Sud, on est au Serre de Font Aubane. Un peu plus loin d\u2019autres constructions en pierre s\u00e8ches et un panneau nous informe qu\u2019il s\u2019agirait d\u2019un lieu am\u00e9nag\u00e9 pour des \u00e9coles de taille de pierre ou de construction en pierre. Un petit aller\/retour pour rep\u00e9rer le terrain militaire et nous reprenons le balisage qui nous entra\u00eene dans un village entier de capitelles, enclos, puits, le tout bien entretenu.<br \/>\nIl fait encore chaud, mais les sentiers ombrag\u00e9s sont les bienvenus et une petite brise fra\u00eeche nous r\u00e9conforte.<br \/>\nApr\u00e8s une boucle nous arrivons \u00e0 un quartier habit\u00e9 puis nous bifurquons \u00a0quelques m\u00e8tres plus loin \u00e0 droite, une longue mont\u00e9e nous invite \u00e0 une pause boisson puis on fait un aller\/retour jusqu\u2019\u00e0 une tour h\u00e9lico\u00efdale malheureusement inaccessible aujourd\u2019hui\u00a0: elle nous aurait offert un beau panorama.<br \/>\nOn est vite consol\u00e9 \u00e0 la Font de l\u2019Abb\u00e9. Une importante fontaine bien prot\u00e9g\u00e9e par des murs assez hauts qui cachent un toit de lauzes. Les grilles sont ferm\u00e9es \u00e0 cl\u00e9.<br \/>\nMais quelle bonne id\u00e9e on a eu de participer \u00e0 cette balade pour voir tous ces sites fabuleux !<br \/>\nCe n\u2019est pas termin\u00e9, on continue en suivant le ruisseau de la fontaine qui nous am\u00e8ne \u00e0 un petit bassin qui devait, \u00e0 une \u00e9poque, faire le bonheur des lavandi\u00e8res qui venaient y rincer leur linge. Il est surmont\u00e9 d\u2019un mazet. Les poissons rouges sont heureux : ils ont de l\u2019eau fra\u00eeche depuis ce Week-end.<br \/>\nOn s\u2019enfonce \u00e0 nouveau dans la garrigue pour y d\u00e9couvrir une construction qui semble \u00eatre une chapelle, mais ce n\u2019est pas bien d\u00e9fini. Plus loin c\u2019est une tour h\u00e9lico\u00efdale en ruine puis une autre bien r\u00e9nov\u00e9e.\u00a0 La vue est assez belle \u00e0 son sommet. On se pose des questions\u00a0: \u00e0 quoi servaient ces tours\u00a0? Tour de Guet\u00a0peut-\u00eatre\u2026<br \/>\nOn s\u2019en retourne par le chemin par lequel on \u00e9tait venu mais avant de reprendre les voitures on va visiter l\u2019\u00e9glise de Courbessac. C\u2019est vrai on ne conna\u00eet pas ce village. Mais est-ce vraiment un village ou un quartier de N\u00eemes. Effectivement Courbessac est administrativement rattach\u00e9 \u00e0 la commune de N\u00eemes dont il constitue un quartier. Il poss\u00e8de n\u00e9anmoins une mairie annexe et des conseillers municipaux.<br \/>\nL\u2019\u00e9glise St-Jean-Baptise est ferm\u00e9e. Il s\u2019agit une \u00e9glise romane du XIe si\u00e8cle dont la premi\u00e8re mention remonte \u00e0 1119 et agrandie entre le XVe et XVIIIe si\u00e8cle.<br \/>\nNous trainons un peu les pieds pour reprendre les v\u00e9hicules\u2026 c\u2019est vrai qu\u2019on passe de vraiment bons moments tous ensemble.<br \/>\n<strong><u>Cotation<\/u><\/strong>\u00a0: DJB2 \u2013 8.5 km \u2013 220 m d\u00e9nivel\u00e9 (mais beaucoup de sites \u00e0 visiter\u00a0!) \u2013 11 randonneurs <em>(Mich\u00e8le E., Solange, Catherine, Monique, Agn\u00e8s, Ghislaine, Mich\u00e8le N., Rapha\u00ebl, Philippe, Dominique et Jean-Marie)<\/em><\/p>\n","protected":false},"excerpt":{"rendered":"<p>Voir ici les photos de notre randonn\u00e9e \u00e0 Courbessac<\/p>\n","protected":false},"author":1,"featured_media":5854,"comment_status":"closed","ping_status":"closed","sticky":false,"template":"","format":"standard","meta":{"footnotes":""},"categories":[4],"tags":[],"class_list":["post-5850","post","type-post","status-publish","format-standard","has-post-thumbnail","hentry","category-randonnees"],"_links":{"self":[{"href":"https:\/\/culturotheque.fr\/index.php\/wp-json\/wp\/v2\/posts\/5850","targetHints":{"allow":["GET"]}}],"collection":[{"href":"https:\/\/culturotheque.fr\/index.php\/wp-json\/wp\/v2\/posts"}],"about":[{"href":"https:\/\/culturotheque.fr\/index.php\/wp-json\/wp\/v2\/types\/post"}],"author":[{"embeddable":true,"href":"https:\/\/culturotheque.fr\/index.php\/wp-json\/wp\/v2\/users\/1"}],"replies":[{"embeddable":true,"href":"https:\/\/culturotheque.fr\/index.php\/wp-json\/wp\/v2\/comments?post=5850"}],"version-history":[{"count":3,"href":"https:\/\/culturotheque.fr\/index.php\/wp-json\/wp\/v2\/posts\/5850\/revisions"}],"predecessor-version":[{"id":5853,"href":"https:\/\/culturotheque.fr\/index.php\/wp-json\/wp\/v2\/posts\/5850\/revisions\/5853"}],"wp:featuredmedia":[{"embeddable":true,"href":"https:\/\/culturotheque.fr\/index.php\/wp-json\/wp\/v2\/media\/5854"}],"wp:attachment":[{"href":"https:\/\/culturotheque.fr\/index.php\/wp-json\/wp\/v2\/media?parent=5850"}],"wp:term":[{"taxonomy":"category","embeddable":true,"href":"https:\/\/culturotheque.fr\/index.php\/wp-json\/wp\/v2\/categories?post=5850"},{"taxonomy":"post_tag","embeddable":true,"href":"https:\/\/culturotheque.fr\/index.php\/wp-json\/wp\/v2\/tags?post=5850"}],"curies":[{"name":"wp","href":"https:\/\/api.w.org\/{rel}","templated":true}]}}