{"id":5882,"date":"2020-09-28T19:22:05","date_gmt":"2020-09-28T17:22:05","guid":{"rendered":"http:\/\/culturotheque.fr\/?p=5882"},"modified":"2020-10-06T10:00:40","modified_gmt":"2020-10-06T08:00:40","slug":"roc-de-gachone","status":"publish","type":"post","link":"https:\/\/culturotheque.fr\/index.php\/2020\/09\/28\/roc-de-gachone\/","title":{"rendered":"Roc de Gachone"},"content":{"rendered":"<p><span style=\"color: #224466;\"><a style=\"color: #224466;\" href=\"https:\/\/photos.app.goo.gl\/94xu8TQq1V3uv2c36\"><strong>Voir ici les photos de notre randonn\u00e9e \u00e0 Calvisson.<\/strong><\/a><\/span><br \/>\n<strong><span style=\"color: #224466;\"><a style=\"color: #224466;\" href=\"https:\/\/photos.app.goo.gl\/kpgjQPpYhjYrHPa88\">Voir ici les photos de Fran\u00e7oise.<\/a><\/span><\/strong><br \/>\n<span style=\"color: #224466;\"><!--more--><\/span><\/p>\n<p style=\"text-align: justify;\"><span style=\"color: #224466;\">Comit\u00e9 d\u2019accueil au complet \u00e0 Calvisson, ce matin : la pluie et le froid. Une petite laine et on va visiter l\u2019\u00e9glise de St Saturnin. D\u2019origine romane elle a \u00e9t\u00e9 remani\u00e9e \u00e0 la fin du XVe si\u00e8cle dans le style gothique et a \u00e9t\u00e9 bien endommag\u00e9e au cours des guerres de religions, notamment la guerre des Camisards. A l\u2019int\u00e9rieur nous trouvons les fonts baptismaux du XVIe si\u00e8cle\u00a0 inscrits au patrimoine mais, m\u00eame en cherchant bien on ne retrouve pas le tableau repr\u00e9sentant le <em>Mariage mystique de Ste Catherine d\u2019Alexandrie<\/em> d\u2019apr\u00e8s Le Corr\u00e8ge.<\/span><br \/>\n<span style=\"color: #224466;\">On quitte l\u2019\u00e9glise pour admirer, en face, la Maison Margarot, demeure de\u00a0 style Louis XV construite en 1745. On y remarque les ferronneries ouvrag\u00e9es\u00a0 des balcons, la richesse des menuiseries des portes et des modillons passablement abim\u00e9s par le temps.<\/span><br \/>\n<span style=\"color: #224466;\">C\u2019est par un chemin tr\u00e8s \u00e9troit, entre deux murs, que nous continuons nos d\u00e9couvertes pour rejoindre le Temple de style n\u00e9oclassique construit en 1861 sur l\u2019emplacement de celui qui a \u00e9t\u00e9 d\u00e9moli lors de l\u2019\u00e9dit de Nantes. On admire le puissant portique \u00e0 colonnade de style dorique <em>(voire toscan d\u2019apr\u00e8s les expert !)<\/em> surmont\u00e9 d\u2019un vaste fronton triangulaire orn\u00e9 de triglyphes et m\u00e9topes.<\/span><br \/>\n<span style=\"color: #224466;\">Les halles interrogent tout autant. Style Art Nouveau ? Il s\u2019agit d\u2019un quadrilat\u00e8re \u00e0 5 trav\u00e9es et arcades typique de la fin XIXe si\u00e8cle avec une armature m\u00e9tallique (<em>type Baltard<\/em> !) avec un soubassement de briques rouges.<\/span><br \/>\n<span style=\"color: #224466;\">Fiers de ces belles d\u00e9couvertes ont peut maintenant s\u2019engager sur notre chemin de randonn\u00e9e.<\/span><br \/>\n<span style=\"color: #224466;\">Tiens mais quel est donc ce petit sentier qui monte jusqu\u2019\u00e0 un arr\u00eat de bus ?<\/span><br \/>\n<span style=\"color: #224466;\">Maintenant nous cheminons tranquillement jusqu\u2019\u00e0 Cante Perdrix \u00e0 travers une garrigue bien sympathique puis on prend une large piste qui monte \u00e0 Chantale Haute puis redescendons \u00e0 Chantale Basse o\u00f9 nous passons le long d\u2019une manade de taureaux (<em>sans taureaux\u00a0!)<\/em> pour revenir \u00e0 Valcaude, le Puech Monceau et reprendre le sentier du d\u00e9part pour le laisser au pied d\u2019une colline qui nous invite \u00e0 la grimpette.<\/span><br \/>\n<span style=\"color: #224466;\">Le soleil est revenu depuis un bon moment, nous avons retrouv\u00e9 nos v\u00eatements d\u2019\u00e9t\u00e9 ! Les conversations sont agr\u00e9ables, on se l\u00e8che les babines \u00e0 l\u2019\u00e9vocation de nombreuses recettes de cuisine et, oui, on a bien fait notre pause d\u00e9jeuner.<\/span><br \/>\n<span style=\"color: #224466;\">Pour revenir \u00e0 notre grimpette, elle\u00a0 nous entra\u00eene \u00a0\u00e0 l\u2019int\u00e9rieur de l\u2019enceinte de ce qui reste du ch\u00e2teau. \u00a0En 1304, le roi Philippe IV le Bel \u00a0a fait de Guillaume de Nogaret le seigneur de Calvisson et de la Vaunage. Ce dernier prend ainsi possession d&rsquo;un ch\u00e2teau \u00e9difi\u00e9 au XI<sup>e<\/sup>\u00a0si\u00e8cle sur un promontoire dominant cette colline. Ce ch\u00e2teau fort imposant disposait, \u00e0 l&rsquo;origine, de deux puissantes tours d&rsquo;environ 20 m\u00e8tres de hauteur ainsi que d&rsquo;une grande salle de 27 m\u00e8tres de longueur poss\u00e9dant une belle voute en berceau, entre autres&#8230; Compl\u00e8tement d\u00e9mantel\u00e9 durant les guerres de religions au XVI<sup>e<\/sup> si\u00e8cle, il ne sera jamais relev\u00e9 de ses ruines, servant m\u00eame de carri\u00e8re aux habitants du village. En 1714, un moulin \u00e0 vent est \u00e9difi\u00e9 au sommet de la butte qui abritait jadis ce ch\u00e2teau. \u00a0On est curieux de savoir ce qui se trouve \u00e0 son sommet\u00a0 ? En fait la\u00a0 coupole circulaire est surmont\u00e9e d&rsquo;une urne en fonte de fer.<\/span><br \/>\n<span style=\"color: #224466;\">Nous continuons\u00a0 un sentier \u00e9troit qui monte sur le site du Roc de Gachone o\u00f9 nous trouvons les trois moulins qui surplombent la plaine de la Vaunage. On grimpe sur le moulin qui a servi \u00e0 la fin du XVIIIe si\u00e8cle \u00e0 Cassini pour l\u2019\u00e9laboration de sa fameuse carte du Languedoc. Ce moulin abrite aussi le tombeau de deux amis aveugles depuis 1880. <\/span><br \/>\n<span style=\"color: #224466;\">Le site, plant\u00e9 de cypr\u00e8s et pins autour des restes de pans de murs m\u00e9di\u00e9vaux et de l&rsquo;ancien moulin, conf\u00e9rent aujourd&rsquo;hui \u00e0 l&rsquo;endroit un cadre particuli\u00e8rement romantique et pittoresque. <\/span><br \/>\n<span style=\"color: #224466;\">Nous avons une vue circulaire sur toute notre r\u00e9gion : on rep\u00e8re bien les Alpilles et la chemin\u00e9e d&rsquo;Aramon mais aussi le Luberon, le Mont Bouquet, le Pic St Loup et l&rsquo;Hortus en face&#8230; sans oublier la mer !<\/span><br \/>\n<span style=\"color: #224466;\">C\u2019est \u00e0 cet endroit que nous rencontrons notre \u00e9quipe de randonneurs \u00ab\u00a0sportifs\u00a0\u00bb\u00a0! C\u2019est toujours un plaisir de se croiser lors des balades\u2026 on peut ainsi \u00e9changer sur nos impressions m\u00eame si nos parcours sont diff\u00e9rents\u00a0!<\/span><br \/>\n<span style=\"color: #224466;\">Apr\u00e8s ce petit interm\u00e8de on reprend notre circuit qui nous ram\u00e8ne \u00e0 Calvisson. Un arr\u00eat devant un joli lavoir, un des nombreux lavoirs de Calvisson avant de rejoindre notre parking du d\u00e9part.<\/span><br \/>\n<span style=\"color: #224466;\">Encore une belle journ\u00e9e avec une randonn\u00e9e riche et int\u00e9ressante et qui a donn\u00e9 \u00e0 plusieurs l\u2019envie de revenir visiter cette r\u00e9gion.<\/span><br \/>\n<span style=\"color: #224466;\"><span style=\"text-decoration: underline;\"><strong>Cotation<\/strong><\/span> : B2 &#8211; 12.4 km &#8211; 450 m d\u00e9nivel\u00e9 &#8211; 15 randonneurs<em> (N\u00e9n\u00e9, Charles, Yvan, Claudine, Maryse, Patricia, Martine, Ir\u00e8ne, Fran\u00e7oise, Betty, Monique, Mich\u00e8le E., Eliane, Odile, Mich\u00e8le N.)<\/em><\/span><\/p>\n","protected":false},"excerpt":{"rendered":"<p>Voir ici les photos de notre randonn\u00e9e \u00e0 Calvisson. Voir ici les photos de Fran\u00e7oise.<\/p>\n","protected":false},"author":1,"featured_media":5884,"comment_status":"closed","ping_status":"closed","sticky":false,"template":"","format":"standard","meta":{"footnotes":""},"categories":[4],"tags":[],"class_list":["post-5882","post","type-post","status-publish","format-standard","has-post-thumbnail","hentry","category-randonnees"],"_links":{"self":[{"href":"https:\/\/culturotheque.fr\/index.php\/wp-json\/wp\/v2\/posts\/5882","targetHints":{"allow":["GET"]}}],"collection":[{"href":"https:\/\/culturotheque.fr\/index.php\/wp-json\/wp\/v2\/posts"}],"about":[{"href":"https:\/\/culturotheque.fr\/index.php\/wp-json\/wp\/v2\/types\/post"}],"author":[{"embeddable":true,"href":"https:\/\/culturotheque.fr\/index.php\/wp-json\/wp\/v2\/users\/1"}],"replies":[{"embeddable":true,"href":"https:\/\/culturotheque.fr\/index.php\/wp-json\/wp\/v2\/comments?post=5882"}],"version-history":[{"count":6,"href":"https:\/\/culturotheque.fr\/index.php\/wp-json\/wp\/v2\/posts\/5882\/revisions"}],"predecessor-version":[{"id":5900,"href":"https:\/\/culturotheque.fr\/index.php\/wp-json\/wp\/v2\/posts\/5882\/revisions\/5900"}],"wp:featuredmedia":[{"embeddable":true,"href":"https:\/\/culturotheque.fr\/index.php\/wp-json\/wp\/v2\/media\/5884"}],"wp:attachment":[{"href":"https:\/\/culturotheque.fr\/index.php\/wp-json\/wp\/v2\/media?parent=5882"}],"wp:term":[{"taxonomy":"category","embeddable":true,"href":"https:\/\/culturotheque.fr\/index.php\/wp-json\/wp\/v2\/categories?post=5882"},{"taxonomy":"post_tag","embeddable":true,"href":"https:\/\/culturotheque.fr\/index.php\/wp-json\/wp\/v2\/tags?post=5882"}],"curies":[{"name":"wp","href":"https:\/\/api.w.org\/{rel}","templated":true}]}}