{"id":5907,"date":"2020-09-30T18:39:09","date_gmt":"2020-09-30T16:39:09","guid":{"rendered":"http:\/\/culturotheque.fr\/?p=5907"},"modified":"2020-10-28T08:00:28","modified_gmt":"2020-10-28T07:00:28","slug":"la-sartanette-2","status":"publish","type":"post","link":"https:\/\/culturotheque.fr\/index.php\/2020\/09\/30\/la-sartanette-2\/","title":{"rendered":"La Sartanette"},"content":{"rendered":"<p><a href=\"https:\/\/photos.app.goo.gl\/iHczyorHPhwsDt1f9\">Voir ici les photos de Philippe concernant la randonn\u00e9e \u00e0 Remoulins.<\/a><br \/>\n<!--more--><br \/>\n<span style=\"color: #99ccff;\">En attente du Compte-rendu.<\/span><\/p>\n<p><span style=\"color: #99ccff;\">Cotation : DJB2 &#8211; 9.2 km &#8211; 235 m d\u00e9nivel\u00e9 &#8211; 12 randonneurs <em>(Dominique L., Agn\u00e8s, Ghislaine, Jocelyne, Fran\u00e7oise D., Christian, Jean-Marie, Mich\u00e8le E., Rapha\u00ebl, Betty, Lucette, Philippe)<\/em><\/span><\/p>\n","protected":false},"excerpt":{"rendered":"<p>Voir ici les photos de Philippe concernant la randonn\u00e9e \u00e0 Remoulins.<\/p>\n","protected":false},"author":1,"featured_media":5953,"comment_status":"closed","ping_status":"closed","sticky":false,"template":"","format":"standard","meta":{"footnotes":""},"categories":[4],"tags":[],"class_list":["post-5907","post","type-post","status-publish","format-standard","has-post-thumbnail","hentry","category-randonnees"],"_links":{"self":[{"href":"https:\/\/culturotheque.fr\/index.php\/wp-json\/wp\/v2\/posts\/5907","targetHints":{"allow":["GET"]}}],"collection":[{"href":"https:\/\/culturotheque.fr\/index.php\/wp-json\/wp\/v2\/posts"}],"about":[{"href":"https:\/\/culturotheque.fr\/index.php\/wp-json\/wp\/v2\/types\/post"}],"author":[{"embeddable":true,"href":"https:\/\/culturotheque.fr\/index.php\/wp-json\/wp\/v2\/users\/1"}],"replies":[{"embeddable":true,"href":"https:\/\/culturotheque.fr\/index.php\/wp-json\/wp\/v2\/comments?post=5907"}],"version-history":[{"count":4,"href":"https:\/\/culturotheque.fr\/index.php\/wp-json\/wp\/v2\/posts\/5907\/revisions"}],"predecessor-version":[{"id":5952,"href":"https:\/\/culturotheque.fr\/index.php\/wp-json\/wp\/v2\/posts\/5907\/revisions\/5952"}],"wp:featuredmedia":[{"embeddable":true,"href":"https:\/\/culturotheque.fr\/index.php\/wp-json\/wp\/v2\/media\/5953"}],"wp:attachment":[{"href":"https:\/\/culturotheque.fr\/index.php\/wp-json\/wp\/v2\/media?parent=5907"}],"wp:term":[{"taxonomy":"category","embeddable":true,"href":"https:\/\/culturotheque.fr\/index.php\/wp-json\/wp\/v2\/categories?post=5907"},{"taxonomy":"post_tag","embeddable":true,"href":"https:\/\/culturotheque.fr\/index.php\/wp-json\/wp\/v2\/tags?post=5907"}],"curies":[{"name":"wp","href":"https:\/\/api.w.org\/{rel}","templated":true}]}}