{"id":5909,"date":"2020-10-12T18:41:18","date_gmt":"2020-10-12T16:41:18","guid":{"rendered":"http:\/\/culturotheque.fr\/?p=5909"},"modified":"2020-10-28T08:00:08","modified_gmt":"2020-10-28T07:00:08","slug":"le-chateau-dallegre-2","status":"publish","type":"post","link":"https:\/\/culturotheque.fr\/index.php\/2020\/10\/12\/le-chateau-dallegre-2\/","title":{"rendered":"Le ch\u00e2teau d&rsquo;All\u00e8gre"},"content":{"rendered":"<p><span style=\"color: #245d96;\"><a style=\"color: #245d96;\" href=\"https:\/\/1drv.ms\/u\/s!AmQH719VFDtegetASLbKaZAJpVd6fQ?e=4Ehecv\">Voir ici les photos de Marie-Jeanne concernant notre randonn\u00e9e \u00e0 Rivi\u00e8res.<\/a><\/span><br \/>\n<span style=\"color: #245d96;\"><!--more--><\/span><\/p>\n<p style=\"text-align: justify;\"><span style=\"color: #245d96;\">Tr\u00e8s belle rando aujourd&rsquo;hui malgr\u00e9 le vent, nous \u00e9tions un petit groupe, c&rsquo;\u00e9tait bien sympa. Voici ci-apr\u00e8s les quelques photos que j&rsquo;ai prises.<\/span><br \/>\n<span style=\"color: #245d96;\"><em>Marie-Jeanne.<\/em><\/span><\/p>\n<p style=\"text-align: justify;\"><span style=\"color: #245d96;\">J&rsquo;ai rencontr\u00e9 quelques randonneurs, sur le parking, au retour : tous tr\u00e8s heureux de cette belle randonn\u00e9e. Certes les paysages, le soleil, le ch\u00e2teau, la chapelle et aussi le bouc, mais tous on \u00e9t\u00e9 enchant\u00e9 de retrouver N\u00e9n\u00e9 aux commandes !<br \/>\nToujours la m\u00eame ambiance et le partage de moments chaleureux ! <\/span><br \/>\n<span style=\"color: #245d96;\">Merci N\u00e9n\u00e9&#8230;<\/span><br \/>\n<span style=\"color: #245d96;\"><span style=\"text-decoration: underline;\"><strong>Cotation <\/strong><\/span><strong>: \u00a0 <\/strong>JB2 &#8211; 12 km &#8211; 355 m d\u00e9nivel\u00e9 &#8211; 13 Randonneurs <em>(Marie-Jeanne, Cathy, Betty, Mich\u00e8le E., Monique, Yvan, Claudine, Patrick, Charles, Ghislaine, Martine L., Maryse, N\u00e9n\u00e9)<\/em><\/span><\/p>\n","protected":false},"excerpt":{"rendered":"<p>Voir ici les photos de Marie-Jeanne concernant notre randonn\u00e9e \u00e0 Rivi\u00e8res.<\/p>\n","protected":false},"author":1,"featured_media":5914,"comment_status":"closed","ping_status":"closed","sticky":false,"template":"","format":"standard","meta":{"footnotes":""},"categories":[4],"tags":[],"class_list":["post-5909","post","type-post","status-publish","format-standard","has-post-thumbnail","hentry","category-randonnees"],"_links":{"self":[{"href":"https:\/\/culturotheque.fr\/index.php\/wp-json\/wp\/v2\/posts\/5909","targetHints":{"allow":["GET"]}}],"collection":[{"href":"https:\/\/culturotheque.fr\/index.php\/wp-json\/wp\/v2\/posts"}],"about":[{"href":"https:\/\/culturotheque.fr\/index.php\/wp-json\/wp\/v2\/types\/post"}],"author":[{"embeddable":true,"href":"https:\/\/culturotheque.fr\/index.php\/wp-json\/wp\/v2\/users\/1"}],"replies":[{"embeddable":true,"href":"https:\/\/culturotheque.fr\/index.php\/wp-json\/wp\/v2\/comments?post=5909"}],"version-history":[{"count":6,"href":"https:\/\/culturotheque.fr\/index.php\/wp-json\/wp\/v2\/posts\/5909\/revisions"}],"predecessor-version":[{"id":6033,"href":"https:\/\/culturotheque.fr\/index.php\/wp-json\/wp\/v2\/posts\/5909\/revisions\/6033"}],"wp:featuredmedia":[{"embeddable":true,"href":"https:\/\/culturotheque.fr\/index.php\/wp-json\/wp\/v2\/media\/5914"}],"wp:attachment":[{"href":"https:\/\/culturotheque.fr\/index.php\/wp-json\/wp\/v2\/media?parent=5909"}],"wp:term":[{"taxonomy":"category","embeddable":true,"href":"https:\/\/culturotheque.fr\/index.php\/wp-json\/wp\/v2\/categories?post=5909"},{"taxonomy":"post_tag","embeddable":true,"href":"https:\/\/culturotheque.fr\/index.php\/wp-json\/wp\/v2\/tags?post=5909"}],"curies":[{"name":"wp","href":"https:\/\/api.w.org\/{rel}","templated":true}]}}