{"id":5918,"date":"2020-10-12T20:49:23","date_gmt":"2020-10-12T18:49:23","guid":{"rendered":"http:\/\/culturotheque.fr\/?p=5918"},"modified":"2020-10-12T20:52:54","modified_gmt":"2020-10-12T18:52:54","slug":"la-tour-des-opies","status":"publish","type":"post","link":"https:\/\/culturotheque.fr\/index.php\/2020\/10\/12\/la-tour-des-opies\/","title":{"rendered":"La tour des Opi\u00e8s"},"content":{"rendered":"<p style=\"text-align: justify;\"><!--more--><br \/>\nLa Tour des Opies est le point culminant de la cha\u00eene des Alpilles. Elle culmine \u00e0 498m et offre un panorama \u00e0 360\u00b0 sur la plaine de la Durance, du Rh\u00f4ne, le Comtat Venaissin, la plaine de Camargue et celle de la Crau jusqu&rsquo;\u00e0 l&rsquo;\u00e9tang de Berre : Voil\u00e0 notre but.<br \/>\nLes Opies, c&rsquo;est le sommet en face \u00e0 480m.<br \/>\nPar cette journ\u00e9e ensoleill\u00e9e mais vent\u00e9e par notre Mistral nous laissons derri\u00e8re nous les ruines du ch\u00e2teau d&rsquo;Aureille (12i\u00e8me si\u00e8cle) pour nous engager sur le GR6 en direction d&rsquo;Eygui\u00e8res.<br \/>\nA mi-chemin nous faisons une halte au lieu dit La Romani\u00e8re o\u00f9 se trouvent les ruines d&rsquo;une ancienne bergerie. C&rsquo;est une belle construction en pierre qui fait le dos rond au Mistral . C&rsquo;est une bergerie du 16i\u00e8me ou du 17i\u00e8me si\u00e8cle que les animaux et les bergers ont d\u00e9sert\u00e9e depuis longtemps.<br \/>\nNous reprenons notre route vers Eygui\u00e8res et ses ar\u00e8nes.<br \/>\nEygui\u00e8res, o\u00f9 l&rsquo;eau coule par toutes les fontaines et les canaux, n&rsquo;a jamais manqu\u00e9 d&rsquo;eau gr\u00e2ce \u00e0 3 sources dont celle de Borme est la plus importante.<br \/>\nVers 1930 un n\u00e9gociant en foin finan\u00e7a la construction d&rsquo;ar\u00e8nes dans un ancien moulin \u00e0 ressence (\u00e0 huile) communal construit en 1787. Ces ar\u00e8nes qui portent le nom d&rsquo;Ar\u00e8nes Chabaud furent inaugur\u00e9es le 8 ao\u00fbt 1926.<br \/>\nDemi-tour vers les Opies.<br \/>\nNous nous dirigeons vers le vallon des Glauges (glauges , le nom donn\u00e9 en Provence aux iris qui tapissent le sol dans la garrigue au printemps). Ce large vallon isolant le massif des Opies du Mont Menu est typique avec ses vignes et ses oliveraies cloisonn\u00e9es.<br \/>\nIl nous conduit par un chemin montant au petit hameau de St Pierre de Vence, pas celui des Alpes Maritimes, qui comprend actuellement une exploitation agricole et un mas ancien.<br \/>\nDe l\u00e0 nous pouvons apercevoir le Castellas de Roquemartine aussi appel\u00e9 Ch\u00e2teau de la reine Jeanne <em>(elle en a de partout !)<\/em>. On dirait les Baux. Il est situ\u00e9 sur une \u00e9minence rocheuse \u00e0 l&rsquo;extr\u00e9mit\u00e9 du massif du D\u00e9fens, s\u00e9par\u00e9 des Alpilles par 2 passages encadrant le mont Chenu appel\u00e9 Pertuis de St Pierre de Vence, pertuis par lequel coulait la Durance qui se d\u00e9versait dans la Crau avant de changer d&rsquo;avis et de passer par le Pertuis de Lamanon<br \/>\nEn allant vers la Tour des Opies nous nous arr\u00eatons aux ruines de la villa gallo-romaine. Ce site se trouve au centre d&rsquo;une vall\u00e9e qui est desservie d\u00e8s l&rsquo; Antiqui\u00e9 par des voies de communication. Le vestige le plus ancien semble \u00eatre un foss\u00e9 rectiligne de 8 m\u00e8tres de long . Il pourrait s&rsquo;agir d&rsquo;un foss\u00e9 rituel entourant une aire sacr\u00e9e.<br \/>\nD\u00e9part en fanfare vers notre objectif : grimper sur le toit des Alpilles et atteindre cette tour qui nous nargue du haut de ses 498 m.<br \/>\nAu col virage \u00e0 droite: le sentier escarp\u00e9 s&rsquo;\u00e9l\u00e8ve dans le pierrier <em>(du 13% pendant 800m)<\/em>. On continue de monter. La tour nous nargue. Le mistral nous \u00e9bouriffe. Il faut faire attention aux bourrasques, mais on tient, parfois \u00e0 quatre pattes. Depuis le cairn au sommet des plis, il reste quelques dizaines de m\u00e8tres \u00e0 monter : encore plus difficiles, il faut chercher le passage. Enfin, nous sommes au sommet de la tour.<br \/>\nBravo!!!\u00a0 Nous plantons le drapeau symbolique de la culturoth\u00e8que. Un sommet de plus dans notre escarcelle.<br \/>\nLa tour est un ancien observatoire construit pendant la 2i\u00e8me guerre mondiale, utilis\u00e9e apr\u00e8s-guerre pour la surveillance des feux ; une ancienne ligne t\u00e9l\u00e9phonique reliait la tour au village d\u2019Aureille ; des gardiens s\u2019y relayaient chaque semaine. Elle a \u00e9t\u00e9 abandonn\u00e9e dans les ann\u00e9es 1960 en raison des difficult\u00e9s d\u2019acc\u00e8s. On comprend pourquoi maintenant.<br \/>\nMais pourquoi les Opies ? Selon une anecdote proven\u00e7ale, Opies serait d\u00fbe \u00e0 des \u00ab\u00a0parisiens\u00a0\u00bb (\u00ab\u00a0ceux du Nord\u00a0\u00bb) qui voulant mettre un nom sur le sommet poss\u00e9dant une tour, en ont fait la demande \u00e0 un proven\u00e7al qui leur a r\u00e9pondu : ce sont les \u00ab\u00a0Aupiho\u00a0\u00bb (pour dire : ce sont les Alpilles). Les \u00ab\u00a0parisiens\u00a0\u00bb n&rsquo; ayant pas pris la peine de demander l&rsquo;orthographe, ont baptis\u00e9 ce sommet inconnu, \u00ab\u00a0Les Opies\u00a0\u00bb.<br \/>\nLe but atteint nous redescendons \u00e0 Aureille par les Tardi\u00e8res. La journ\u00e9e a \u00e9t\u00e9 bien remplie<br \/>\n<em>Rapha\u00ebl<\/em><br \/>\nCotation : JB4\u2013 18km \u2013 540m d\u00e9nivel\u00e9 positif\u2013\u00a0 4 randonneurs <em>(Brigitte et Catherine, Didier et Rapha\u00ebl)<\/em><\/p>\n","protected":false},"excerpt":{"rendered":"","protected":false},"author":1,"featured_media":5920,"comment_status":"closed","ping_status":"closed","sticky":false,"template":"","format":"standard","meta":{"footnotes":""},"categories":[4],"tags":[],"class_list":["post-5918","post","type-post","status-publish","format-standard","has-post-thumbnail","hentry","category-randonnees"],"_links":{"self":[{"href":"https:\/\/culturotheque.fr\/index.php\/wp-json\/wp\/v2\/posts\/5918","targetHints":{"allow":["GET"]}}],"collection":[{"href":"https:\/\/culturotheque.fr\/index.php\/wp-json\/wp\/v2\/posts"}],"about":[{"href":"https:\/\/culturotheque.fr\/index.php\/wp-json\/wp\/v2\/types\/post"}],"author":[{"embeddable":true,"href":"https:\/\/culturotheque.fr\/index.php\/wp-json\/wp\/v2\/users\/1"}],"replies":[{"embeddable":true,"href":"https:\/\/culturotheque.fr\/index.php\/wp-json\/wp\/v2\/comments?post=5918"}],"version-history":[{"count":1,"href":"https:\/\/culturotheque.fr\/index.php\/wp-json\/wp\/v2\/posts\/5918\/revisions"}],"predecessor-version":[{"id":5919,"href":"https:\/\/culturotheque.fr\/index.php\/wp-json\/wp\/v2\/posts\/5918\/revisions\/5919"}],"wp:featuredmedia":[{"embeddable":true,"href":"https:\/\/culturotheque.fr\/index.php\/wp-json\/wp\/v2\/media\/5920"}],"wp:attachment":[{"href":"https:\/\/culturotheque.fr\/index.php\/wp-json\/wp\/v2\/media?parent=5918"}],"wp:term":[{"taxonomy":"category","embeddable":true,"href":"https:\/\/culturotheque.fr\/index.php\/wp-json\/wp\/v2\/categories?post=5918"},{"taxonomy":"post_tag","embeddable":true,"href":"https:\/\/culturotheque.fr\/index.php\/wp-json\/wp\/v2\/tags?post=5918"}],"curies":[{"name":"wp","href":"https:\/\/api.w.org\/{rel}","templated":true}]}}