{"id":6005,"date":"2020-10-26T16:40:35","date_gmt":"2020-10-26T15:40:35","guid":{"rendered":"http:\/\/culturotheque.fr\/?p=6005"},"modified":"2020-11-09T08:46:03","modified_gmt":"2020-11-09T07:46:03","slug":"la-baume-st-veredeme","status":"publish","type":"post","link":"https:\/\/culturotheque.fr\/index.php\/2020\/10\/26\/la-baume-st-veredeme\/","title":{"rendered":"La Baume St V\u00e9r\u00e9d\u00e8me"},"content":{"rendered":"<p><span style=\"color: #295480;\"><a style=\"color: #295480;\" href=\"https:\/\/photos.app.goo.gl\/ffxdZPqD61sXxcef7\"><span style=\"color: #2d69a6;\">Voir ici les photos de notre randonn\u00e9e \u00e0 Collias\/Sanilhac<\/span><\/a><\/span><br \/>\n<span style=\"color: #2d69a6;\"><a style=\"color: #2d69a6;\" href=\"https:\/\/1drv.ms\/u\/s!AmQH719VFDtegetsYCZDIeQQzUOE3g?e=1iylxP\">Voir ici les photos de Marie-Jeanne<\/a><\/span><br \/>\n<span style=\"color: #2d69a6;\"><a style=\"color: #2d69a6;\" href=\"https:\/\/photos.app.goo.gl\/1idfgZQLPrfND8fR8\">Voir ici les photos de Fran\u00e7oise.<\/a><\/span><br \/>\n<span style=\"color: #2d69a6;\"><!--more--><\/span><\/p>\n<p style=\"text-align: justify;\"><span style=\"color: #2d69a6;\">Ce soir, avec les photos je viens de refaire un peu la rando d&rsquo;aujourd&rsquo;hui, c&rsquo;\u00e9tait tr\u00e9s beau j&rsquo;ai pu d\u00e9couvrir deux autres parcours&#8230;quelle chance que nous avons de voir de si beaux paysages&#8230;<\/span><br \/>\n<span style=\"color: #2d69a6;\"><em>Marie-Jeanne.<\/em><\/span><br \/>\n<span style=\"color: #2d69a6;\">Voici le lien pour se souvenir de cette belle randonn\u00e9e&#8230;<\/span><br \/>\n<span style=\"color: #2d69a6;\"><em>Fran\u00e7oise.<br \/>\n<\/em>Ce n\u2019est \u00a0pas gagn\u00e9 ce matin ! Il pleut, la tension Covid r\u00e8gne en ma\u00eetre, mais nous nous retrouvons 7 randonneurs qui\u00a0 sont heureux de ce rendez-vous.<\/span><br \/>\n<span style=\"color: #2d69a6;\">Comme la pluie est encore pr\u00e9sente au d\u00e9part de la rando, on choisit de prendre le circuit \u00e0 l\u2019envers\u2026 C\u2019est ainsi que nous sommes tr\u00e8s vite sur le sentier qui monte \u00e0 Va\u00ef Aure, au-dessus de la\u00a0 Grotte de P\u00e2ques ch\u00e8re aux grimpeurs.<\/span><br \/>\n<span style=\"color: #2d69a6;\">Nous ne sommes pas encore en haut que le soleil fait son apparition. Le panorama s\u2019\u00e9largit pour notre r\u00e9gal.<\/span><br \/>\n<span style=\"color: #2d69a6;\">Une fois capes et vestes sorties, car il fait bon, on peut profiter des beaux points de vues sur les Gorges du Gardon. N\u00e9n\u00e9 ne manque pas de nous interpeller sur toutes les possibilit\u00e9s que nous avons de plonger notre regard sur de magnifiques m\u00e9andres.<\/span><br \/>\n<span style=\"color: #2d69a6;\">Le sentier, tout d\u2019abord bord\u00e9 de tiges de f\u00e9rules s\u00e9ch\u00e9es s\u2019enfonce rapidement dans une garrigue profonde : ch\u00eanes verts, arbousiers, filaires, houx, lentisques color\u00e9s et tant d\u2019autres arbres qui donnent un charme \u00e0 ce sous-bois o\u00f9 les sangliers peuvent se cacher facilement.<\/span><br \/>\n<span style=\"color: #2d69a6;\">A la sortie du taillis, deux options s\u2019offrent \u00e0 nous\u00a0: prendre directement des Condamines \u00e0 la chapelle St V\u00e9r\u00e9d\u00e8me ou continuer pour rejoindre la Couffine et le sentier qui vient de Sanilhac. Pas d\u2019h\u00e9sitation\u00a0: le plus long.<\/span><br \/>\n<span style=\"color: #2d69a6;\">Nous prenons donc plus loin le sentier qui descend dans les gorges. On s\u2019interpelle par des oh et des ah \u00e0 la vue des splendides panoramas.<\/span><br \/>\n<span style=\"color: #2d69a6;\">Arriv\u00e9s sur les berges rocheuses du Gardon on admire les poissons et on se sent envahi d\u2019un sentiment de paix et de bonheur\u00a0: nous sommes entour\u00e9s de falaises, le silence est \u00a0accentu\u00e9 par le bruit des cascades au loin, ce lieu est de toute beaut\u00e9. Contre la paroi un autre groupe de randonneurs est install\u00e9 pour leur pause repas\u2026 nous nous installons \u00e0 notre tour un peu plus loin. Moment heureux\u2026 m\u00eame si les conversations sont port\u00e9es un peu \u00ab\u00a0h\u00f4pital\u00a0\u00bb\u00a0!<\/span><br \/>\n<span style=\"color: #2d69a6;\">Pas de sieste, \u00a0on est trop press\u00e9s de monter \u00e0 la chapelle et \u00e0 la grotte.<\/span><br \/>\n<span style=\"color: #2d69a6;\">La chapelle est d\u00e9di\u00e9e \u00e0 St V\u00e9r\u00e9d\u00e8me qui \u00e9tait un solitaire d\u2019origine grecque n\u00e9 en 640. Il s\u2019\u00e9tait install\u00e9 au bord du Gardon o\u00f9 St Gilles l\u2019aurait rejoint et on leur a attribu\u00e9 de nombreux miracles, notamment des pluies providentielles. Qui fait sa pri\u00e8re pour que la pluie ne vienne plus nous titiller\u00a0?<\/span><br \/>\n<span style=\"color: #2d69a6;\">Pour la suite de l\u2019histoire, St V\u00e9r\u00e9d\u00e8me a succ\u00e9d\u00e9 \u00e0 St Agricol comme \u00e9v\u00eaque d\u2019Avignon et il a \u00e9t\u00e9 longtemps le patron des bergers de la Crau. On nous dit que cet ermitage serait la plus ancienne construction chr\u00e9tienne du Bas Languedoc (VIII\u00e8me si\u00e8cle). On y remarque la toiture en dalles et la belle vo\u00fbte en berceau, l\u2019int\u00e9rieur est orn\u00e9 de peinture du XIIIe si\u00e8cle.<\/span><br \/>\n<span style=\"color: #2d69a6;\">On poursuit en entrant dans la grotte qui forme un tunnel de 150 m de long. On sait qu\u2019elle a \u00e9t\u00e9 occup\u00e9e au pal\u00e9olithique ancien puis par l\u2019homme de N\u00e9anderthal et au n\u00e9olithique car on y a retrouv\u00e9 de nombreux vestiges, notamment des c\u00e9ramiques expos\u00e9es au mus\u00e9e de N\u00eemes. Aujourd\u2019hui cette grotte est ouverte, mais bient\u00f4t la grille sera ferm\u00e9e pour laisser hiberner les chauves-souris. On fait demi-tour, toujours frapp\u00e9s par la beaut\u00e9 des lieux. <\/span><br \/>\n<span style=\"color: #2d69a6;\">On redescend par les escaliers, construits bien s\u00fbr bien plus tard pour faciliter l\u2019acc\u00e8s \u00e0 la grotte et on admire les deux moulins dont celui construit en forme de vo\u00fbte en pr\u00e9vision des crues du Gardon. En face de nombreux vestiges d\u2019habitations t\u00e9moignent d\u2019une activit\u00e9 touristique du d\u00e9but du XXe si\u00e8cle, c\u2019est l\u00e0 \u00e9galement qu\u2019Yves Montant a fait ses d\u00e9buts au cin\u00e9ma dans le film \u00ab Le salaire de la peur \u00bb tourn\u00e9 en 1952.<\/span><br \/>\n<span style=\"color: #2d69a6;\">De gros rochers pour commencer puis nous sommes sur un chemin sablonneux qui serpente le long de la rivi\u00e8re, passant au fil de l\u2019eau et jouant \u00e0 cache-cache dans le sous bois parfum\u00e9 aux senteurs miell\u00e9es des fleurs des salsepareilles, des alyssums et \u00e9gay\u00e9 ici et la des boules rouges des arbouses bien m\u00fbres.<\/span><br \/>\n<span style=\"color: #2d69a6;\">Attention : nous croisons quelques passages avec des dalles\u00a0 de rochers plats, creus\u00e9es\u00a0 par l\u2019\u00e9rosion, et non par la pluie comme essaient de nous le faire croire les gar\u00e7ons (<em>toujours aussi farceurs !<\/em>) et il nous faut aussi longer d\u2019imposantes falaises perc\u00e9es de grottes. Attention \u00e0 la chute !\u00a0 En effet, quelquefois c\u2019est tr\u00e8s \u00e9troit et\u2026 \u00e7a glisse !<\/span><br \/>\n<span style=\"color: #2d69a6;\">Les couleurs de l\u2019automne, la rivi\u00e8re aux reflets luisants, les falaises grandioses, la bonne ambiance et tous les sourires emmagasin\u00e9s tout au long de la journ\u00e9e, nous r\u00e9unissent dans une m\u00eame exclamation\u00a0: on s\u2019est r\u00e9gal\u00e9, quelle belle balade\u00a0!<\/span><br \/>\n<span style=\"color: #2d69a6;\"><strong><span style=\"text-decoration: underline;\">Cotation<\/span><\/strong> : JB3 &#8211; 14.5 km &#8211; 650 m d\u00e9nivel\u00e9 &#8211; 7 randonneurs <em>(N\u00e9n\u00e9, Charles, Martine, Fran\u00e7oise, Betty, Marie-Jeanne, Mich\u00e8le)<\/em><\/span><\/p>\n","protected":false},"excerpt":{"rendered":"<p>Voir ici les photos de notre randonn\u00e9e \u00e0 Collias\/Sanilhac Voir ici les photos de Marie-Jeanne Voir ici les photos de Fran\u00e7oise.<\/p>\n","protected":false},"author":1,"featured_media":6012,"comment_status":"closed","ping_status":"closed","sticky":false,"template":"","format":"standard","meta":{"footnotes":""},"categories":[4],"tags":[],"class_list":["post-6005","post","type-post","status-publish","format-standard","has-post-thumbnail","hentry","category-randonnees"],"_links":{"self":[{"href":"https:\/\/culturotheque.fr\/index.php\/wp-json\/wp\/v2\/posts\/6005","targetHints":{"allow":["GET"]}}],"collection":[{"href":"https:\/\/culturotheque.fr\/index.php\/wp-json\/wp\/v2\/posts"}],"about":[{"href":"https:\/\/culturotheque.fr\/index.php\/wp-json\/wp\/v2\/types\/post"}],"author":[{"embeddable":true,"href":"https:\/\/culturotheque.fr\/index.php\/wp-json\/wp\/v2\/users\/1"}],"replies":[{"embeddable":true,"href":"https:\/\/culturotheque.fr\/index.php\/wp-json\/wp\/v2\/comments?post=6005"}],"version-history":[{"count":12,"href":"https:\/\/culturotheque.fr\/index.php\/wp-json\/wp\/v2\/posts\/6005\/revisions"}],"predecessor-version":[{"id":6167,"href":"https:\/\/culturotheque.fr\/index.php\/wp-json\/wp\/v2\/posts\/6005\/revisions\/6167"}],"wp:featuredmedia":[{"embeddable":true,"href":"https:\/\/culturotheque.fr\/index.php\/wp-json\/wp\/v2\/media\/6012"}],"wp:attachment":[{"href":"https:\/\/culturotheque.fr\/index.php\/wp-json\/wp\/v2\/media?parent=6005"}],"wp:term":[{"taxonomy":"category","embeddable":true,"href":"https:\/\/culturotheque.fr\/index.php\/wp-json\/wp\/v2\/categories?post=6005"},{"taxonomy":"post_tag","embeddable":true,"href":"https:\/\/culturotheque.fr\/index.php\/wp-json\/wp\/v2\/tags?post=6005"}],"curies":[{"name":"wp","href":"https:\/\/api.w.org\/{rel}","templated":true}]}}