{"id":6013,"date":"2020-10-26T07:40:49","date_gmt":"2020-10-26T06:40:49","guid":{"rendered":"http:\/\/culturotheque.fr\/?p=6013"},"modified":"2020-10-28T08:02:25","modified_gmt":"2020-10-28T07:02:25","slug":"les-gorges-de-badarel","status":"publish","type":"post","link":"https:\/\/culturotheque.fr\/index.php\/2020\/10\/26\/les-gorges-de-badarel\/","title":{"rendered":"LES GORGES DE BADAREL"},"content":{"rendered":"<p style=\"text-align: justify;\"><span style=\"color: #2465a6;\"><a style=\"color: #2465a6;\" href=\"https:\/\/photos.google.com\/share\/AF1QipOOZm5xJxiMWZ-RdQ9DLKNhQ3mADKmW0Yyo0NqnwmJzOykaDU3pvqE4-Rtvnll3Pw?key=QXJOZnR2azBuS0MzZjBJcHp3MEZsTVN0U0VuMnJR\">Voir ici les photos\u00a0 d&rsquo;Albert concernant la radonn\u00e9e aux Taillades.<\/a><\/span><br \/>\n<span style=\"color: #2465a6;\"><!--more--><em> Il est 9 heures ce lundi matin aux Taillades, petit village proche de Cavaillon sur les premiers contreforts du Luberon.<br \/>\nLe temps est mena\u00e7ant, mais n\u2019arr\u00eate pas les 7 randonneurs qui sortent de leurs voitures pour aller affronter les 14 km d\u2019un parcours certes pas trop long mais tr\u00e8s accident\u00e9.<br \/>\nNous commen\u00e7ons par un petit tour dans le vieux village pour aller admirer la tour avec l\u2019\u00e9trange statue du \u00ab\u00a0Morvellous\u00a0\u00bb, \u0153uvre d\u2019un ouvrier carrier du XIVeme ou XVeme si\u00e8cle, le th\u00e9\u00e2tre des carri\u00e8res et la petite \u00e9glise perch\u00e9e sur son rocher dans laquelle nous avons la chance de pouvoir p\u00e9n\u00e9trer gr\u00e2ce a 2 ouvriers municipaux qui passaient par l\u00e0.<br \/>\nApr\u00e8s avoir rang\u00e9 les masques indispensables dans le village, la petite troupe attaque ensuite la randonn\u00e9e proprement dite en suivant une piste sans difficult\u00e9 qui autorise les discussions et plaisanteries de tout genre tout en respectant la distanciation n\u00e9cessaire en p\u00e9riode de pand\u00e9mie.<br \/>\nApr\u00e8s un peu plus d\u20191h de marche, nous atteignons la combe de Vidauque. Le chemin se resserre, et commence \u00e0 s\u2019\u00e9lever doucement. Nous arrivons \u00e0 proximit\u00e9 de la source de \u00ab\u00a0la belle Marguerite\u00a0\u00bb que nous allons essayer d\u2019atteindre en suivant un petit sentier qui s\u2019agrippe \u00e0 la falaise. L\u2019avons-nous trouv\u00e9e\u00a0??? en tout cas une superbe vue s\u2019offre \u00e0 nous et nous r\u00e9compense de notre effort\u00a0!<br \/>\nNous continuons ensuite dans le \u00ab\u00a0vallon du Colombier\u00a0\u00bb pour atteindre vers midi la bergerie qui va nous accueillir pour notre piquenique. Notre bonne humeur et le soleil timide qui pointe son nez ne parviennent pas \u00e0 nous r\u00e9chauffer et nous ne trainons pas trop pour reprendre notre chemin.<br \/>\nApr\u00e8s un nouveau petit raidillon, nous arrivons au point culminant de notre randonn\u00e9e \u00e0 500m d\u2019altitude. Nous attaquons ensuite la descente sur Robion par le haut du \u00ab\u00a0Vallon de la Brayette\u00a0\u00bb. C\u2019est un r\u00e9gal pour les yeux avec un point de vue superbe sur la plaine de Cavaillon et le vallon au-dessous de nous. Puis la pente s\u2019accentue et nous descendons en moins de 500m de pr\u00e8s de 150m\u00a0.<br \/>\nPetit temps calme sur la petite route reliant Robion aux Taillades, puis nous la quittons rapidement pour affronter par un petit sentier escarp\u00e9 et pentu les rochers de Baude.<br \/>\nUn d\u00e9cor \u00e9poustouflant s\u2019offre \u00e0 nous\u00a0; nous cheminons \u00e0 flanc de falaise avec une magnifique vue sur au loin les Alpilles \u00e0 l\u2019ouest et les dentelles de Montmirail au nord. Nous continuons \u00e0 grimper pour atteindre le sommet du Castellas et sa petite pancarte humoristique \u00ab\u00a0Col de la gnole\u00a0\u00bb surmontant une petite armoire remplie de divers objets pas toujours recommandables pour les randonneurs de passage.<br \/>\nApr\u00e8s le col nous redescendons pour nous enfoncer dans les gorges de Badarel. Dans un d\u00e9cor tr\u00e8s min\u00e9ral o\u00f9 quelques arbustes parviennent \u00e0 s\u2019agripper aux anfractuosit\u00e9s des rochers, nous descendons rapidement. Apr\u00e8s la petite \u00e9chelle qui nous permet de franchir un rocher en surplomb, nous nous retrouvons \u00e0 l\u2019entr\u00e9e du village des Taillades ou nous rejoignons notre point de d\u00e9part.<br \/>\nNous repartons avec des images pleins la t\u00eate et des courbatures pleins les jambes\u00a0!<br \/>\nHubert.<br \/>\n<\/em><span style=\"text-decoration: underline;\"><strong>Cotation :<\/strong><\/span> JB4 -14 km &#8211;\u00a0 1048 m d\u00e9nivel\u00e9 &#8211; 7 randonneurs <em>(Brigitte, Catherine, Annie, Albert, Rapha\u00ebl, Didier, Hubert)<\/em><\/span><\/p>\n","protected":false},"excerpt":{"rendered":"<p>Voir ici les photos\u00a0 d&rsquo;Albert concernant la radonn\u00e9e aux Taillades.<\/p>\n","protected":false},"author":1,"featured_media":6026,"comment_status":"closed","ping_status":"closed","sticky":false,"template":"","format":"standard","meta":{"footnotes":""},"categories":[4],"tags":[],"class_list":["post-6013","post","type-post","status-publish","format-standard","has-post-thumbnail","hentry","category-randonnees"],"_links":{"self":[{"href":"https:\/\/culturotheque.fr\/index.php\/wp-json\/wp\/v2\/posts\/6013","targetHints":{"allow":["GET"]}}],"collection":[{"href":"https:\/\/culturotheque.fr\/index.php\/wp-json\/wp\/v2\/posts"}],"about":[{"href":"https:\/\/culturotheque.fr\/index.php\/wp-json\/wp\/v2\/types\/post"}],"author":[{"embeddable":true,"href":"https:\/\/culturotheque.fr\/index.php\/wp-json\/wp\/v2\/users\/1"}],"replies":[{"embeddable":true,"href":"https:\/\/culturotheque.fr\/index.php\/wp-json\/wp\/v2\/comments?post=6013"}],"version-history":[{"count":7,"href":"https:\/\/culturotheque.fr\/index.php\/wp-json\/wp\/v2\/posts\/6013\/revisions"}],"predecessor-version":[{"id":6035,"href":"https:\/\/culturotheque.fr\/index.php\/wp-json\/wp\/v2\/posts\/6013\/revisions\/6035"}],"wp:featuredmedia":[{"embeddable":true,"href":"https:\/\/culturotheque.fr\/index.php\/wp-json\/wp\/v2\/media\/6026"}],"wp:attachment":[{"href":"https:\/\/culturotheque.fr\/index.php\/wp-json\/wp\/v2\/media?parent=6013"}],"wp:term":[{"taxonomy":"category","embeddable":true,"href":"https:\/\/culturotheque.fr\/index.php\/wp-json\/wp\/v2\/categories?post=6013"},{"taxonomy":"post_tag","embeddable":true,"href":"https:\/\/culturotheque.fr\/index.php\/wp-json\/wp\/v2\/tags?post=6013"}],"curies":[{"name":"wp","href":"https:\/\/api.w.org\/{rel}","templated":true}]}}