{"id":626,"date":"2017-09-26T10:14:22","date_gmt":"2017-09-26T08:14:22","guid":{"rendered":"http:\/\/culturotheque.fr\/?p=626"},"modified":"2018-01-24T08:55:03","modified_gmt":"2018-01-24T07:55:03","slug":"alfred-sisley-limpressionniste","status":"publish","type":"post","link":"https:\/\/culturotheque.fr\/index.php\/2017\/09\/26\/alfred-sisley-limpressionniste\/","title":{"rendered":"Alfred Sisley, l&rsquo;Impressionniste"},"content":{"rendered":"<p><!--more--><\/p>\n<p><a href=\"http:\/\/culturotheque.fr\/wp-content\/uploads\/2017\/09\/Alfred-Sisley-limpressionniste.-R\u00e9sum\u00e9-de-la-conf\u00e9rence-de-Mich\u00e8le.pdf\">Alfred Sisley, l&rsquo;impressionniste. R\u00e9sum\u00e9 de la conf\u00e9rence de Mich\u00e8le<\/a><\/p>\n","protected":false},"excerpt":{"rendered":"","protected":false},"author":1,"featured_media":628,"comment_status":"closed","ping_status":"closed","sticky":false,"template":"","format":"standard","meta":{"footnotes":""},"categories":[42],"tags":[],"class_list":["post-626","post","type-post","status-publish","format-standard","has-post-thumbnail","hentry","category-10-conferences"],"_links":{"self":[{"href":"https:\/\/culturotheque.fr\/index.php\/wp-json\/wp\/v2\/posts\/626","targetHints":{"allow":["GET"]}}],"collection":[{"href":"https:\/\/culturotheque.fr\/index.php\/wp-json\/wp\/v2\/posts"}],"about":[{"href":"https:\/\/culturotheque.fr\/index.php\/wp-json\/wp\/v2\/types\/post"}],"author":[{"embeddable":true,"href":"https:\/\/culturotheque.fr\/index.php\/wp-json\/wp\/v2\/users\/1"}],"replies":[{"embeddable":true,"href":"https:\/\/culturotheque.fr\/index.php\/wp-json\/wp\/v2\/comments?post=626"}],"version-history":[{"count":2,"href":"https:\/\/culturotheque.fr\/index.php\/wp-json\/wp\/v2\/posts\/626\/revisions"}],"predecessor-version":[{"id":1454,"href":"https:\/\/culturotheque.fr\/index.php\/wp-json\/wp\/v2\/posts\/626\/revisions\/1454"}],"wp:featuredmedia":[{"embeddable":true,"href":"https:\/\/culturotheque.fr\/index.php\/wp-json\/wp\/v2\/media\/628"}],"wp:attachment":[{"href":"https:\/\/culturotheque.fr\/index.php\/wp-json\/wp\/v2\/media?parent=626"}],"wp:term":[{"taxonomy":"category","embeddable":true,"href":"https:\/\/culturotheque.fr\/index.php\/wp-json\/wp\/v2\/categories?post=626"},{"taxonomy":"post_tag","embeddable":true,"href":"https:\/\/culturotheque.fr\/index.php\/wp-json\/wp\/v2\/tags?post=626"}],"curies":[{"name":"wp","href":"https:\/\/api.w.org\/{rel}","templated":true}]}}