{"id":6305,"date":"2020-12-07T15:21:53","date_gmt":"2020-12-07T14:21:53","guid":{"rendered":"http:\/\/culturotheque.fr\/?p=6305"},"modified":"2020-12-11T10:53:08","modified_gmt":"2020-12-11T09:53:08","slug":"le-tour-du-paradis-2","status":"publish","type":"post","link":"https:\/\/culturotheque.fr\/index.php\/2020\/12\/07\/le-tour-du-paradis-2\/","title":{"rendered":"Le Tour du Paradis"},"content":{"rendered":"<p><a href=\"https:\/\/photos.app.goo.gl\/WZbgjaaLwdsp3bag8\"><span style=\"color: #366a9e;\">Voir ici quelques photos de notre randonn\u00e9e \u00e0 Aramon<\/span><\/a><br \/>\n<span style=\"color: #366a9e;\"><!--more--><\/span><\/p>\n<p style=\"text-align: justify;\"><span style=\"color: #366a9e;\">Temp\u00e9rature \u00e0 0\u00b0, givre, brouillard et pourtant quel bonheur\u00a0de nous retrouver devant l\u2019entr\u00e9e de la ville d\u2019Aramon !<\/span><br \/>\n<span style=\"color: #366a9e;\">Oui nous sommes tr\u00e8s heureux de ces retrouvailles inesp\u00e9r\u00e9es et c\u2019est donc tout naturellement qu\u2019on s\u2019engage sur un cheminement, deux par deux, \u00a0et apr\u00e8s une rude mont\u00e9e nous voici \u00e0 la Chapelle du Calvaire et on se rappelle tous ce qu\u2019Hubert nous en avait racont\u00e9 \u00a0\u00ab\u00a0<em>Chapelle commenc\u00e9e juste avant la r\u00e9volution et rest\u00e9e longtemps inachev\u00e9e, elle fut termin\u00e9e en 1851 gr\u00e2ce \u00e0 l\u2019abb\u00e9 Imbert, cur\u00e9 d\u2019Aramon et aux dons des fid\u00e8les. L\u2019abb\u00e9 Imbert fit \u00e9galement \u00e9riger en 1852 devant la chapelle, une magnifique Croix, qui existe toujours aujourd\u2019hui. Pendant la seconde guerre mondiale, la chapelle aurait \u00e9t\u00e9 utilis\u00e9e comme blockaus<\/em>\u00a0\u00bb.<\/span><br \/>\n<span style=\"color: #366a9e;\">Vue sur la plaine, lumi\u00e8re particuli\u00e8re. Il va neiger\u00a0?<\/span><br \/>\n<span style=\"color: #366a9e;\">Mais que vois-ton dans les nuages\u00a0? Mais c\u2019est le sommet de la fameuse Tour d\u2019Aramon\u00a0!<\/span><br \/>\n<span style=\"color: #366a9e;\">Nous continuons ainsi jusqu\u2019\u00e0 la Croix de Gabure puis atteignons les Rompudes pour une vue panoramique\u2026 compl\u00e8tement bouch\u00e9e par le brouillard\u00a0!<\/span><br \/>\n<span style=\"color: #366a9e;\">Croyez-vous que cela nous perturbe\u00a0? Nous sommes bien, pas trop chaud, pas trop froid, et les zygomatiques commencent \u00e0 reprendre leur entra\u00eenement\u00a0!<\/span><br \/>\n<span style=\"color: #366a9e;\">On continue, toujours deux par deux, avec des distances respectables question Covid, mais oui nous sommes \u00e0 nouveau ensemble\u00a0!<\/span><br \/>\n<span style=\"color: #366a9e;\">On arrive \u00e0 la Plaine de l\u2019Oume, on bifurque pour un petit d\u00e9tour vers la cabane des chasseurs. Cr\u00eapes, caf\u00e9 et th\u00e9 bien chaud ? Mais non, on vous l\u2019assure, ce n\u2019est pas un mirage.<\/span><br \/>\n<span style=\"color: #366a9e;\">Nous sommes bien d\u2019attaque pour entreprendre une raide mont\u00e9e vers un col secret. Pas si secret que \u00e7a car dans la pente \u00a0on rencontre un autre groupe de randonneurs qui prennent aussi leur caf\u00e9, leurs pieds bien inconfortablement install\u00e9s (<em>mais ils ne connaissent pas nos coins magiques\u00a0!).<br \/>\n<\/em>Une descente vertigineuse et nous voici sur la piste qui nous am\u00e8ne vers le four \u00e0 Chaux\u00a0! Les gar\u00e7ons grimpent au sommet du \u00ab\u00a0gueuloir\u00a0\u00bb,\u00a0 et les filles restent en bas \u00e0 essayer de comprendre comment on fabrique la Chaux, \u00e0 quoi elle sert. On resterait bien ici toute la journ\u00e9e \u00e0 disserter de tout et de rien, mais notre temps est compt\u00e9\u00a0: nous n\u2019avons que 3 h pour faire notre boucle.<\/span><br \/>\n<span style=\"color: #366a9e;\">On rejoint donc\u00a0 le panneau Valori\u00e8re pour prendre un chemin qui remonte avant de se transformer en un \u00e9troit sentier qui nous ram\u00e8ne \u00e0 la Croix de Gabure. La boucle est-elle termin\u00e9e\u00a0?<\/span><br \/>\n<span style=\"color: #366a9e;\">C\u2019est sans compter le tour dans le centre de la ville, puis quelques pas sur la digue avant de rejoindre les voitures juste \u00e0 temps pour notre \u00e9ventuel contr\u00f4le de l&rsquo;attestation.<\/span><br \/>\n<span style=\"color: #366a9e;\">Dans sa voiture chacun a la t\u00eate pleine de ces paysages embrum\u00e9s qui ont vu passer un petit groupe de marcheurs ravi de leur libert\u00e9 conditionnelle\u00a0!<\/span><br \/>\n<span style=\"color: #366a9e;\"><span style=\"text-decoration: underline;\"><strong>Cotation<\/strong><\/span>\u00a0: 11 km \u2013 300 m d\u00e9nivel\u00e9 \u2013 6 randonneurs <em>(Yves, Marilyne, Rapha\u00ebl, Daniel, Odile et Mich\u00e8le).<\/em><\/span><\/p>\n","protected":false},"excerpt":{"rendered":"<p>Voir ici quelques photos de notre randonn\u00e9e \u00e0 Aramon<\/p>\n","protected":false},"author":1,"featured_media":6308,"comment_status":"closed","ping_status":"closed","sticky":false,"template":"","format":"standard","meta":{"footnotes":""},"categories":[4],"tags":[],"class_list":["post-6305","post","type-post","status-publish","format-standard","has-post-thumbnail","hentry","category-randonnees"],"_links":{"self":[{"href":"https:\/\/culturotheque.fr\/index.php\/wp-json\/wp\/v2\/posts\/6305","targetHints":{"allow":["GET"]}}],"collection":[{"href":"https:\/\/culturotheque.fr\/index.php\/wp-json\/wp\/v2\/posts"}],"about":[{"href":"https:\/\/culturotheque.fr\/index.php\/wp-json\/wp\/v2\/types\/post"}],"author":[{"embeddable":true,"href":"https:\/\/culturotheque.fr\/index.php\/wp-json\/wp\/v2\/users\/1"}],"replies":[{"embeddable":true,"href":"https:\/\/culturotheque.fr\/index.php\/wp-json\/wp\/v2\/comments?post=6305"}],"version-history":[{"count":4,"href":"https:\/\/culturotheque.fr\/index.php\/wp-json\/wp\/v2\/posts\/6305\/revisions"}],"predecessor-version":[{"id":6342,"href":"https:\/\/culturotheque.fr\/index.php\/wp-json\/wp\/v2\/posts\/6305\/revisions\/6342"}],"wp:featuredmedia":[{"embeddable":true,"href":"https:\/\/culturotheque.fr\/index.php\/wp-json\/wp\/v2\/media\/6308"}],"wp:attachment":[{"href":"https:\/\/culturotheque.fr\/index.php\/wp-json\/wp\/v2\/media?parent=6305"}],"wp:term":[{"taxonomy":"category","embeddable":true,"href":"https:\/\/culturotheque.fr\/index.php\/wp-json\/wp\/v2\/categories?post=6305"},{"taxonomy":"post_tag","embeddable":true,"href":"https:\/\/culturotheque.fr\/index.php\/wp-json\/wp\/v2\/tags?post=6305"}],"curies":[{"name":"wp","href":"https:\/\/api.w.org\/{rel}","templated":true}]}}