{"id":6311,"date":"2020-12-08T17:26:45","date_gmt":"2020-12-08T16:26:45","guid":{"rendered":"http:\/\/culturotheque.fr\/?p=6311"},"modified":"2020-12-22T13:29:13","modified_gmt":"2020-12-22T12:29:13","slug":"les-regagnons-2","status":"publish","type":"post","link":"https:\/\/culturotheque.fr\/index.php\/2020\/12\/08\/les-regagnons-2\/","title":{"rendered":"Les Regagnons"},"content":{"rendered":"<p style=\"text-align: justify;\"><span style=\"color: #28598a;\"><a style=\"color: #28598a;\" href=\"https:\/\/photos.app.goo.gl\/oKZoC5osC9nQQtye7\">Voir ici les photos de notre randonn\u00e9e \u00e0 Beaucaire<\/a><\/span><br \/>\n<span style=\"color: #28598a;\"><!--more--><\/span><br \/>\n<span style=\"color: #28598a;\">Pas grand-monde ce matin au d\u00e9part de notre balade. Beaucaire est peut-\u00eatre boud\u00e9, le temps tristounet, 8\u00b0 de plus que la veille pourtant !<\/span><br \/>\n<span style=\"color: #28598a;\">Mais la balade \u00e9tait belle. Les randonneurs souriants, heureux : ils n&rsquo;auraient laiss\u00e9 leur place \u00e0 personne.<\/span><br \/>\n<span style=\"color: #28598a;\">Le sentier des trois croix est un peu escarp\u00e9 mais quel bonheur la-haut : admirer Beaucaire, le ch\u00e2teau, le Rh\u00f4ne et Tarascon,\u00a0 mais aussi Arles et de l&rsquo;autre c\u00f4t\u00e9, Comps, Montfrin.<\/span><br \/>\n<span style=\"color: #28598a;\">Nous entendons la cloche de l&rsquo;\u00e9cole qui se trouve \u00e0 nos pieds : c&rsquo;est l&rsquo;heure de la rentr\u00e9e !<\/span><br \/>\n<span style=\"color: #28598a;\">Pour nous c&rsquo;est l&rsquo;heure de l&rsquo;\u00e9cole buissonni\u00e8re dans ces jolis sentiers avant de rejoindre la Voie Verte puis grimper par le chemin de Gaudon tout aussi agr\u00e9able. A nouveau la vue sur le Rh\u00f4ne, Vallabr\u00e8gues et bien s\u00fbr Beaucaire.<\/span><br \/>\n<span style=\"color: #28598a;\">On \u00e9voque les sentiers d&rsquo;antan aux Caunelles. Maintenant c&rsquo;est le lotissement d&rsquo;Ugernum qui les a remplac\u00e9s.<\/span><br \/>\n<span style=\"color: #28598a;\">On arrive assez vite aux Regagnons, on poursuit jusqu&rsquo;au pied de St Roman par des chemins tr\u00e8s agr\u00e9ables et on y d\u00e9couvre les ruines d&rsquo;une grande maison qui doit dater d&rsquo;environ 17\/18e si\u00e8cle. Une chapelle ?\u00a0 L&rsquo;enqu\u00eate est ouverte.<\/span><br \/>\n<span style=\"color: #28598a;\">On reprend dans les bois de Girardet et de la Coquillade avant de retrouver la Voie Verte presque aussit\u00f4t quitt\u00e9e pour prendre les bords du Rh\u00f4ne o\u00f9 les arbres ont encore gard\u00e9s leurs couleurs d&rsquo;automne.<\/span><br \/>\n<span style=\"color: #28598a;\">Un coup d&rsquo;oeil \u00e0 la montre : il nous reste du temps. On continue donc jusqu&rsquo;au Pont de Beaucaire pour prendre la \u00ab\u00a0Banquette\u00a0\u00bb et revenir vers le ch\u00e2teau et retrouver notre parking.<\/span><br \/>\n<span style=\"color: #28598a;\">On se quitte, heureux de notre rendez-vous de demain pour une nouvelle rando : il faut marcher pour bien renforcer nos d\u00e9fenses immunitaires au Covid !<\/span><br \/>\n<span style=\"color: #28598a;\"><span style=\"text-decoration: underline;\"><strong>Cotation<\/strong><\/span> : 12,5 km &#8211; 372 m d\u00e9nivel\u00e9 &#8211; 3 randonneurs <em>(Hubert, Philippe, Mich\u00e8le).<\/em><\/span><\/p>\n","protected":false},"excerpt":{"rendered":"<p>Voir ici les photos de notre randonn\u00e9e \u00e0 Beaucaire<\/p>\n","protected":false},"author":1,"featured_media":6316,"comment_status":"closed","ping_status":"closed","sticky":false,"template":"","format":"standard","meta":{"footnotes":""},"categories":[4],"tags":[],"class_list":["post-6311","post","type-post","status-publish","format-standard","has-post-thumbnail","hentry","category-randonnees"],"_links":{"self":[{"href":"https:\/\/culturotheque.fr\/index.php\/wp-json\/wp\/v2\/posts\/6311","targetHints":{"allow":["GET"]}}],"collection":[{"href":"https:\/\/culturotheque.fr\/index.php\/wp-json\/wp\/v2\/posts"}],"about":[{"href":"https:\/\/culturotheque.fr\/index.php\/wp-json\/wp\/v2\/types\/post"}],"author":[{"embeddable":true,"href":"https:\/\/culturotheque.fr\/index.php\/wp-json\/wp\/v2\/users\/1"}],"replies":[{"embeddable":true,"href":"https:\/\/culturotheque.fr\/index.php\/wp-json\/wp\/v2\/comments?post=6311"}],"version-history":[{"count":6,"href":"https:\/\/culturotheque.fr\/index.php\/wp-json\/wp\/v2\/posts\/6311\/revisions"}],"predecessor-version":[{"id":6389,"href":"https:\/\/culturotheque.fr\/index.php\/wp-json\/wp\/v2\/posts\/6311\/revisions\/6389"}],"wp:featuredmedia":[{"embeddable":true,"href":"https:\/\/culturotheque.fr\/index.php\/wp-json\/wp\/v2\/media\/6316"}],"wp:attachment":[{"href":"https:\/\/culturotheque.fr\/index.php\/wp-json\/wp\/v2\/media?parent=6311"}],"wp:term":[{"taxonomy":"category","embeddable":true,"href":"https:\/\/culturotheque.fr\/index.php\/wp-json\/wp\/v2\/categories?post=6311"},{"taxonomy":"post_tag","embeddable":true,"href":"https:\/\/culturotheque.fr\/index.php\/wp-json\/wp\/v2\/tags?post=6311"}],"curies":[{"name":"wp","href":"https:\/\/api.w.org\/{rel}","templated":true}]}}