{"id":6319,"date":"2020-12-09T22:00:57","date_gmt":"2020-12-09T21:00:57","guid":{"rendered":"http:\/\/culturotheque.fr\/?p=6319"},"modified":"2020-12-10T10:53:42","modified_gmt":"2020-12-10T09:53:42","slug":"promenarando-2","status":"publish","type":"post","link":"https:\/\/culturotheque.fr\/index.php\/2020\/12\/09\/promenarando-2\/","title":{"rendered":"Promenarando"},"content":{"rendered":"<p style=\"text-align: justify;\"><a href=\"https:\/\/photos.app.goo.gl\/UrQXdpow6VqhpEbE9\">Voir ici les photos de notre balade\u00a0 \u00e0 Beaucaire<\/a><br \/>\n<!--more--><br \/>\nBetty est absente mais la joie des retrouvailles est au rdv de notre promenade du mercredi&#8230; Ah qu&rsquo;elle nous a manqu\u00e9 ! Certes pas pour le chemin, encore qu&rsquo;aujourd&rsquo;hui nous sommes fascin\u00e9s pas sa beaut\u00e9 de fin d&rsquo;automne avec un beau soleil transper\u00e7ant, mais pour les conversations !<br \/>\nSt\u00e9phanie devant donne la cadence jusqu&rsquo;au premier arr\u00eat traditionnel : celui de Roselyne !<br \/>\nQuelques plantes nous distraient, le Rh\u00f4ne priv\u00e9 de sa roseli\u00e8re, les h\u00e9rons, jusqu&rsquo;\u00e0 arriver \u00e0 une plate-bande de Chardons Marie. Pas de cueillette aujourd&rsquo;hui, ils ont d\u00e9j\u00e0 des piquants, mais les cuisini\u00e8res assurent qu&rsquo;elles se sont r\u00e9gal\u00e9es apr\u00e8s leur pr\u00e9c\u00e9dente balade !<br \/>\nDemi-tour tout aussi charmant.<br \/>\nPas au top moralement nous \u00e9tions ces derniers jours. Et bien disparu le mal-\u00eatre au fond de nous. On a relev\u00e9 la t\u00eate, on a souri \u00e0 la nature, on a donc pris du bon temps ! Au moins le temps de cette balade.<\/p>\n","protected":false},"excerpt":{"rendered":"<p>Voir ici les photos de notre balade\u00a0 \u00e0 Beaucaire<\/p>\n","protected":false},"author":1,"featured_media":6329,"comment_status":"closed","ping_status":"closed","sticky":false,"template":"","format":"standard","meta":{"footnotes":""},"categories":[4],"tags":[],"class_list":["post-6319","post","type-post","status-publish","format-standard","has-post-thumbnail","hentry","category-randonnees"],"_links":{"self":[{"href":"https:\/\/culturotheque.fr\/index.php\/wp-json\/wp\/v2\/posts\/6319","targetHints":{"allow":["GET"]}}],"collection":[{"href":"https:\/\/culturotheque.fr\/index.php\/wp-json\/wp\/v2\/posts"}],"about":[{"href":"https:\/\/culturotheque.fr\/index.php\/wp-json\/wp\/v2\/types\/post"}],"author":[{"embeddable":true,"href":"https:\/\/culturotheque.fr\/index.php\/wp-json\/wp\/v2\/users\/1"}],"replies":[{"embeddable":true,"href":"https:\/\/culturotheque.fr\/index.php\/wp-json\/wp\/v2\/comments?post=6319"}],"version-history":[{"count":6,"href":"https:\/\/culturotheque.fr\/index.php\/wp-json\/wp\/v2\/posts\/6319\/revisions"}],"predecessor-version":[{"id":6333,"href":"https:\/\/culturotheque.fr\/index.php\/wp-json\/wp\/v2\/posts\/6319\/revisions\/6333"}],"wp:featuredmedia":[{"embeddable":true,"href":"https:\/\/culturotheque.fr\/index.php\/wp-json\/wp\/v2\/media\/6329"}],"wp:attachment":[{"href":"https:\/\/culturotheque.fr\/index.php\/wp-json\/wp\/v2\/media?parent=6319"}],"wp:term":[{"taxonomy":"category","embeddable":true,"href":"https:\/\/culturotheque.fr\/index.php\/wp-json\/wp\/v2\/categories?post=6319"},{"taxonomy":"post_tag","embeddable":true,"href":"https:\/\/culturotheque.fr\/index.php\/wp-json\/wp\/v2\/tags?post=6319"}],"curies":[{"name":"wp","href":"https:\/\/api.w.org\/{rel}","templated":true}]}}