{"id":6321,"date":"2020-12-09T22:52:47","date_gmt":"2020-12-09T21:52:47","guid":{"rendered":"http:\/\/culturotheque.fr\/?p=6321"},"modified":"2020-12-11T10:47:23","modified_gmt":"2020-12-11T09:47:23","slug":"le-chateau-de-boulbon","status":"publish","type":"post","link":"https:\/\/culturotheque.fr\/index.php\/2020\/12\/09\/le-chateau-de-boulbon\/","title":{"rendered":"Le ch\u00e2teau de Boulbon"},"content":{"rendered":"<p><a href=\"https:\/\/photos.app.goo.gl\/XKDZbyqu6MRF54NK8\">Voir ici les photos de notre randonn\u00e9e \u00e0 Boulbon<\/a><br \/>\n<!--more--><\/p>\n<p style=\"text-align: justify;\">Il n\u2019existe pas de bonheur universel mais celui de nous retrouver pour randonner touche le bonheur \u00e0 sa fa\u00e7on et c\u2019est avec sourire, joie, palpitations et papillons dans le ventre que nous attaquons la mont\u00e9e de Roque Canine apr\u00e8s avoir admir\u00e9 le ch\u00e2teau de Boulbon.<br \/>\nTrois animateurs de rando, trois circuits diff\u00e9rents pr\u00e9par\u00e9s, quel chemin allons nous emprunter au Mourre Savoyard\u00a0?<br \/>\nOn ne vous dira pas qui l\u2019a remport\u00e9, mais c\u2019est la grande piste en cr\u00eate qui nous s\u00e9duit\u00a0: on rejoint ainsi la piste de San Salvador au pied du pylone, pas loin du Pas de Bouquet. Sur la droite nous allons reconna\u00eetre les ravins que nous avons souvent emprunt\u00e9s\u00a0: Tarlivay, le Ravin de Millet, de Gratte-Semelle. La piste est large, bien \u00e0 l\u2019abri du vent et les conversations sont donc bien anim\u00e9es\u00a0!<br \/>\nOn ne va pas \u00e0 St Michel de Frigolet, au pied du rocher de Raous on reprend le Mourre Savoyard pour s\u2019engager sur \u00a0la large piste des Grassette et les Plaines en laissant partir sur la droite les vallons du Rossignol et des Cavaillon\u00e8s qu\u2019on se promet de d\u00e9couvrir une prochaine fois. La piste nous offre presque un panorama \u00e0 360\u00b0 : les Alpilles, le Luberon, le Mont Ventoux, Avignon et le Palais des Papes, la Montagne d\u2019Aramon et le Rh\u00f4ne, Beaucaire et son ch\u00e2teau, Tarascon et toute la plaine jusqu\u2019\u00e0 Arles. Nos coiffures \u00ab coiff\u00e9es\/d\u00e9coiff\u00e9es \u00bb par le vent nous ravissent. Nous n\u2019avons pas froid : Ir\u00e8ne prom\u00e8ne toujours son pull sur ses \u00e9paules !<br \/>\nNous arrivons au Moulin de Bonnet o\u00f9 nous retrouvons avec un grand plaisir, une fois de plus, son gardien qui nous propose une visite que l\u2019on d\u00e9cline. L\u2019heure tourne et nos 3 h de libert\u00e9 conditionnelle vont se terminer, mais on accepte sa proposition de d\u00e9couvrir un nouveau sentier qui doit nous ramener \u00e0 Boulbon. On continue jusqu\u2019\u00e0 la table d\u2019orientation, on fait demi-tour pour trouver ce sentier bien mat\u00e9rialis\u00e9.<br \/>\nAttention aventure vertigineuse ! Descente effr\u00e9n\u00e9e, fabuleuse pour arriver dans le ravin de l\u2019enfer, sombre et casse-cou ! Description parfaite du Talweg ! Le sentier s\u2019adoucit dans un lit de feuilles mortes, la p\u00e9nombre s\u2019accentue ! Pas d\u2019\u00e9chappatoire \u00a0possible : des rochers\u00a0 force 4 pour les grimpeurs !<br \/>\nEt la lumi\u00e8re fut. Nous \u00a0arrivons dans le village o\u00f9 le soleil couchant projette sa lumi\u00e8re sur le ch\u00e2teau !<br \/>\nAlors qu\u2019est-ce que le bonheur ? \u00a0Il faut juste sortir et, on vous assure qu\u2019il nous tombe dessus par hasard !<br \/>\n<span style=\"text-decoration: underline;\"><strong>Cotation :<\/strong> <\/span>10.5 km &#8211; 437 m d\u00e9nivel\u00e9 &#8211; 7 randonneurs <em>(Hubert, Rapha\u00ebl, Ir\u00e8ne, C\u00e9cile, Odile, Marilyne, Mich\u00e8le).<\/em><\/p>\n","protected":false},"excerpt":{"rendered":"<p>Voir ici les photos de notre randonn\u00e9e \u00e0 Boulbon<\/p>\n","protected":false},"author":1,"featured_media":6325,"comment_status":"closed","ping_status":"closed","sticky":false,"template":"","format":"standard","meta":{"footnotes":""},"categories":[4],"tags":[],"class_list":["post-6321","post","type-post","status-publish","format-standard","has-post-thumbnail","hentry","category-randonnees"],"_links":{"self":[{"href":"https:\/\/culturotheque.fr\/index.php\/wp-json\/wp\/v2\/posts\/6321","targetHints":{"allow":["GET"]}}],"collection":[{"href":"https:\/\/culturotheque.fr\/index.php\/wp-json\/wp\/v2\/posts"}],"about":[{"href":"https:\/\/culturotheque.fr\/index.php\/wp-json\/wp\/v2\/types\/post"}],"author":[{"embeddable":true,"href":"https:\/\/culturotheque.fr\/index.php\/wp-json\/wp\/v2\/users\/1"}],"replies":[{"embeddable":true,"href":"https:\/\/culturotheque.fr\/index.php\/wp-json\/wp\/v2\/comments?post=6321"}],"version-history":[{"count":8,"href":"https:\/\/culturotheque.fr\/index.php\/wp-json\/wp\/v2\/posts\/6321\/revisions"}],"predecessor-version":[{"id":6341,"href":"https:\/\/culturotheque.fr\/index.php\/wp-json\/wp\/v2\/posts\/6321\/revisions\/6341"}],"wp:featuredmedia":[{"embeddable":true,"href":"https:\/\/culturotheque.fr\/index.php\/wp-json\/wp\/v2\/media\/6325"}],"wp:attachment":[{"href":"https:\/\/culturotheque.fr\/index.php\/wp-json\/wp\/v2\/media?parent=6321"}],"wp:term":[{"taxonomy":"category","embeddable":true,"href":"https:\/\/culturotheque.fr\/index.php\/wp-json\/wp\/v2\/categories?post=6321"},{"taxonomy":"post_tag","embeddable":true,"href":"https:\/\/culturotheque.fr\/index.php\/wp-json\/wp\/v2\/tags?post=6321"}],"curies":[{"name":"wp","href":"https:\/\/api.w.org\/{rel}","templated":true}]}}