{"id":6356,"date":"2020-12-14T18:02:46","date_gmt":"2020-12-14T17:02:46","guid":{"rendered":"http:\/\/culturotheque.fr\/?p=6356"},"modified":"2020-12-14T19:07:34","modified_gmt":"2020-12-14T18:07:34","slug":"chapelle-st-laurent-2","status":"publish","type":"post","link":"https:\/\/culturotheque.fr\/index.php\/2020\/12\/14\/chapelle-st-laurent-2\/","title":{"rendered":"Chapelle St Laurent"},"content":{"rendered":"<p style=\"text-align: justify;\"><a href=\"https:\/\/photos.app.goo.gl\/2WPrex9SSEsmjmht8\">Voir ici les photos de notre randonn\u00e9e \u00e0 Jonqui\u00e8res-St-Vincent.<\/a><br \/>\n<a href=\"https:\/\/photos.app.goo.gl\/8ogR9rrrsbnm4Luj7\">Voir ici les photos de Fran\u00e7oise.<\/a><br \/>\n<!--more-->D\u00e9part du march\u00e9 couvert de Jonqui\u00e8res. Nous sommes 10 au d\u00e9part de cette rando, donc deux groupes sont vite constitu\u00e9s avec 4 randonneurs qui partent au pas de course et l\u2019autre groupe qui suit \u00e0 une cadence plus cool. On entre dans le village de Jonqui\u00e8res pour rejoindre un chemin qui nous am\u00e8ne \u00e0 la Chapelle St Laurent.<br \/>\nA la fin de l\u2019Empire romain, Wisigoths, Arabes puis Francs se disputent la r\u00e9gion. Les derni\u00e8res arm\u00e9es sarrasines sont \u00e9cras\u00e9es au bord du Gardon dans la commune voisine de Montfrin par Charles Martel en 730. La r\u00e9gion passe ensuite sous le contr\u00f4le carolingien. A l\u2019Est de Jonqui\u00e8res, au pied des collines qui s\u00e9parent Jonqui\u00e8res et Beaucaire, une d\u00e9pression formait un petit lac entour\u00e9 de roseli\u00e8res qui donnent le nom \u00e0 la commune (<em>Jouquiero en proven\u00e7al et juncaria en latin signifient : lieu couvert de jonc<\/em>). C\u2019est l\u00e0 qu\u2019un village de p\u00eacheurs s\u2019\u00e9tait cr\u00e9\u00e9 sur sa rive vers l\u2019an 1000 :\u00a0 Saint-Laurent-de-Jonqui\u00e8res . Ce sont les habitants de cette commune qui ont b\u00e2ti la chapelle du prieur\u00e9 de Saint-Laurent-de-Jonqui\u00e8res qui appartenait \u00e0 l\u2019abbaye b\u00e9n\u00e9dictine de St Roman l\u2019Aiguille avant d\u2019\u00eatre rattach\u00e9e \u00e0 celle de Psalmodi.<br \/>\nPlus tard, vers le XIIe si\u00e8cle un village de vignerons se construit : St-Vincent-de-Cannois. C\u2019est sur la colline entre St Laurent et St Vincent que les habitants se regroupent et de St Laurent ne subsiste que\u00a0 la jolie petite chapelle romane. Nous nous rappelons quelques belles randos organis\u00e9es au profit du T\u00e9l\u00e9thon par La Culturoth\u00e8que avec, \u00e0 chaque fois, une visite d\u00e9taill\u00e9e de l\u2019int\u00e9rieur dont l\u2019arc triomphal du ch\u0153ur est soutenu par des bornes milliaires !<br \/>\nNous continuons sur le chemin balis\u00e9, conseill\u00e9 par Rapha\u00ebl, mais nous nous \u00e9garons au milieu des plantations de pommiers. Nous ramassons quelques pommes au sol mais nous devons avoir une s\u00e9v\u00e8re concurrence car elles sont presque toutes \u00ab\u00a0entam\u00e9es\u00a0\u00bb et \u00ab\u00a0grignot\u00e9es\u00a0\u00bb. Rats ou ragondins\u00a0? \u00a0C\u2019est vrai que de nombreux canaux nous emp\u00eachent l\u2019acc\u00e8s \u00a0au \u00a0sentier qui longe les collines de St Roman.<br \/>\nUne fois sur ce chemin nous prenons la direction de Comps pour rejoindre le GR qui nous entra\u00eene vers le Mas du Maire puis vers la source de Tavie. Ce cadre bucolique nous enchante, d\u2019autant qu\u2019aujourd\u2019hui il y a de l\u2019eau dans la mare.<br \/>\nNous continuons vers la Font Couverte o\u00f9 un joli b\u00e2timent cache une source avant de prendre un sentier myst\u00e9rieux bord\u00e9 de roseaux et bambous qui devaient, peut-\u00eatre, constituer le paysage des habitants de St-Laurent \u00e0 l\u2019\u00e9poque.<br \/>\nLes cloches sonnent midi lorsque nous arrivons au march\u00e9 couvert de Jonqui\u00e8res, toutes bien heureuses d\u2019avoir pass\u00e9 ces beaux moments de partage de paysage.<br \/>\n<span style=\"text-decoration: underline;\"><strong>Cotation\u00a0:<\/strong> <\/span>11 km \u2013 100 m d\u00e9nivel\u00e9\u00a0 &#8211; 6 randonneurs <em>(Elisabeth, Fran\u00e7oise, Odile, Ir\u00e8ne, Betty, Mich\u00e8le)<\/em> et une deuxi\u00e8me rando de 16 km \u2013 4 randonneurs\u00a0<em>(Marilyne, Yves, Rapha\u00ebl et Hubert).<\/em><\/p>\n","protected":false},"excerpt":{"rendered":"<p>Voir ici les photos de notre randonn\u00e9e \u00e0 Jonqui\u00e8res-St-Vincent. Voir ici les photos de Fran\u00e7oise.<\/p>\n","protected":false},"author":1,"featured_media":6361,"comment_status":"closed","ping_status":"closed","sticky":false,"template":"","format":"standard","meta":{"footnotes":""},"categories":[4],"tags":[],"class_list":["post-6356","post","type-post","status-publish","format-standard","has-post-thumbnail","hentry","category-randonnees"],"_links":{"self":[{"href":"https:\/\/culturotheque.fr\/index.php\/wp-json\/wp\/v2\/posts\/6356","targetHints":{"allow":["GET"]}}],"collection":[{"href":"https:\/\/culturotheque.fr\/index.php\/wp-json\/wp\/v2\/posts"}],"about":[{"href":"https:\/\/culturotheque.fr\/index.php\/wp-json\/wp\/v2\/types\/post"}],"author":[{"embeddable":true,"href":"https:\/\/culturotheque.fr\/index.php\/wp-json\/wp\/v2\/users\/1"}],"replies":[{"embeddable":true,"href":"https:\/\/culturotheque.fr\/index.php\/wp-json\/wp\/v2\/comments?post=6356"}],"version-history":[{"count":6,"href":"https:\/\/culturotheque.fr\/index.php\/wp-json\/wp\/v2\/posts\/6356\/revisions"}],"predecessor-version":[{"id":6363,"href":"https:\/\/culturotheque.fr\/index.php\/wp-json\/wp\/v2\/posts\/6356\/revisions\/6363"}],"wp:featuredmedia":[{"embeddable":true,"href":"https:\/\/culturotheque.fr\/index.php\/wp-json\/wp\/v2\/media\/6361"}],"wp:attachment":[{"href":"https:\/\/culturotheque.fr\/index.php\/wp-json\/wp\/v2\/media?parent=6356"}],"wp:term":[{"taxonomy":"category","embeddable":true,"href":"https:\/\/culturotheque.fr\/index.php\/wp-json\/wp\/v2\/categories?post=6356"},{"taxonomy":"post_tag","embeddable":true,"href":"https:\/\/culturotheque.fr\/index.php\/wp-json\/wp\/v2\/tags?post=6356"}],"curies":[{"name":"wp","href":"https:\/\/api.w.org\/{rel}","templated":true}]}}