{"id":6406,"date":"2021-01-06T19:41:26","date_gmt":"2021-01-06T18:41:26","guid":{"rendered":"http:\/\/culturotheque.fr\/?p=6406"},"modified":"2021-01-09T12:10:33","modified_gmt":"2021-01-09T11:10:33","slug":"les-cadenieres","status":"publish","type":"post","link":"https:\/\/culturotheque.fr\/index.php\/2021\/01\/06\/les-cadenieres\/","title":{"rendered":"Les Cadeni\u00e8res"},"content":{"rendered":"<p><a href=\"https:\/\/photos.app.goo.gl\/twytYfwjeQv3WZoJ9\">Voir ici les photos de notre 1\u00e8re randonn\u00e9e de l&rsquo;ann\u00e9e 2021<\/a><br \/>\n<!--more--><\/p>\n<p style=\"text-align: justify;\">La premi\u00e8re randonn\u00e9e de l\u2019ann\u00e9e est toujours un peu sp\u00e9ciale. On se souhaite Bonne Ann\u00e9e, c\u2019est s\u00fbr, mais aujourd\u2019hui pas de bisou, on garde nos masques et direction, surprise, \u00a0la montagne enneig\u00e9e ! Raquettes ou rando ?<br \/>\nOn cr\u00e9e deux groupes, aujourd\u2019hui la parit\u00e9, donc un groupe de gar\u00e7ons et un groupe de filles. Mais pas si facile de rester dans son coin, alors 2 par 2 au hasard des discussions nous allons sur une piste en balcon qui\u00a0 d\u2019embl\u00e9e nous offre un immense panorama\u00a0: il en sera ainsi pratiquement \u00a0toute la balade.<br \/>\nUne descente pourrait \u00eatre inqui\u00e9tante avec la neige, mais nous arrivons bien tranquillement \u00e0 une autre piste perpendiculaire qui nous fait passer \u00e0 c\u00f4t\u00e9 d\u2019une citerne, rejoindre une route que l\u2019on laisse pour prendre un pont sur la droite ! Et oui, Messieurs, c\u2019est bien la piste \u00e0 droite du ruisseau qu\u2019il faut prendre et non longer la route !<br \/>\nUne mont\u00e9e douce nous offre encore des panoramas fantastiques\u00a0 et des passages entre rochers vertigineux.<br \/>\nIl fait du vent, il fait froid mais ne sommes nous pas en Montagne\u00a0? Avec de la neige\u00a0?<br \/>\nArriv\u00e9s au sommet, pour suivre une cr\u00eate, le sentier s\u2019assagit mais c\u2019est sans compter notre d\u00e9sir de jouer aux cabris\u00a0!<br \/>\nQuels paysages\u00a0!<br \/>\nLa piste s\u2019assombrit durant un court passage avant de d\u00e9boucher \u00e0 nouveau sur une \u00e9chapp\u00e9e spectaculaire. On poursuit le tableau en faisant un aller\/retour \u00e0 la tour de guet.<br \/>\nLe retour se fait sur la piste verglac\u00e9e avec en point de mire le soleil qui descend doucement dans la mer.\u00a0 Il est un peut t\u00f4t pour le rayon vert !<br \/>\nGalette des rois, faute de saucisses grill\u00e9es traditionnelles, clairette de Die, faute de Champagne, mais les c\u0153urs sont bien \u00e0 la f\u00eate de nos retrouvailles !<br \/>\nPeut-\u00eatre en saurez-vous un peu plus sur cette belle randonn\u00e9e\u2026 mais attention, il faudra payer bien cher pour nous tirer les vers du nez\u00a0!<br \/>\n<strong><u>Cotation<\/u><\/strong> : DJB2 &#8211; 9 km \u2013 445 m d\u00e9nivel\u00e9 \u2013 12 randonneurs <em>( Betty, Martine L., Mich\u00e8le E., Monique, Yvette, Mich\u00e8le N., N\u00e9n\u00e9, Charles, Hubert, Rapha\u00ebl, Jacques, Philippe)<\/em><\/p>\n","protected":false},"excerpt":{"rendered":"<p>Voir ici les photos de notre 1\u00e8re randonn\u00e9e de l&rsquo;ann\u00e9e 2021<\/p>\n","protected":false},"author":1,"featured_media":6409,"comment_status":"closed","ping_status":"closed","sticky":false,"template":"","format":"standard","meta":{"footnotes":""},"categories":[4],"tags":[],"class_list":["post-6406","post","type-post","status-publish","format-standard","has-post-thumbnail","hentry","category-randonnees"],"_links":{"self":[{"href":"https:\/\/culturotheque.fr\/index.php\/wp-json\/wp\/v2\/posts\/6406","targetHints":{"allow":["GET"]}}],"collection":[{"href":"https:\/\/culturotheque.fr\/index.php\/wp-json\/wp\/v2\/posts"}],"about":[{"href":"https:\/\/culturotheque.fr\/index.php\/wp-json\/wp\/v2\/types\/post"}],"author":[{"embeddable":true,"href":"https:\/\/culturotheque.fr\/index.php\/wp-json\/wp\/v2\/users\/1"}],"replies":[{"embeddable":true,"href":"https:\/\/culturotheque.fr\/index.php\/wp-json\/wp\/v2\/comments?post=6406"}],"version-history":[{"count":5,"href":"https:\/\/culturotheque.fr\/index.php\/wp-json\/wp\/v2\/posts\/6406\/revisions"}],"predecessor-version":[{"id":6426,"href":"https:\/\/culturotheque.fr\/index.php\/wp-json\/wp\/v2\/posts\/6406\/revisions\/6426"}],"wp:featuredmedia":[{"embeddable":true,"href":"https:\/\/culturotheque.fr\/index.php\/wp-json\/wp\/v2\/media\/6409"}],"wp:attachment":[{"href":"https:\/\/culturotheque.fr\/index.php\/wp-json\/wp\/v2\/media?parent=6406"}],"wp:term":[{"taxonomy":"category","embeddable":true,"href":"https:\/\/culturotheque.fr\/index.php\/wp-json\/wp\/v2\/categories?post=6406"},{"taxonomy":"post_tag","embeddable":true,"href":"https:\/\/culturotheque.fr\/index.php\/wp-json\/wp\/v2\/tags?post=6406"}],"curies":[{"name":"wp","href":"https:\/\/api.w.org\/{rel}","templated":true}]}}