{"id":6413,"date":"2021-01-08T18:24:55","date_gmt":"2021-01-08T17:24:55","guid":{"rendered":"http:\/\/culturotheque.fr\/?p=6413"},"modified":"2021-01-21T11:52:25","modified_gmt":"2021-01-21T10:52:25","slug":"autour-des-tunnels","status":"publish","type":"post","link":"https:\/\/culturotheque.fr\/index.php\/2021\/01\/08\/autour-des-tunnels\/","title":{"rendered":"Autour des Tunnels."},"content":{"rendered":"<p><a href=\"https:\/\/photos.app.goo.gl\/nzFA7CWveaDEszL27\">Voir ici les photos de Yves <em>(1er groupe)<\/em><\/a><br \/>\n<a href=\"https:\/\/photos.app.goo.gl\/Kue8oSJKvoShv4zz9\">Voir ici les photos de notre randonn\u00e9e \u00e0 St Bonnet du Gard<em> (2\u00e8me groupe)<\/em><\/a><br \/>\n<!--more--><\/p>\n<p style=\"text-align: justify;\">Ce matin il fait frisquet, mais nous sommes bien d\u00e9cid\u00e9s \u00e0 partager ces moments o\u00f9 l\u2019on se retrouve enfin pour ensemble pour cheminer sur quelques sentiers. Ce matin, c\u2019est cool !<br \/>\nNous partons tous du parking du cimeti\u00e8re au bas de l\u2019\u00e9glise fortifi\u00e9e de St Bonnet du Gard magnifiquement \u00e9clair\u00e9e par le soleil levant.<br \/>\n12 randonneurs, <em>(Marilyne, Yves, Hubert, Rapha\u00ebl, Philippe, Mich\u00e8le E., Jean-Marie, Christian, Daniel, Elisabeth, Marit\u00e9, Mich\u00e8le N.)<\/em> donc 2 groupes sont constitu\u00e9s, un groupe qui marchera plus vite <em>(voir le compte-rendu de Rapha\u00ebl ci-dessous)<\/em> et le groupe Rando Sant\u00e9\u00ae.<\/p>\n<p style=\"text-align: justify;\"><strong>Le premier groupe<\/strong> s\u2019\u00e9lance \u00e0 l\u2019assaut de Marduel qui est un petit promontoire qui s&rsquo;\u00e9l\u00e8ve \u00e0 140 m. La pente est agr\u00e9able et serpente dans la garrigue. De l\u00e0-haut une vue \u00e0 360\u00b0. Mais c&rsquo;est Mistral et il fait froid. Nous prenons le temps de scruter les demeures en-dessous, toutes \u00e0 l&rsquo;ombre et nous scrutons Remoulins, la vieille ville au bord du Gardon et plus loin la verrue de la zone industrielle. Dommage, mais il faut bien vivre. Apr\u00e8s un petit conciliabule nous partons sur le sentier le long de la cr\u00eate. Mistral quand tu nous tient !!! Et puis tout d&rsquo;un coup le sentier joue \u00e0 cache-cache. O\u00f9 est-il ? Nous nous engageons dans une sente mais bien vite nous sommes bloqu\u00e9s par la salse-pareille. Elle, quand elle nous tient ce n&rsquo;est pas une sin\u00e9cure. Le GPS nous sauve : le sentier est juste \u00e0 droite sur la cr\u00eate. Merci Dieu GPS car sur la carte nennni.<br \/>\nLa descente est agr\u00e9able, \u00e0 l&rsquo;abri du vent. Nous retrouvons la route et basculons vers Sernhac et ses tunnels. Nous traversons les 74 m du tunnel de la\u00a0 Perrote. A la sortie des courageux refont un escalier en pierre. Chapeau. Mais il ne fallait pas traverser. Le chemin \u00e9tait avant. Pas de souci nous improvisons et en quelques enjamb\u00e9es nous retrouvons notre trac\u00e9. Direction la cr\u00eate et le fameux point 6 du topo que nous avons re\u00e7u. Et l\u00e0-haut , non on ne va pas siffler sur la montagne mais on se g\u00e8le les cacahu\u00e8tes. Et la d\u00e9cision unanime tombe. Nous rentrons , nous n&rsquo;irons pas faire le tour au Sablas. Il fait trop froid et nous n&rsquo;avons pas envie de manger au coin du bois avec cette temp\u00e9rature. Arriv\u00e9s \u00e0 l&rsquo;\u00e9glise, surprise. L&rsquo;autre groupe n&rsquo;est pas arriv\u00e9. Nous les attendons un peu pour \u00e9viter quelque probl\u00e8me de retour \u00e0 la maison sans les cl\u00e9s.\u00a0\u00a0\u00a0\u00a0\u00a0\u00a0\u00a0\u00a0\u00a0\u00a0\u00a0\u00a0\u00a0\u00a0\u00a0\u00a0\u00a0\u00a0\u00a0\u00a0\u00a0\u00a0\u00a0\u00a0\u00a0\u00a0\u00a0<em> Rapha\u00ebl.<\/em><br \/>\n<strong><u>Cotation\u00a0:<\/u><\/strong> DJB1 &#8211; 6.7 km avec 270 m de d\u00e9nivel\u00e9 positif.<\/p>\n<p style=\"text-align: justify;\">Le <strong>second groupe<\/strong> se dirige, plut\u00f4t en descente, vers la droite pour longer une vigne, puis la voie ferr\u00e9e et, apr\u00e8s des conversations tr\u00e8s anim\u00e9es par groupe de 2 nous arrivons \u00e0 Sernhac (<em>disons un peu par \u00e9tourderie\u00a0!).<br \/>\n<\/em>La correction est imm\u00e9diate et nous retrouvons l\u2019esplanade des tunnels. Des \u00e9quipes de travailleurs sont en place\u00a0: installation de plots pour limiter l\u2019acc\u00e8s par les voitures, construction de tables de pique-nique et r\u00e9ajustement du terrain pour simuler la pente emprunt\u00e9e par l\u2019aqueduc pour lesquels les deux tunnels que nous allons traverser ont \u00e9t\u00e9 construits.<br \/>\nEn effet, au milieu du 1<sup>er<\/sup> si\u00e8cle apr\u00e8s J.-C. les romains b\u00e2tissent un aqueduc pour acheminer l\u2019eau\u00a0 depuis la source de l\u2019Eure \u00e0 Uz\u00e8s jusqu\u2019au castellum divisarium \u00a0de N\u00eemes. A l\u2019\u00e9poque romaine, les villes consomment beaucoup d\u2019eau pour boire, se laver mais aussi pour des loisirs. L\u2019aqueduc est une construction de prestige qui permettait de cr\u00e9er des jardins, des fontaines et des thermes. Il serpente sur plus de 50 km avec une pente douce de 24.8 cm par km qui permet un d\u00e9bit de 35 000 m<sup>3<\/sup>\/jour. Pour construire l\u2019aqueduc\u00a0 il fallait s\u2019adapter au relief du terrain. Il fallait aussi que l\u2019eau puisse circuler \u00e0 l\u2019int\u00e9rieur, il a donc fallu calculer une pente moyenne.<br \/>\nDonc, ici il y a deux tunnels, le \u00ab tunnel de La Perrote \u00bb\u00a0 mesure 60 m de long et l\u2019autre \u00ab tunnel des\u00a0\u00a0 Cantarelles\u00bb\u00a0 66 m (<em>et il y en avait un autre dans le village de Sernhac qui mesurait environ 400 m). <\/em>On \u00a0parcourt les deux tunnels pour y d\u00e9couvrir les\u00a0 chemin\u00e9es par lesquelles descendaient les hommes qui s\u2019en servaient aussi pour remonter les gravats. On peut y voir les coups de pics (<em>escoude<\/em>) et les trous pour les lampes \u00e0 huile. On y voit aussi une erreur de direction car les \u00e9quipes creusaient dos \u00e0 dos et pouvaient se rejoindre avec un d\u00e9calage.<br \/>\nFiers de nos d\u00e9couvertes, on s\u2019\u00e9l\u00e8ve tr\u00e8s vite pour survoler le site et le panorama des alentours\u00a0! A l\u2019abri du vent, au soleil, nous commen\u00e7ons \u00e0 \u00eatre vraiment bien.<br \/>\nOn pourrait rentrer directement en suivant le GR mais on fait une petite boucle bien sympathique vers les prairies des Ormeaux, Garrigoles et Vallajouse pour revenir reprendre le GR qui nous ram\u00e8ne vers l\u2019Eglise fortifi\u00e9e.<br \/>\nNous avons du temps, alors nous allons d\u00e9ambuler dans les ruelles du village de St Bonnet, ou le Saint y aurait exerc\u00e9 son magistaire au VIIe si\u00e8cle, lequel s\u2019est enrichi consid\u00e9rablement en entretenant un commerce de sel avec les moines de Psalmodi. En effet, ici une route du sel passait \u00e0 proximit\u00e9 afin de passer un gu\u00e9 sur le Gardon. On d\u00e9couvre l\u2019horloge et son campanile, on va jusqu\u2019\u00e0 la Fontaine et on remonte \u00e0 l\u2019\u00e9glise fortifi\u00e9e par de jolies andrones calad\u00e9es.<br \/>\nOn est accueilli avec des cris de joie lorsque nous arrivons au parking car\u2026 l\u2019autre groupe est arriv\u00e9 et nous sommes tous tip top au rdv pour rentrer \u00e0 la maison avec la t\u00eate pleine de nos jolis sentiers !<br \/>\n<strong><u>Cotation\u00a0:<\/u><\/strong> DJA1 \u2013 6.5\u00a0 km \u2013 194 m d\u00e9nivel\u00e9 (<em>Jean-Marie, Mich\u00e8le E., Christian, Daniel, Elisabeth, Marit\u00e9, Mich\u00e8le N.<\/em>) &#8211; DJ &#8211; 6.9 km &#8211; 250 m d\u00e9nivel\u00e9 (<em>Rapha\u00ebl &#8211; Philippe &#8211; Yves &#8211; Marilyne)<\/em><\/p>\n","protected":false},"excerpt":{"rendered":"<p>Voir ici les photos de Yves (1er groupe) Voir ici les photos de notre randonn\u00e9e \u00e0 St Bonnet du Gard (2\u00e8me groupe)<\/p>\n","protected":false},"author":1,"featured_media":6417,"comment_status":"closed","ping_status":"closed","sticky":false,"template":"","format":"standard","meta":{"footnotes":""},"categories":[4],"tags":[],"class_list":["post-6413","post","type-post","status-publish","format-standard","has-post-thumbnail","hentry","category-randonnees"],"_links":{"self":[{"href":"https:\/\/culturotheque.fr\/index.php\/wp-json\/wp\/v2\/posts\/6413","targetHints":{"allow":["GET"]}}],"collection":[{"href":"https:\/\/culturotheque.fr\/index.php\/wp-json\/wp\/v2\/posts"}],"about":[{"href":"https:\/\/culturotheque.fr\/index.php\/wp-json\/wp\/v2\/types\/post"}],"author":[{"embeddable":true,"href":"https:\/\/culturotheque.fr\/index.php\/wp-json\/wp\/v2\/users\/1"}],"replies":[{"embeddable":true,"href":"https:\/\/culturotheque.fr\/index.php\/wp-json\/wp\/v2\/comments?post=6413"}],"version-history":[{"count":10,"href":"https:\/\/culturotheque.fr\/index.php\/wp-json\/wp\/v2\/posts\/6413\/revisions"}],"predecessor-version":[{"id":6499,"href":"https:\/\/culturotheque.fr\/index.php\/wp-json\/wp\/v2\/posts\/6413\/revisions\/6499"}],"wp:featuredmedia":[{"embeddable":true,"href":"https:\/\/culturotheque.fr\/index.php\/wp-json\/wp\/v2\/media\/6417"}],"wp:attachment":[{"href":"https:\/\/culturotheque.fr\/index.php\/wp-json\/wp\/v2\/media?parent=6413"}],"wp:term":[{"taxonomy":"category","embeddable":true,"href":"https:\/\/culturotheque.fr\/index.php\/wp-json\/wp\/v2\/categories?post=6413"},{"taxonomy":"post_tag","embeddable":true,"href":"https:\/\/culturotheque.fr\/index.php\/wp-json\/wp\/v2\/tags?post=6413"}],"curies":[{"name":"wp","href":"https:\/\/api.w.org\/{rel}","templated":true}]}}