{"id":6430,"date":"2021-01-11T17:50:32","date_gmt":"2021-01-11T16:50:32","guid":{"rendered":"http:\/\/culturotheque.fr\/?p=6430"},"modified":"2021-01-12T09:30:38","modified_gmt":"2021-01-12T08:30:38","slug":"la-grande-combe","status":"publish","type":"post","link":"https:\/\/culturotheque.fr\/index.php\/2021\/01\/11\/la-grande-combe\/","title":{"rendered":"La Grande Combe"},"content":{"rendered":"<p style=\"text-align: justify;\"><a href=\"https:\/\/photos.app.goo.gl\/7ucJdrbcjRis8NZG7\">Voir ici les photos de notre randonn\u00e9e \u00e0 St Hilaire d&rsquo;Ozilhan (2\u00e8me groupe)<\/a><br \/>\n<a href=\"https:\/\/photos.app.goo.gl\/Y84SgkgSFbySrUbn6\">Voir ici les photos de Yves (1er groupe)<\/a><br \/>\n<!--more-->Il\u00a0 fait froid lorsque nous sommes au rdv devant l\u2019\u00e9glise de St-Hilaire-d\u2019Ozilhan. Nous sommes 8, il faut donc faire deux groupes. Le groupe des \u00ab rapides \u00bb, sans demander leur reste s\u2019enfuient devant nous au pas de course.<br \/>\n<strong>*Groupe 1<\/strong><br \/>\nCe matin il fait froid ( 2\u00b0 ) et le Mistral souffle.<br \/>\nNous partons guilleret vers la chapelle Saint Etienne du Clastre. Belle construction de pierre du XII<sup>e<\/sup> toute r\u00e9nov\u00e9e. Mais que veut dire \u00ab\u00a0Clastre\u00a0\u00bb ? Cela viendrait du mot clastro qui signifie presbyt\u00e8re ou maison curiale, la maison o\u00f9 sont log\u00e9s les pr\u00eatres. En Languedoc c&rsquo;est un clo\u00eetre.<br \/>\nLe chemin est plat et nous marchons d&rsquo;un bon pas jusqu&rsquo;\u00e0 la bifurcation qui nous plonge dans la Grand Combe. Nous serpentons dans la v\u00e9g\u00e9tation \u00e0 l&rsquo;abri du vent. Nous sommes entour\u00e9s de falaises, mais le rythme est toujours bon. Nous admirons incr\u00e9dules les fixations du mur d&rsquo;escalade.<br \/>\nArriv\u00e9s \u00e0 la ferme photovolta\u00efque nous faisons un saut vers le trou des Camisards. C&rsquo;est une faille remplie de v\u00e9g\u00e9tation . Difficile d&rsquo;imaginer que ce tenait l\u00e0 un culte interdit. Quelques mots d&rsquo;Histoire pour la Culture: C\u00e9vennes , Camisards , Fanatiques, Edit de Nantes, Louis XIV, 1702-1704, 20000 insurg\u00e9s paysans de 20 \u00e0 25 ans, presque tous morts pour leur foi, les rescap\u00e9s ont fui en Suisse. Toujours la m\u00eame intol\u00e9rance au nom de la Religion. Rien n&rsquo;a chang\u00e9.<br \/>\nNous reprenons notre marche le long du GR dans la bonne humeur en nous racontant des tas de choses. Nous apercevons St Hilaire . A droite le Castelas m\u00e9di\u00e9val qui surplombe le village . Un rapide d\u00e9tour et nous voil\u00e0 rendus.<br \/>\nLe froid nous incite \u00e0 rentrer d\u00e9jeuner \u00e0 la maison. Cela devient une habitude mais les 16 km ont \u00e9t\u00e9 vite aval\u00e9s. Probablement \u00e0 cause du froid . Nous avions besoin de nous r\u00e9chauffer.<br \/>\n<em>\u00a0\u00a0\u00a0\u00a0\u00a0\u00a0\u00a0\u00a0\u00a0\u00a0\u00a0\u00a0\u00a0\u00a0\u00a0\u00a0\u00a0\u00a0\u00a0\u00a0\u00a0\u00a0\u00a0\u00a0\u00a0\u00a0\u00a0\u00a0\u00a0\u00a0\u00a0\u00a0\u00a0\u00a0\u00a0\u00a0\u00a0\u00a0\u00a0\u00a0\u00a0\u00a0\u00a0\u00a0\u00a0\u00a0\u00a0\u00a0\u00a0\u00a0\u00a0\u00a0\u00a0\u00a0\u00a0\u00a0\u00a0\u00a0\u00a0\u00a0\u00a0\u00a0\u00a0\u00a0\u00a0\u00a0\u00a0\u00a0\u00a0\u00a0\u00a0\u00a0\u00a0\u00a0\u00a0\u00a0\u00a0\u00a0\u00a0\u00a0\u00a0\u00a0\u00a0\u00a0\u00a0\u00a0\u00a0\u00a0\u00a0\u00a0\u00a0\u00a0\u00a0\u00a0\u00a0\u00a0\u00a0\u00a0\u00a0\u00a0\u00a0 Rapha\u00ebl<\/em><br \/>\n<strong>*Groupe 2<\/strong><br \/>\nNous prenons le temps de faire le tour du village et on y admire un lavoir qui date de 1816 avec une fontaine en forme de mausol\u00e9e qui abriterait un captage de plusieurs sources. Fi\u00e8res de notre\u00a0 d\u00e9couverte nous mettons le cap sur la chapelle\u00a0 St Etienne de Clastre en faisant un petit d\u00e9tour par un chemin bucolique <em>(assez cach\u00e9).<\/em> La chapelle pr\u00e9-romane se dresse isol\u00e9e au milieu des vignes. Le vent souffle mais nous en faisons quand m\u00eame le tour et on observe la toiture de pierre.<br \/>\nOn file enfin sur la piste. On marche d\u2019un bon pas, le vent est toujours aussi froid. On rejoint le chemin de Beaucaire qui nous am\u00e8ne presque \u00e0 l\u2019autoroute.<br \/>\nDe l\u00e0 nous allons bifurquer et prendre une combe entre deux chaines de pics rocheux. Nous sommes au Paradis ! Pas de vent, sente \u00e9troite bord\u00e9e de houx ou de buis, arbres biscornus qui sont en fait des ch\u00eanes verts dont le tronc est souvent entour\u00e9 de lierre. Il fait bon, on ouvre nos vestes, on quitte nos bonnets et nos gants et on se laisse aller dans ce sentier vraiment adapt\u00e9 \u00e0 la m\u00e9t\u00e9o d\u2019aujourd\u2019hui. En levant la t\u00eate on peut apercevoir les roches qui s\u2019\u00e9l\u00e8vent toutes droites. On y remarque des pitons pour les grimpeurs.<br \/>\nLa sente se perd toujours tout droit mais nous rep\u00e9rons sur la gauche un sentier que nous prenons par curiosit\u00e9. Il nous plait, on continue jusqu\u2019\u00e0 traverser la chaine montagneuse et passer dans une garrigue profonde. On fait un petit aller\/retour pour une grimpette, puis on reprend ce sentier en d\u00e9cidant de ne pas faire demi-tour.<br \/>\nOn arrive ainsi sur une grande piste qu\u2019on abandonne pour revenir vers cette grande combe. L\u2019herbe est douce sous nos pieds, le soleil chauffe nos \u00e9paules on est bien. On arrive ainsi sur le plateau initial pour rejoindre la ligne \u00e0 Hte Tension et, toujours courageuses, on continue jusqu\u2019au\u00a0 \u00ab Trou des Camisards \u00bb. Il s\u2019agit d\u2019une\u00a0 grande combe qui s\u2019enfonce devant nous. C\u2019est l\u00e0 que des Camisards, poursuivis par les soldats du roi, se cachaient et cachaient aussi leurs magasins alimentaires et de munitions.<br \/>\nIl n\u2019est pas loin de midi alors on s\u2019installe au soleil pour notre pause d\u00e9jeuner. On se prend pendant un moment pour des l\u00e9zards tant il fait bon. Pas de partage, on respecte bien les consignes sanitaires\u00a0!<br \/>\nOn revient sur nos pas, on passe en bordure d\u2019une ferme photovolta\u00efque qui fait, par moment un dr\u00f4le de bruit lorsque le vent souffle \u00a0et on trouve sans difficult\u00e9 le GR qui nous ram\u00e8ne en 4 kms \u00e0 St Hilaire d\u2019Ozilhan. On fait silence pour \u00e9couter les oiseaux qui, tout aussi heureux que nous, chantent \u00e0 tue-t\u00eate et de temps en temps on admire le paysage au loin : le Castellas m\u00e9di\u00e9val, Castillon du Gard, le pont du Gard que l\u2019on aper\u00e7oit tr\u00e8s bien entre deux arbres, Remoulins aussi.<br \/>\nSur la fin on tra\u00eene le pas, on n\u2019a pas envie de rentrer il n\u2019est que 13h30 lorsqu\u2019on arrive aux voitures.<br \/>\nCroyez-nous, on s\u2019est bien f\u00e9licit\u00e9 d\u2019avoir fait l\u2019effort de se lever ce matin : on a pleinement profit\u00e9 de cette belle balade que l\u2019on se promet de refaire, \u00e0 l\u2019envers au printemps !<\/p>\n<p style=\"text-align: justify;\"><span style=\"text-decoration: underline;\"><strong>Cotation\u00a0:<\/strong> <\/span>2<sup>\u00e8me<\/sup> groupe : JB3 \u2013 15.5 km \u2013 300 m d\u00e9nivel\u00e9 \u2013 1er groupe : JB3 -16 km &#8211; 300 m d\u00e9nivel\u00e9 &#8211; et nous \u00e9tions 8 randonneurs <em>(Rapha\u00ebl, Yves, Laure, Brigitte, Catherine et Betty, Ir\u00e8ne et Mich\u00e8le).<\/em><\/p>\n","protected":false},"excerpt":{"rendered":"<p>Voir ici les photos de notre randonn\u00e9e \u00e0 St Hilaire d&rsquo;Ozilhan (2\u00e8me groupe) Voir ici les photos de Yves (1er groupe)<\/p>\n","protected":false},"author":1,"featured_media":6435,"comment_status":"closed","ping_status":"closed","sticky":false,"template":"","format":"standard","meta":{"footnotes":""},"categories":[4],"tags":[],"class_list":["post-6430","post","type-post","status-publish","format-standard","has-post-thumbnail","hentry","category-randonnees"],"_links":{"self":[{"href":"https:\/\/culturotheque.fr\/index.php\/wp-json\/wp\/v2\/posts\/6430","targetHints":{"allow":["GET"]}}],"collection":[{"href":"https:\/\/culturotheque.fr\/index.php\/wp-json\/wp\/v2\/posts"}],"about":[{"href":"https:\/\/culturotheque.fr\/index.php\/wp-json\/wp\/v2\/types\/post"}],"author":[{"embeddable":true,"href":"https:\/\/culturotheque.fr\/index.php\/wp-json\/wp\/v2\/users\/1"}],"replies":[{"embeddable":true,"href":"https:\/\/culturotheque.fr\/index.php\/wp-json\/wp\/v2\/comments?post=6430"}],"version-history":[{"count":9,"href":"https:\/\/culturotheque.fr\/index.php\/wp-json\/wp\/v2\/posts\/6430\/revisions"}],"predecessor-version":[{"id":6440,"href":"https:\/\/culturotheque.fr\/index.php\/wp-json\/wp\/v2\/posts\/6430\/revisions\/6440"}],"wp:featuredmedia":[{"embeddable":true,"href":"https:\/\/culturotheque.fr\/index.php\/wp-json\/wp\/v2\/media\/6435"}],"wp:attachment":[{"href":"https:\/\/culturotheque.fr\/index.php\/wp-json\/wp\/v2\/media?parent=6430"}],"wp:term":[{"taxonomy":"category","embeddable":true,"href":"https:\/\/culturotheque.fr\/index.php\/wp-json\/wp\/v2\/categories?post=6430"},{"taxonomy":"post_tag","embeddable":true,"href":"https:\/\/culturotheque.fr\/index.php\/wp-json\/wp\/v2\/tags?post=6430"}],"curies":[{"name":"wp","href":"https:\/\/api.w.org\/{rel}","templated":true}]}}