{"id":6451,"date":"2021-01-16T08:27:50","date_gmt":"2021-01-16T07:27:50","guid":{"rendered":"http:\/\/culturotheque.fr\/?p=6451"},"modified":"2021-01-16T09:15:23","modified_gmt":"2021-01-16T08:15:23","slug":"le-bois-de-clausonne-3","status":"publish","type":"post","link":"https:\/\/culturotheque.fr\/index.php\/2021\/01\/16\/le-bois-de-clausonne-3\/","title":{"rendered":"Le bois de Clausonne"},"content":{"rendered":"<p style=\"text-align: justify;\"><a href=\"https:\/\/photos.app.goo.gl\/qoymu5x6ACA5hNreA\">Voir ici les photos de Fran\u00e7oise concernant notre randonn\u00e9e \u00e0 Meynes<\/a><br \/>\n<a href=\"https:\/\/photos.app.goo.gl\/EkYU9QRZdwAHvS38A\">Quelques photos suppl\u00e9mentaires.<\/a><!--more-->Ce matin il fait bon, aussi nous sommes nombreux pour d\u00e9couvrir les fameux bois de Clausonne. On fait vite les groupes, un groupe de deux ira comme c&rsquo;est pr\u00e9vu faire un circuit plus long et les autres se divisent en trois groupes sous la direction d&rsquo;Andr\u00e9, Martine et Mich\u00e8le.<br \/>\nNous passons devant la maison de N\u00e9n\u00e9 mais nous n&rsquo;osons pas sonner. On esp\u00e8re de tout coeur qu&rsquo;il va mieux ! On pense \u00e0 lui et il nous manque.<br \/>\nNous passons aussi devant la Manade Labourayre qui est un des p\u00f4les d&rsquo;attraction du village. Ses taureaux sont pr\u00e9sent\u00e9s tous les \u00e9t\u00e9s dans la plupart des f\u00eates des village de la r\u00e9gion pour de nombreuses \u00ab\u00a0Encierros\u00a0\u00bb et \u00ab\u00a0Abrivados\u00a0\u00bb. Aux beaux jours il faut venir \u00e9couter la musique\u00a0 des \u00ab\u00a0Ferrades\u00a0\u00bb qui r\u00e9sonne dans les pr\u00e9s du valadas que nous longeons&#8230;<br \/>\nNous suivons le chef de file du jour Andr\u00e9 qui nous entra\u00eene tr\u00e8s vite sur le plateau et nous nous enfon\u00e7ons rapidement dans le bois de Clausonne. Ce bois appartient au ch\u00e2teau du m\u00eame nom qui date du XIIIe si\u00e8cle. Andr\u00e9 nous raconte qu&rsquo;il a \u00e9t\u00e9 d\u00e9truit par les protestants durant les guerres des religions et reconstruit tel qu&rsquo;il est connu aujourd&rsquo;hui. Il ne se visite plus mais les Meynois se souviennent des balades et des pique-nique des dimanches. Il parait que ses salons sont magnifiques et son parc, que nous avions eu le privil\u00e8ge de visiter il y a bien des ann\u00e9es, est des plus attrayant avec ses bassins, ses jardins et sa grande prairie en pente ombrag\u00e9e de platanes gigantesques multicentenaires. Nous \u00e9coutons ces histoires lors de quelques arr\u00eats o\u00f9 tout le groupe se retrouve, \u00e0 distance et masque sur le visage. Toutes les pr\u00e9cautions sont prises en ces temps de circulation de la Covid. D\u00e8s demain soir le couvre-feu sera \u00e0 18 h !<br \/>\nNous n&rsquo;en sommes pas l\u00e0, pour notre grand plaisir nous nous enfon\u00e7ons dans des sentiers tr\u00e8s \u00e9troits, ou&#8230; tr\u00e8s larges, bien enherb\u00e9s dans une ambiance tr\u00e8s bucolique.<br \/>\nNous arrivons \u00e0 ce qui devrait \u00eatre un point panoramique mais les arbres nous cachent la vue : il n&rsquo;y a qu&rsquo;Andr\u00e9 qui peut en profiter ! Ce serait-ici que les Meynois venaient pour se reposer en admirant la vue sur la vall\u00e9e et leurs terres seigneuriales. Il y avait des bancs de pierres, cet endroit s&rsquo;appelait \u00ab\u00a0Les Tribunes\u00a0\u00bb. C&rsquo;est ici aussi que les jeunes gens venaient \u00ab\u00a0fricoter\u00a0\u00bb !<br \/>\nOn est bien, on rigole, on se \u00ab\u00a0titille\u00a0\u00bb, le bonheur est notre copain !<br \/>\nApr\u00e8s bien des d\u00e9tours dans ces beaux sentiers on reprend sur le plateau pour redescendre par une olivette traverser le Valadas et rejoindre la maison de retraite et un joli espace de loisirs avant d&rsquo;entrer dans le village.<br \/>\nComme la randonn\u00e9e n&rsquo;\u00e9tait pas tr\u00e8s longue, nous prenons le temps de le visiter et surtout nous \u00e9coutons Andr\u00e9 raconter son histoire.<br \/>\n\u00ab\u00a0<em>Meynes se trouve \u00e0 proximit\u00e9 d&rsquo;un site gallo-romain o\u00f9 s&rsquo;y fabriquait des amphores avec une argile d&rsquo;excellente qualit\u00e9. Le nom de l&rsquo;amphore : \u00ab\u00a0La conscience\u00a0\u00bb qui \u00e9tait utilis\u00e9e pour le transport de l&rsquo;huile et qui \u00e9tait une cr\u00e9ation bien sp\u00e9cifique au site<\/em>\u00ab\u00a0.<br \/>\nLe village a \u00e9t\u00e9 fortifi\u00e9 par les Templiers : on y rep\u00e8re les vestiges des remparts, on passe sous les deux portes d&rsquo;acc\u00e8s, on admire le clocher typique et la tour hexagonale proche de la commanderie&#8230;<br \/>\nC&rsquo;est avec beaucoup de regrets que l&rsquo;on se quitte sur le parking : la balade, m\u00eame si elle \u00e9tait courte, \u00e9tait tr\u00e8s belle, tr\u00e8s riche en d\u00e9couvertes ! Merci Andr\u00e9, merci les Meynois.<br \/>\n<span style=\"text-decoration: underline;\"><strong>Cotation<\/strong> <\/span>: DJA1 &#8211; 7 km &#8211; 110 m d\u00e9nivel\u00e9 &#8211; 18 randonneurs <em>(Ir\u00e8ne, Claudine, Yvan, Martine, Marit\u00e9, Maryse, Daniel, Elisabeth, France, Christian, Monique, Fran\u00e7oise, Jean-Marie, Mich\u00e8le E., Mich\u00e8le N., Andr\u00e9 et Hubert, Rapha\u00ebl).<\/em><\/p>\n","protected":false},"excerpt":{"rendered":"<p>Voir ici les photos de Fran\u00e7oise concernant notre randonn\u00e9e \u00e0 Meynes Quelques photos suppl\u00e9mentaires.<\/p>\n","protected":false},"author":1,"featured_media":6457,"comment_status":"closed","ping_status":"closed","sticky":false,"template":"","format":"standard","meta":{"footnotes":""},"categories":[4],"tags":[],"class_list":["post-6451","post","type-post","status-publish","format-standard","has-post-thumbnail","hentry","category-randonnees"],"_links":{"self":[{"href":"https:\/\/culturotheque.fr\/index.php\/wp-json\/wp\/v2\/posts\/6451","targetHints":{"allow":["GET"]}}],"collection":[{"href":"https:\/\/culturotheque.fr\/index.php\/wp-json\/wp\/v2\/posts"}],"about":[{"href":"https:\/\/culturotheque.fr\/index.php\/wp-json\/wp\/v2\/types\/post"}],"author":[{"embeddable":true,"href":"https:\/\/culturotheque.fr\/index.php\/wp-json\/wp\/v2\/users\/1"}],"replies":[{"embeddable":true,"href":"https:\/\/culturotheque.fr\/index.php\/wp-json\/wp\/v2\/comments?post=6451"}],"version-history":[{"count":5,"href":"https:\/\/culturotheque.fr\/index.php\/wp-json\/wp\/v2\/posts\/6451\/revisions"}],"predecessor-version":[{"id":6456,"href":"https:\/\/culturotheque.fr\/index.php\/wp-json\/wp\/v2\/posts\/6451\/revisions\/6456"}],"wp:featuredmedia":[{"embeddable":true,"href":"https:\/\/culturotheque.fr\/index.php\/wp-json\/wp\/v2\/media\/6457"}],"wp:attachment":[{"href":"https:\/\/culturotheque.fr\/index.php\/wp-json\/wp\/v2\/media?parent=6451"}],"wp:term":[{"taxonomy":"category","embeddable":true,"href":"https:\/\/culturotheque.fr\/index.php\/wp-json\/wp\/v2\/categories?post=6451"},{"taxonomy":"post_tag","embeddable":true,"href":"https:\/\/culturotheque.fr\/index.php\/wp-json\/wp\/v2\/tags?post=6451"}],"curies":[{"name":"wp","href":"https:\/\/api.w.org\/{rel}","templated":true}]}}