{"id":6466,"date":"2021-01-18T17:41:14","date_gmt":"2021-01-18T16:41:14","guid":{"rendered":"http:\/\/culturotheque.fr\/?p=6466"},"modified":"2021-01-21T11:37:41","modified_gmt":"2021-01-21T10:37:41","slug":"coste-belle-font-menestriere-et-lobservatoire-de-la-pierre","status":"publish","type":"post","link":"https:\/\/culturotheque.fr\/index.php\/2021\/01\/18\/coste-belle-font-menestriere-et-lobservatoire-de-la-pierre\/","title":{"rendered":"Coste Belle, Font Menestri\u00e8re et l\u2019Observatoire de la Pierre"},"content":{"rendered":"<p><a href=\"https:\/\/photos.app.goo.gl\/Dh8s4c8pxq4LofCE8\">Voir ici les photos de notre randonn\u00e9e \u00e0 Vers-Pont-du-Gard<\/a><br \/>\n<a href=\"https:\/\/photos.app.goo.gl\/bkXvN6fP9RTzUXxU9\">Voir ici les photos de Yves pour le groupe des \u00ab\u00a0Rapides\u00a0\u00bb<\/a><br \/>\n<!--more--><\/p>\n<p style=\"text-align: justify;\">Nous avons rdv \u00e0 la fontaine circulaire de Vers-Pont-du-Gard ce matin. Sur la route nous avons presque tous doubl\u00e9 une voiture qui a \u00e9t\u00e9 percut\u00e9e par un sanglier : impressionnant comme elle est ab\u00eem\u00e9e ! Heureusement il ne s\u2019agit pas de la voiture d\u2019un copain, nous sommes tous \u00e0 bon port et, en cette journ\u00e9e de \u00ab\u00a0la plus triste de l\u2019ann\u00e9e\u00a0\u00bb nous avons tous un sourire jusqu\u2019aux oreilles\u2026 derri\u00e8re nos masques !<br \/>\nTrois groupes sont constitu\u00e9s : le groupe des \u00ab rapides \u00bb, dont vous trouverez le\u00a0 compte-rendu en deuxi\u00e8me partie et les deux autres groupes qui se suivront \u00e0 distance.<br \/>\nEn attendant de lire le rapport du groupe \u00ab rapide \u00bb, voici ce que nous pouvons vous dire de notre balade du jour.<br \/>\nNous remontons un peu pour prendre le balisage qui nous am\u00e8ne au lavoir du Misserand. A Vers l\u2019eau y est tr\u00e8s abondante et des 33 sources qui y seraient r\u00e9pertori\u00e9es il reste les trois lavoirs qui ressemblent \u00e0 de gracieux petits temples antiques aux toits\u00a0 g\u00e9n\u00e9ralement support\u00e9s par des colonnes ou des piliers, \u00a0mais les trois lavoirs ont tous \u00e9t\u00e9 construits au XIXe si\u00e8cle et comprennent deux bassins communicants. Le premier servait au lavage et on rin\u00e7ait le linge dans le second. Cette m\u00e9thode, selon les lavandi\u00e8res, conservait parfaitement\u00a0 le linge alors que les machines d\u2019aujourd\u2019hui auraient tendance \u00e0 l\u2019ab\u00eemer. Et, comme nous sommes dans un r\u00e9gion o\u00f9 le mistral souffle fort, la partie nord des lavoirs est prot\u00e9g\u00e9e par un mur coupe-vent. A noter que les lavandi\u00e8res du Gard travaillaient debout prot\u00e9g\u00e9es par une planche \u00e0 laver. Elles descendaient le linge sur une brouette et elles le tapaient avec un battoir en bois. C\u2019est s\u00fbr qu\u2019elles n\u2019allaient pas randonner, mais l\u2019ambiance y \u00e9tait bien conviviale et le claquement des battoirs accompagnait les exclamations et les rires des lavandi\u00e8res. Nostalgie ! Mais dans le fond nous avons une douce pens\u00e9e pour nos machines \u00e0 laver !<br \/>\nNous nous enfon\u00e7ons dans la L\u00f4ne par un sentier rustique bord\u00e9 de ch\u00eanes verts dont les feuilles jouent avec le soleil. On longe les ruines de l\u2019antique aqueduc romain. On ne d\u00e9roge pas \u00e0 nos traditions : on recherche la font M\u00e9nestri\u00e8re. Avec les GPS d\u2019aujourd\u2019hui on ne devrait pas avoir de probl\u00e8mes. Rat\u00e9 ! Mais o\u00f9 est donc cette fameuse fontaine ?<br \/>\nOn continue jusqu\u2019\u00e0 la route, mais avant de la traverser on voit en face le 1<sup>er<\/sup> groupe ! Rapide, rapide\u2026 !<br \/>\nEn face nous retrouvons les ruines de l\u2019aqueduc que nous suivons un bon moment avant de revenir sur la route pour rejoindre la B\u00e9gude de Vers et prendre le joli chemin qui nous am\u00e8ne au pied de Castillon du Gard.<br \/>\nIl fait bon, pas trop de vent et on appr\u00e9cie ces beaux chemins, parfois \u00e9troits.<br \/>\nOn laisse sur la droite les escaliers qui m\u00e8nent au village de Castillon pour prendre \u00e0 gauche vers la chapelle St Caprais. \u00a0Cette chapelle est donn\u00e9e en 896 \u00e0 l&rsquo;\u00e9v\u00eaque d&rsquo;Uz\u00e8s par dipl\u00f4me de Louis l&rsquo;Aveugle, roi de Provence. Autrefois lieu de p\u00e8lerinage o\u00f9 s&rsquo;accomplissait des miracles. On fait le tour de l&rsquo;\u00e9difice construit d\u2019une vo\u00fbte en berceau l\u00e9g\u00e8rement bris\u00e9, il y aurait un doubleau qui \u00a0partage la vo\u00fbte en son milieu. Pour nous la nef unique comporte deux trav\u00e9es et l&rsquo;abside est vo\u00fbt\u00e9e en cul de four. On remarque un d\u00e9part de clocher qui est apparent au-dessus du choeur.<br \/>\nOn traine un peu, le soleil commence \u00e0 nous r\u00e9chauffer s\u00e9rieusement, il faut\u00a0 enlever quelques couches de v\u00eatements.<br \/>\nC\u2019est une piste, \u00e0 travers vignes tout d\u2019abord, puis c\u2019est dans la garrigue qu\u2019elle nous entra\u00eene vers les carri\u00e8res de Vers.<br \/>\nUn endroit parfaitement ensoleill\u00e9 et accueillant nous invite \u00e0 la pause repas.<br \/>\nBien qu\u2019espac\u00e9s les uns des autres, les conversations sont\u00a0 agr\u00e9ables. Qui ne savait pas que les Crocos de N\u00eemes avaient battus l\u2019OM\u00a0?<br \/>\nNous reprenons vers le sentier d\u2019interpr\u00e9tation des carri\u00e8res ou nous pouvons nous faire une id\u00e9e de la pierre du pass\u00e9\u00a0: comment elle \u00e9tait utilis\u00e9e et comment elle a laiss\u00e9 d\u2019importantes traces dans le paysage lors de l\u2019exploitation des carri\u00e8res. Mais aussi\u2026 de la fa\u00e7on dont elle est exploit\u00e9e aujourd\u2019hui avec les m\u00e9thodes modernes d\u2019extraction et comment elle est aussi transform\u00e9e. Nous rencontrons un carrier qui explique tout \u00e0 Jacques\u00a0!<br \/>\nLa pierre de Vers-pont-du-Gard est tr\u00e8s connue. Elle est extraite de ces carri\u00e8res qui nous entourent et qui occupent une superficie d\u2019une cinquantaine d\u2019hectares. C\u2019est une pierre tendre et facile \u00e0 travailler car sa porosit\u00e9 lui conf\u00e8re une bonne r\u00e9sistance aux intemp\u00e9ries.<br \/>\nFiers de nos d\u00e9couvertes nous prenons un joli petit sentier bord\u00e9 de murs en pierres que la v\u00e9g\u00e9tation a \u00e9pous\u00e9 et transform\u00e9 en ambiance pastorale. Nous y d\u00e9couvrons quelques jolies capitelles et il aboutit \u00e0 une mignonne olivette !<br \/>\nL\u2019arriv\u00e9e \u00e0 Vers est imminente mais c\u2019est sans compter ce chemin des carriers qui nous enchante et les autres espaces d\u2019interpr\u00e9tation de la pierre de Vers o\u00f9 nous nous retrouvons tous, mais avec nos masques\u00a0!<br \/>\nOn fait un tour dans le village o\u00f9 l\u2019on retrouve la pierre dans la construction des maisons, de l\u2019\u00e9glise (<em>qui comprend \u00e0 l\u2019int\u00e9rieur des peintures murales, des statues et des tableaux que nous ne pouvons pas voir aujourd\u2019hui car de gros travaux sont entrepris)<\/em>. Nous passons sous la vo\u00fbte de la tour de l\u2019horloge qui est une ancienne tour de la forteresse qui entourait le village avant de rejoindre la fontaine circulaire o\u00f9 nous nous s\u00e9parons \u00e0 14h15 ravis de cette balade instructive, bien ensoleill\u00e9e sur de beaux chemins mais\u2026 surtout en bien agr\u00e9able compagnie\u00a0! On peut \u00a0m\u00eame rajouter que c\u2019est dans la joie et le bonheur que nous avons pass\u00e9 cette journ\u00e9e \u00ab\u00a0Blue Monday\u00a0\u00bb\u00a0!<\/p>\n<p style=\"text-align: justify;\">Compte-rendu du groupes des \u00ab\u00a0Rapides\u00a0\u00bb :<br \/>\nCe jour une boucle de Vers-Pont du Gard \u00e0 Castillon en passant par le Pont et les Carri\u00e8res. Soit 18 km parcourus sous le soleil avec peu de vent.<br \/>\nAu d\u00e9part de Vers nous croisons la Fontaine de Misserand, rectangulaire et ouverte au sud par trois grandes arcades. Puis le petit sentier bien connu qui nous am\u00e8ne au rond-point, point de d\u00e9part vers le Pont du Gard. Nous longeons la Font M\u00e9nesti\u00e8re , le pont Roupt et le pont de Valive qui am\u00e8nent au c\u00e9l\u00e8bre Pont du Gard. L&rsquo;histoire du pont Roupt (<em>rompu<\/em>) montre qu&rsquo;il a \u00e9t\u00e9 maintes fois \u00e9croul\u00e9s par d\u00e9faut de construction. On peut remarquer sur certaines piles \u00e0 90\u00b0 des traces, fruit du travail des ouvriers gr\u00e2ce \u00e0 leur smille (<em>outil pointu<\/em>). Une de ces traces vous est mise en \u00e9vidence sur une de nos photos gr\u00e2ce \u00e0 la main de Dieu, ou d&rsquo;Aphrodite ?<br \/>\nExceptionnellement nous pouvons contempler le Pont sans aucun touriste. La photo sera d&rsquo;autant plus belle.<br \/>\nNous remontons vers Castillon par le GR 63, fort agr\u00e9able passage dans la for\u00eat. L\u00e0 nous virons vers la Chapelle Sain-Christophe que nous dominons d&rsquo;abord sur le sentier avant d&rsquo;y aller se r\u00e9fugier pour notre premier pique-nique de l&rsquo;ann\u00e9e. St Christophe est une chapelle de 1276. Elle a \u00e9t\u00e9 d\u00e9molie pendant les guerres de religion et il n&rsquo;en reste pas grand chose. Mais c&rsquo;est un bon abri pour le vent, de plus ensoleill\u00e9.<br \/>\nRetour \u00e0 Castillon que nous traversons. Pas un chat dans ces belles rues. Mais c&rsquo;est toujours comme cela ici. Nous quittons le village par le pittoresque chemin de l&rsquo;Articoyse. Pour les curieux cela vient de \u00a0\u00bb Ortiga = ortie et croise = cuisant\u00a0\u00bb.<br \/>\nDirection la chapelle de Saint Caprais. Une d\u00e9ception car c&rsquo;est un b\u00e2timent ferm\u00e9 o\u00f9 on ne peut rien voir. Tant pis . Nous poursuivons notre chemin vers les Carri\u00e8res de Vers. La pierre de Vers est un calcaire coquillier \u00e0 la couleur chaude qui fait chanter les fa\u00e7ades dans les villages gardois. Puis nous attaquons Coste Belle, le Garachol et Roc plan sans oublier une Capitelle au toit pointu .<br \/>\nUne bonne journ\u00e9e..<br \/>\n<em>\u00a0\u00a0\u00a0\u00a0\u00a0\u00a0\u00a0\u00a0\u00a0\u00a0\u00a0\u00a0\u00a0\u00a0\u00a0\u00a0\u00a0\u00a0\u00a0\u00a0\u00a0\u00a0\u00a0\u00a0\u00a0\u00a0\u00a0\u00a0\u00a0\u00a0\u00a0\u00a0\u00a0\u00a0\u00a0\u00a0\u00a0\u00a0\u00a0\u00a0\u00a0\u00a0\u00a0\u00a0\u00a0\u00a0\u00a0\u00a0\u00a0\u00a0\u00a0\u00a0\u00a0\u00a0\u00a0\u00a0\u00a0\u00a0\u00a0\u00a0\u00a0\u00a0\u00a0\u00a0\u00a0\u00a0\u00a0\u00a0\u00a0\u00a0\u00a0\u00a0\u00a0\u00a0\u00a0\u00a0\u00a0\u00a0\u00a0\u00a0\u00a0\u00a0\u00a0\u00a0\u00a0\u00a0\u00a0\u00a0\u00a0\u00a0\u00a0\u00a0\u00a0\u00a0\u00a0\u00a0\u00a0\u00a0\u00a0 Rapha\u00ebl.<\/em><br \/>\nCotation : JB2 \u2013 13 km \u2013 274 m d\u00e9nivel\u00e9 + JB4 &#8211; 18 km &#8211; ? m d\u00e9nivel\u00e9 &#8211; 15 randonneurs : <em>Martine, Betty, Jacques, Yvette, Charles, Yvan, Claudine, Maryse, Rapha\u00ebl, Catherine, Brigitte, Yves, Marilyne, Laure et Mich\u00e8le.<\/em><\/p>\n<p>&nbsp;<\/p>\n","protected":false},"excerpt":{"rendered":"<p>Voir ici les photos de notre randonn\u00e9e \u00e0 Vers-Pont-du-Gard Voir ici les photos de Yves pour le groupe des \u00ab\u00a0Rapides\u00a0\u00bb<\/p>\n","protected":false},"author":1,"featured_media":6468,"comment_status":"closed","ping_status":"closed","sticky":false,"template":"","format":"standard","meta":{"footnotes":""},"categories":[4],"tags":[],"class_list":["post-6466","post","type-post","status-publish","format-standard","has-post-thumbnail","hentry","category-randonnees"],"_links":{"self":[{"href":"https:\/\/culturotheque.fr\/index.php\/wp-json\/wp\/v2\/posts\/6466","targetHints":{"allow":["GET"]}}],"collection":[{"href":"https:\/\/culturotheque.fr\/index.php\/wp-json\/wp\/v2\/posts"}],"about":[{"href":"https:\/\/culturotheque.fr\/index.php\/wp-json\/wp\/v2\/types\/post"}],"author":[{"embeddable":true,"href":"https:\/\/culturotheque.fr\/index.php\/wp-json\/wp\/v2\/users\/1"}],"replies":[{"embeddable":true,"href":"https:\/\/culturotheque.fr\/index.php\/wp-json\/wp\/v2\/comments?post=6466"}],"version-history":[{"count":11,"href":"https:\/\/culturotheque.fr\/index.php\/wp-json\/wp\/v2\/posts\/6466\/revisions"}],"predecessor-version":[{"id":6498,"href":"https:\/\/culturotheque.fr\/index.php\/wp-json\/wp\/v2\/posts\/6466\/revisions\/6498"}],"wp:featuredmedia":[{"embeddable":true,"href":"https:\/\/culturotheque.fr\/index.php\/wp-json\/wp\/v2\/media\/6468"}],"wp:attachment":[{"href":"https:\/\/culturotheque.fr\/index.php\/wp-json\/wp\/v2\/media?parent=6466"}],"wp:term":[{"taxonomy":"category","embeddable":true,"href":"https:\/\/culturotheque.fr\/index.php\/wp-json\/wp\/v2\/categories?post=6466"},{"taxonomy":"post_tag","embeddable":true,"href":"https:\/\/culturotheque.fr\/index.php\/wp-json\/wp\/v2\/tags?post=6466"}],"curies":[{"name":"wp","href":"https:\/\/api.w.org\/{rel}","templated":true}]}}