{"id":6482,"date":"2021-01-20T18:20:52","date_gmt":"2021-01-20T17:20:52","guid":{"rendered":"http:\/\/culturotheque.fr\/?p=6482"},"modified":"2021-01-21T08:11:05","modified_gmt":"2021-01-21T07:11:05","slug":"autour-de-la-costiere","status":"publish","type":"post","link":"https:\/\/culturotheque.fr\/index.php\/2021\/01\/20\/autour-de-la-costiere\/","title":{"rendered":"Autour de la Costi\u00e8re"},"content":{"rendered":"<p><a href=\"https:\/\/photos.app.goo.gl\/bERzPcMq7ZZwa5Ri6\">Voir ici les photos de notre balade \u00e0 Bellegarde<\/a><br \/>\n<!--more--><\/p>\n<p style=\"text-align: justify;\">Temps tristounet en ce mercredi, nous sommes 9 au rdv de cette randonn\u00e9e pr\u00e9vue \u00e0 Bellegarde. Nous faisons donc 2 groupes. Hubert part devant avec le sien et nous suivons de loin pour nous rendre au Mus\u00e9e de l\u2019eau, petite construction qui abrite un tron\u00e7on d\u2019Aqueduc. L&rsquo;Aqueduc de Bellegarde\u00a0 a \u00e9t\u00e9 construit \u00e0 la fin du premier si\u00e8cle de notre \u00e8re, et a \u00e9t\u00e9 utilis\u00e9 pendant plus de 250 ans. \u00a0Sa destination probable serait Trinquetaille, riche zone p\u00e9riurbaine d&rsquo;Arles Antique.\u00a0 Le Mus\u00e9e de l&rsquo;Eau nous pr\u00e9sente \u00e0 travers vitre une section souterraine unique de 22m de cet ouvrage remarquable.<br \/>\nNous poursuivons par le joli plan d\u2019eau o\u00f9 des ragondins montrent leur museau, des cygnes et des oies qui caqu\u00e8tent \u00e0 tue-t\u00eate. Nous laissons cette joyeuse compagnie pour suivre le Rieu, chemin bien sympathique qui nous fait rejoindre l\u2019immense Mas Laval o\u00f9 un espace pique-nique est am\u00e9nag\u00e9. Par contre, d\u2019autres vestiges de l\u2019Aqueduc que nous pouvions voir ont \u00e9t\u00e9 ensevelis (<em>s\u00fbrement pour leur conservation<\/em>).<br \/>\nNous remontons sur le plateau, faisons un petit tour vers le lac, bien calme aujourd\u2019hui, mais tellement anim\u00e9 l\u2019\u00e9t\u00e9 avec sa guinguette. Ah vivement la fin des consignes sanitaires !<br \/>\nLe bruit est assourdissant en suivant le tapis qui am\u00e8ne les pierres de la carri\u00e8re \u00e0 l\u2019usine avant de prendre tout droit, sur le plateau, au milieu d\u2019une olivette pour rejoindre l\u2019autre bordure du plateau. Malgr\u00e9 le vent on est bien\u00a0 sur ce plateau du Coste-Canet\u00a0 (<em>= \u00ab la mont\u00e9e aux canes \u00bb<\/em>). Interrogations ? Des canes poussaient ici, sur ce plateau ? Et oui ! Les couches imperm\u00e9ables de taparas entra\u00eenent parfois la constitution de nappes d\u2019eau de faibles profondeurs qui permettent ce type d\u2019originalit\u00e9 en ces zones de cailloux : le d\u00e9veloppement de la v\u00e9g\u00e9tation qui se trouve plus g\u00e9n\u00e9ralement en zone mar\u00e9cageuse ! Mais aujourd\u2019hui ce sont des vignes et la \u00ab banlieue \u00bb de Bellegarde qui grignote le plateau.<br \/>\nNous arrivons ainsi au\u00a0 ch\u00e2teau de la Madone\u00a0 qui est mentionn\u00e9 sous le nom de \u201cCastrum Bellae-Gardae \u201den 1208.\u00a0 La \u201ctour\u201d actuelle est le vestige du donjon f\u00e9odal. Le site \u00e9tait prot\u00e9g\u00e9 d\u2019une enceinte de pierre dont l\u2019entr\u00e9e cot\u00e9 sud se caract\u00e9risait par une porte fortifi\u00e9e. 1216 lors de la croisade albigeoise, Simon de Montfort l\u2019assi\u00e8gera et l\u2019utilisera comme base arri\u00e8re pour accomplir le si\u00e8ge du ch\u00e2teau de Beaucaire. \u00a0Le 8 Juin 1570, lors des guerres de religion, le mar\u00e9chal de Damville et le vicomte de Joyeuse assi\u00e8gent le ch\u00e2teau tenu alors par les huguenots. L\u2019histoire raconte que le ch\u00e2teau, ses occupants ainsi que sa chapelle ont \u00e9t\u00e9 br\u00fbl\u00e9s et qu\u2019une st\u00e8le \u00e0 l\u2019honneur de J\u00e9sus Christ a \u00e9t\u00e9 grav\u00e9e et d\u00e9pos\u00e9e sur les lieux.\u00a0 Le ch\u00e2teau ne sera pas reconstruit.\u00a0 Quant \u00e0 la vierge (<em>Notre Dame de Bellegarde<\/em>) ce n\u2019est que depuis 1875 qu\u2019elle si\u00e8ge au sommet de la Tour. C\u2019est depuis cette \u00e9poque que le site du ch\u00e2teau est d\u00e9nomm\u00e9 plus commun\u00e9ment par les Bellegardais \u00ab\u00a0La Madone\u00a0\u00bb.<br \/>\nFiers de nos d\u00e9couvertes nous redescendons par les escaliers \u00a0pour arriver \u00e0 la Place St Jean o\u00f9 tr\u00f4ne la statue de St-Jean-Baptiste qui veille sur nous. C\u2019\u00e9tait jadis le centre du village. D\u00e8s 1663 on y trouvait en fond, l\u2019\u00e9glise St Jean construite avec les pierres du ch\u00e2teau offertes par son propri\u00e9taire le Duc d\u2019Uz\u00e8s, mais aujourd\u2019hui\u00a0 les bellegardais se retrouvent dans la nouvelle \u00e9glise de St Jean-Baptiste \u00e9difi\u00e9e au d\u00e9but des ann\u00e9es 1860.<br \/>\nNous nous extasions devant la fontaine aux lions qui a \u00e9t\u00e9 am\u00e9nag\u00e9e au d\u00e9but du 19<sup>\u00e8me<\/sup> si\u00e8cle en m\u00eame temps que la fontaine du Dauphin, celles du Petit Garons, des Sir\u00e8nes, St Jacques, des Vignerons\u2026 Elles sont plus de 16 dans la ville, am\u00e9nag\u00e9es pour r\u00e9pondre aux besoins des habitants. C\u2019est pour des raisons \u00e9cologiques que l\u2019eau ne coule plus inutilement dans les fontaines\u2026<br \/>\nLe ciel s\u2019alourdit s\u00e9rieusement, le vent se renforce. Cela ne nous concerne plus, notre balade est termin\u00e9e, bien toujours trop t\u00f4t \u00e0 notre go\u00fbt, car malgr\u00e9 le manque de soleil, il a fait bon et c\u2019\u00e9tait un vrai r\u00e9gal de se retrouver \u00e0 mettre un pas devant l\u2019autre en bonne compagnie !<br \/>\n<span style=\"text-decoration: underline;\"><strong>Cotation\u00a0:<\/strong><\/span> 8.3 km \u2013 113 m d\u00e9nivel\u00e9 \u2013 9 randonneurs ( <em>Hubert, C\u00e9cile, Monique, Christian, Philippe et France, Martine, Betty, Mich\u00e8le<\/em>).<\/p>\n","protected":false},"excerpt":{"rendered":"<p>Voir ici les photos de notre balade \u00e0 Bellegarde<\/p>\n","protected":false},"author":1,"featured_media":6485,"comment_status":"closed","ping_status":"closed","sticky":false,"template":"","format":"standard","meta":{"footnotes":""},"categories":[4],"tags":[],"class_list":["post-6482","post","type-post","status-publish","format-standard","has-post-thumbnail","hentry","category-randonnees"],"_links":{"self":[{"href":"https:\/\/culturotheque.fr\/index.php\/wp-json\/wp\/v2\/posts\/6482","targetHints":{"allow":["GET"]}}],"collection":[{"href":"https:\/\/culturotheque.fr\/index.php\/wp-json\/wp\/v2\/posts"}],"about":[{"href":"https:\/\/culturotheque.fr\/index.php\/wp-json\/wp\/v2\/types\/post"}],"author":[{"embeddable":true,"href":"https:\/\/culturotheque.fr\/index.php\/wp-json\/wp\/v2\/users\/1"}],"replies":[{"embeddable":true,"href":"https:\/\/culturotheque.fr\/index.php\/wp-json\/wp\/v2\/comments?post=6482"}],"version-history":[{"count":6,"href":"https:\/\/culturotheque.fr\/index.php\/wp-json\/wp\/v2\/posts\/6482\/revisions"}],"predecessor-version":[{"id":6489,"href":"https:\/\/culturotheque.fr\/index.php\/wp-json\/wp\/v2\/posts\/6482\/revisions\/6489"}],"wp:featuredmedia":[{"embeddable":true,"href":"https:\/\/culturotheque.fr\/index.php\/wp-json\/wp\/v2\/media\/6485"}],"wp:attachment":[{"href":"https:\/\/culturotheque.fr\/index.php\/wp-json\/wp\/v2\/media?parent=6482"}],"wp:term":[{"taxonomy":"category","embeddable":true,"href":"https:\/\/culturotheque.fr\/index.php\/wp-json\/wp\/v2\/categories?post=6482"},{"taxonomy":"post_tag","embeddable":true,"href":"https:\/\/culturotheque.fr\/index.php\/wp-json\/wp\/v2\/tags?post=6482"}],"curies":[{"name":"wp","href":"https:\/\/api.w.org\/{rel}","templated":true}]}}