{"id":6500,"date":"2021-01-22T15:24:50","date_gmt":"2021-01-22T14:24:50","guid":{"rendered":"http:\/\/culturotheque.fr\/?p=6500"},"modified":"2021-01-23T09:12:33","modified_gmt":"2021-01-23T08:12:33","slug":"les-chemins-des-moulins","status":"publish","type":"post","link":"https:\/\/culturotheque.fr\/index.php\/2021\/01\/22\/les-chemins-des-moulins\/","title":{"rendered":"Les chemins des moulins"},"content":{"rendered":"<p><a href=\"https:\/\/photos.app.goo.gl\/9Xrtp5q5Copuzh7W6\">Voir ici les photos\u00a0 de la balade \u00e0 Fontvieille.<\/a><br \/>\n<!--more--><\/p>\n<p style=\"text-align: justify;\">Alors que bon nombre de randonneurs restent dans leur lit persuad\u00e9s qu\u2019il pleut, nous partons bien guillerets \u00e0 l\u2019assaut des moulins de Fontvieille.<br \/>\nLe groupe des \u00ab\u00a0rapides\u00a0\u00bb prend par la Sud, nous allons direction Est pour trouver un des derniers moulins r\u00e9nov\u00e9s. Il s\u2019agit du Moulin Tissot qui recevait le plus souvent la visite d\u2019Alphonse Daudet. Ce sont les Crois\u00e9s, de retour de Terre Sainte, qui ont introduits \u00a0les moulins en Provence. Ceux-ci transformaient l\u2019\u00e9nergie cin\u00e9tique du vent (\u00e9nergie \u00e9olienne) en mouvement rotatif au moyen d\u2019ailes ajustables qui mettaient en mouvement une meule\u2026 s\u2019il fallait moudre le bl\u00e9 ou des c\u00e9r\u00e9ales ou presser des drupes ou \u00e9craser des olives afin de produire de l\u2019huile. Nous avons eu l\u2019occasion d\u2019en visiter quelques uns et c\u2019est tr\u00e8s int\u00e9ressant car le m\u00e9canisme, tout en \u00e9tant complexe, est assez facile \u00e0 comprendre.<br \/>\nLe moulin Tissot est le plus ancien, il \u00e9tait en ruine mais il a \u00e9t\u00e9 r\u00e9nov\u00e9 il n\u2019y a pas si longtemps.<br \/>\nMaintenant nous rejoignons le moulin Ramet qui pour l\u2019instant est \u00e0 l\u2019\u00e9tat de ruines et on poursuit par le moulin Ribet, bien connu, car c\u2019est l\u00e0 qu\u2019un mus\u00e9e d\u00e9di\u00e9 \u00e0 Alphonse Daudet pouvait se visiter.<br \/>\nNous croisons l\u2019autre groupe, ils vont direction Nord, nous allons vers le Sud\u00a0!<br \/>\nNous prenons une grande piste et bifurquons par les Crottes d\u2019Aubert o\u00f9 de beaux paysages nous ravissent. Il fait vite bon, on se d\u00e9shabille et le soleil nous fait des clins d\u2019\u0153ils.<br \/>\nOn est sur des chemins in\u00e9dits pour les adh\u00e9rents de La Culturoth\u00e8que, on passe quelques olivettes mais en majorit\u00e9 nous sommes sous des pins.<br \/>\nOn arrive \u00e0 une maison isol\u00e9e, mais ferm\u00e9e. Elle doit fonctionner en autonomie car nous rep\u00e9rons deux \u00e9oliennes et des captages d\u2019eau.<br \/>\nLa piste continue vers le Sud et puis nous bifurquons vite vers l\u2019Est par de jolis chemins bien enherb\u00e9s.<br \/>\nNous retrouvons la piste qui longe \u00ab\u00a0Les Cartons\u00bb et qui nous am\u00e8ne vers la citerne. Tiens, mais nous connaissons bien ces randonneurs\u00a0! Nous croisons encore une fois l\u2019autre groupe qui arrive du Mas des Taillades. Nous ne descendrons pas jusque l\u00e0.<br \/>\nOn chemine en bavardages sympathiques \u00a0ou parfois perdus dans nos pens\u00e9es, mais on prend la large piste qui nous ram\u00e8ne, avec de beaux points de vues sur le Mont Paon, le Mont Valence, le plateau de La Caume et le ch\u00e2teau des Baux aussi\u00a0! Plus loin c\u2019est la plaine de\u00a0 Beaucaire et les trois monts qui la surplombe.<br \/>\nNous voici de retour vers les Moulins, il est 11h35 lorsque nous arrivons aux voitures alors que quelques gouttes font leur apparition\u00a0! Quand on vous dit que la gestion des activit\u00e9s de La Culturoth\u00e8que est Tip Top\u00a0!<br \/>\n<strong>Cotation\u00a0<\/strong>: 8.35 km \u2013 177 m d\u00e9nivel\u00e9 \u2013 5 randonneurs <em>(Jean-Marie, Mich\u00e8le E., Christian, Monique, Mich\u00e8le N.)<\/em><\/p>\n<p style=\"text-align: justify;\">\u00a0Le groupe des \u00ab\u00a0rapides\u00a0\u00bb\u00a0:<\/p>\n<p style=\"text-align: justify;\"><span style=\"text-decoration: underline;\"><strong>Cotation :<\/strong><\/span> ? km &#8211; ? m d\u00e9nivel\u00e9 4 randonneurs <em>(Catherine, Brigitte, Hubert, Rapha\u00ebl).<\/em><\/p>\n","protected":false},"excerpt":{"rendered":"<p>Voir ici les photos\u00a0 de la balade \u00e0 Fontvieille.<\/p>\n","protected":false},"author":1,"featured_media":6505,"comment_status":"closed","ping_status":"closed","sticky":false,"template":"","format":"standard","meta":{"footnotes":""},"categories":[4],"tags":[],"class_list":["post-6500","post","type-post","status-publish","format-standard","has-post-thumbnail","hentry","category-randonnees"],"_links":{"self":[{"href":"https:\/\/culturotheque.fr\/index.php\/wp-json\/wp\/v2\/posts\/6500","targetHints":{"allow":["GET"]}}],"collection":[{"href":"https:\/\/culturotheque.fr\/index.php\/wp-json\/wp\/v2\/posts"}],"about":[{"href":"https:\/\/culturotheque.fr\/index.php\/wp-json\/wp\/v2\/types\/post"}],"author":[{"embeddable":true,"href":"https:\/\/culturotheque.fr\/index.php\/wp-json\/wp\/v2\/users\/1"}],"replies":[{"embeddable":true,"href":"https:\/\/culturotheque.fr\/index.php\/wp-json\/wp\/v2\/comments?post=6500"}],"version-history":[{"count":4,"href":"https:\/\/culturotheque.fr\/index.php\/wp-json\/wp\/v2\/posts\/6500\/revisions"}],"predecessor-version":[{"id":6506,"href":"https:\/\/culturotheque.fr\/index.php\/wp-json\/wp\/v2\/posts\/6500\/revisions\/6506"}],"wp:featuredmedia":[{"embeddable":true,"href":"https:\/\/culturotheque.fr\/index.php\/wp-json\/wp\/v2\/media\/6505"}],"wp:attachment":[{"href":"https:\/\/culturotheque.fr\/index.php\/wp-json\/wp\/v2\/media?parent=6500"}],"wp:term":[{"taxonomy":"category","embeddable":true,"href":"https:\/\/culturotheque.fr\/index.php\/wp-json\/wp\/v2\/categories?post=6500"},{"taxonomy":"post_tag","embeddable":true,"href":"https:\/\/culturotheque.fr\/index.php\/wp-json\/wp\/v2\/tags?post=6500"}],"curies":[{"name":"wp","href":"https:\/\/api.w.org\/{rel}","templated":true}]}}