{"id":6512,"date":"2021-01-25T18:48:16","date_gmt":"2021-01-25T17:48:16","guid":{"rendered":"http:\/\/culturotheque.fr\/?p=6512"},"modified":"2021-01-26T08:39:14","modified_gmt":"2021-01-26T07:39:14","slug":"les-trincades-et-les-roches-rouges","status":"publish","type":"post","link":"https:\/\/culturotheque.fr\/index.php\/2021\/01\/25\/les-trincades-et-les-roches-rouges\/","title":{"rendered":"Les Trincades et les Roches Rouges"},"content":{"rendered":"<p style=\"text-align: justify;\"><a href=\"https:\/\/photos.app.goo.gl\/ErmjJGNe5oATSmVV8\">Voir ici les photos de notre randonn\u00e9e \u00e0 Maussane les Alpilles<\/a><br \/>\n<a href=\"https:\/\/photos.app.goo.gl\/jvQ9AvKv5QFPRmrC6\">Voir ici les photos de Fran\u00e7oise.<\/a><br \/>\n<!--more-->Nous sommes tous heureux de nous retrouver ce matin. Nous faisons 2 groupes qui se rejoindront de temps en temps, mais chacun sera masqu\u00e9.<br \/>\nNous d\u00e9marrons de la fameuse route du Destet : une des plus belle de Provence ! L&rsquo;origine du mot \u00ab\u00a0Destet\u00a0\u00bb serait attribu\u00e9 au \u00ab\u00a0D\u00e9sert\u00a0\u00bb. En r\u00e9f\u00e9rence \u00e0 la travers\u00e9e du d\u00e9sert de Mo\u00efse (<em>et l&rsquo;espoir de la terre promise<\/em>) on d\u00e9signe par d\u00e9sert la clandestinit\u00e9 des protestants rest\u00e9s en France pendant les pers\u00e9cutions religieuses. On parle ainsi des assembl\u00e9es du d\u00e9sert, des bapt\u00eames, mariages et s\u00e9pultures du d\u00e9sert qui \u00e9taient effectu\u00e9s clandestinement. Ce sont \u00e9galement des lieux \u00e9cart\u00e9s o\u00f9 se tenaient les assembl\u00e9es&#8230;.<br \/>\nNous traversons cette petite route pour prendre un sentier avec de la boue qui colle aux chaussures\u2026 au bout de quelques centaines de m\u00e8tres on a l\u2019impression d\u2019avoir du plomb dans les pieds ! Il ne fait pas froid mais le soleil n\u2019est pas encore sorti. Dommage car le sentier bord\u00e9 \u00ab d\u2019argelas \u00bb (<em>nom proven\u00e7al du gen\u00eat \u00e9pineux, voir l\u2019herbier des curieux pour en savoir un peu plus)<\/em>, de romarin fleuri et la terre rouge, le tout donne un beau paysage.<br \/>\nNous arrivons au vallon du Renard. Nos yeux commencent \u00e0 s\u2019\u00e9carquiller de voir de si beaux panoramas\u00a0!<br \/>\nDe l\u00e0 nous cherchons un chemin pour \u00e9viter de marcher sur la route, nous nous engageons donc vers le Cagalou et le canal que nous traversons plus loin mais malheureusement tous les chemins sont \u00ab propri\u00e9t\u00e9s priv\u00e9s \u00bb, donc nous prenons la route du Fangas puis passons le Mas de Fl\u00e9chon pour ensuite prendre une piste qui nous entra\u00eene dans un tr\u00e8s joli hameau perdu au pied des dentelles.<br \/>\nL\u00e0 commence l\u2019aventure. Nous prenons une piste qui monte doucement vers des cr\u00eates, calans mais aussi combes profondes o\u00f9 doivent loger des familles de sanglier. Nous sommes seuls au monde !<br \/>\nRetournons nous ! On a l\u2019impression d\u2019\u00eatre en haute Montagne. La vue est extraordinaire ! On avance, mais on se \u00a0retourne souvent. Oh\u2026 Ah\u2026 que c\u2019est beau ! Va-t-on atteindre le ciel !<br \/>\nIl ne manque que le plein soleil qui de temps en temps quand m\u00eame balaie son projecteur sur des paysages magnifiques ! Les argelas sont ici fan\u00e9s mais ce sont de belles plates-bandes de globulaires qui nous apportent une belle note florale.<br \/>\nLa piste est longue, on voit de loin le chemin parcouru\u00a0: \u00e7a nous semble impossible\u00a0!<br \/>\nOn est si heureux\u00a0! On papote, les hommes plaisantent. Ils nous font rire. Ah les hommes de La Culturoth\u00e8que\u00a0: les meilleurs du Monde\u00a0!<br \/>\nVers midi on se pose pour le repas\u00a0! Nous sommes bien \u00e9loign\u00e9s mais encore des plaisanteries et des fous rires\u00a0!<br \/>\nOn reprend, le soleil est maintenant avec nous, mais une petite brise se l\u00e8ve lorsqu\u2019on arrive \u00e0 la jonction de la piste des Trincades.<br \/>\nOn est bien, on a tous envie de prolonger la journ\u00e9e\u2026. On continue donc \u00e0 monter vers les Grands Calans et le vallon des Amants.<br \/>\nOn revient sur nos pas pour reprendre cette piste en balcon tout du long\u00a0! Oui on voit la mer\u2026 et m\u00eame les bateaux. On voit bien l\u2019Etang du Vaccar\u00e8s\u00a0! On a l\u2019impression d\u2019avoir le monde \u00e0 port\u00e9e de main.<br \/>\nNous sommes bien tristes de nous quitter sur le parking, mais on est tous heureux d\u2019avoir particip\u00e9 \u00e0 cette randonn\u00e9e \u00e0 classer dans \u00ab\u00a0l\u2019une des plus belles des Alpilles\u00a0\u00bb et in\u00e9dite pour les adh\u00e9rents de La Culturoth\u00e8que.<br \/>\n<strong><span style=\"text-decoration: underline;\">Cotation<\/span><\/strong>\u00a0: 14.5 km \u2013 611 m d\u00e9nivel\u00e9 \u2013 9 randonneurs (<em>France, Yvan, Michel, Claudine, Maryse, Ir\u00e8ne, Martine, Fran\u00e7oise, Mich\u00e8le<\/em>).<\/p>\n","protected":false},"excerpt":{"rendered":"<p>Voir ici les photos de notre randonn\u00e9e \u00e0 Maussane les Alpilles Voir ici les photos de Fran\u00e7oise.<\/p>\n","protected":false},"author":1,"featured_media":6522,"comment_status":"closed","ping_status":"closed","sticky":false,"template":"","format":"standard","meta":{"footnotes":""},"categories":[4],"tags":[],"class_list":["post-6512","post","type-post","status-publish","format-standard","has-post-thumbnail","hentry","category-randonnees"],"_links":{"self":[{"href":"https:\/\/culturotheque.fr\/index.php\/wp-json\/wp\/v2\/posts\/6512","targetHints":{"allow":["GET"]}}],"collection":[{"href":"https:\/\/culturotheque.fr\/index.php\/wp-json\/wp\/v2\/posts"}],"about":[{"href":"https:\/\/culturotheque.fr\/index.php\/wp-json\/wp\/v2\/types\/post"}],"author":[{"embeddable":true,"href":"https:\/\/culturotheque.fr\/index.php\/wp-json\/wp\/v2\/users\/1"}],"replies":[{"embeddable":true,"href":"https:\/\/culturotheque.fr\/index.php\/wp-json\/wp\/v2\/comments?post=6512"}],"version-history":[{"count":8,"href":"https:\/\/culturotheque.fr\/index.php\/wp-json\/wp\/v2\/posts\/6512\/revisions"}],"predecessor-version":[{"id":6526,"href":"https:\/\/culturotheque.fr\/index.php\/wp-json\/wp\/v2\/posts\/6512\/revisions\/6526"}],"wp:featuredmedia":[{"embeddable":true,"href":"https:\/\/culturotheque.fr\/index.php\/wp-json\/wp\/v2\/media\/6522"}],"wp:attachment":[{"href":"https:\/\/culturotheque.fr\/index.php\/wp-json\/wp\/v2\/media?parent=6512"}],"wp:term":[{"taxonomy":"category","embeddable":true,"href":"https:\/\/culturotheque.fr\/index.php\/wp-json\/wp\/v2\/categories?post=6512"},{"taxonomy":"post_tag","embeddable":true,"href":"https:\/\/culturotheque.fr\/index.php\/wp-json\/wp\/v2\/tags?post=6512"}],"curies":[{"name":"wp","href":"https:\/\/api.w.org\/{rel}","templated":true}]}}