{"id":6514,"date":"2021-01-25T16:49:02","date_gmt":"2021-01-25T15:49:02","guid":{"rendered":"http:\/\/culturotheque.fr\/?p=6514"},"modified":"2021-01-25T19:45:52","modified_gmt":"2021-01-25T18:45:52","slug":"mas-de-pommet-sarragan","status":"publish","type":"post","link":"https:\/\/culturotheque.fr\/index.php\/2021\/01\/25\/mas-de-pommet-sarragan\/","title":{"rendered":"Mas de Pommet Sarragan"},"content":{"rendered":"<p><a href=\"https:\/\/photos.app.goo.gl\/eo3uTvHruKqKobie6\">Voir ici les photos de Yves concernant notre randonn\u00e9e \u00e0 St-Etienne-du-Gr\u00e8s<\/a><br \/>\n<!--more--><\/p>\n<p style=\"text-align: justify;\">Aujourd&rsquo;hui nous sommes 7 \u00e0 nous retrouver sur le parking du Mas de Pommet.<br \/>\nDonc tout d&rsquo;abord la bienvenue \u00e0 Odile qui vient renforcer notre groupe f\u00e9minin. Ce matin elles \u00e9taient 5 \u00e0 nous entourer Yves et moi. Quelle chance !<br \/>\n<span style=\"color: #202124;\">Nous nous s\u00e9parons en deux petits groupes pour respecter les consignes avant de partir sur le GR6 en direction de la cabane du Garde. En cheminant nous croisons les taureaux de la manade. Ils nous regardent tous mais ils semblent pr\u00e9f\u00e9rer Yves car c&rsquo;est lui qui les prend en photo. Plus loin la cabane et un petit moment botanique nous montre que nous sommes bien ignorants pour reconnaitre ce qui nous entoure. Nous promettons de faire des progr\u00e8s. Pas plus loin un buisson avec des fleurs jaunes: c&rsquo;est un \u00a0\u00bb Ulex parviflorus\u00a0\u00bb.<br \/>\nEt oui on a de la science . En fait c&rsquo;est un argelas. Il y en a partout.<br \/>\nNous poursuivons sur le GR et aux quatre cantons nous bifurquons vers les Baux de Provence. Quel spectacle ! Pas de voiture, pas de touriste qui encombre les images. Nous en profitons . Plus nous avan\u00e7ons vers les carri\u00e8res de Sarragan plus les images sont belles. Nous pensons \u00e0 l&rsquo;autre groupe qui ne peut profiter de ce spectacle. Heureuse Odile qui a d\u00e9cid\u00e9 de tenter l&rsquo;aventure avec nous ! Nous allons jusqu&rsquo;aux \u00e9chelles avant de faire demi-tour.<br \/>\n<\/span><span style=\"color: #202124;\">A la d\u00e9partementale nous retournons vers les quatre cantons. Nous profitons de la vue sur le Mont Paon et le Mont Valence. Nous nous rem\u00e9morons N\u00e9n\u00e9 qui nous y avaient amen\u00e9 il y a 2 ans d\u00e9j\u00e0. Nous marchons entour\u00e9s de pins et de garrigue. Nous d\u00e9gottons un coin sympa pour faire la pause pique-nique. Il est midi. On n&rsquo;entend pas les cloches, seulement le silence de ceux qui se r\u00e9galent.<br \/>\n<\/span><span style=\"color: #202124;\">D\u00e9part vers les Traversi\u00e8res. C&rsquo;est un chemin forestier agr\u00e9able mais on se croirait sur des montagnes russes. C&rsquo;est court mais tu montes et puis tu descends . Et cela recommence. Au bout nous retrouvons le chemin de l&rsquo;enclos des taureaux camarguais. Ils sont toujours l\u00e0 et d\u00e8s qu&rsquo;on arrive ils nous regardent. Ils nous attendaient ?<br \/>\n<\/span><span style=\"color: #202124;\">On pr\u00e9f\u00e8re rentrer apr\u00e8s cette journ\u00e9e bien remplie. A la prochaine&#8230;.peut-\u00eatre.<br \/>\n<\/span><span style=\"color: #202124;\"><strong><span style=\"text-decoration: underline;\">Cotation\u00a0<\/span><\/strong> &#8211; 16.9 km avec un d\u00e9nivel\u00e9 positif de 526 m. JB4\u00a0 &#8211; 7 randonneurs (<em>Catherine, Brigitte, Laure, Maryline et Odile accompagn\u00e9es de Yves et Rapha\u00ebl<\/em>)<\/span><\/p>\n","protected":false},"excerpt":{"rendered":"<p>Voir ici les photos de Yves concernant notre randonn\u00e9e \u00e0 St-Etienne-du-Gr\u00e8s<\/p>\n","protected":false},"author":1,"featured_media":6517,"comment_status":"closed","ping_status":"closed","sticky":false,"template":"","format":"standard","meta":{"footnotes":""},"categories":[4],"tags":[],"class_list":["post-6514","post","type-post","status-publish","format-standard","has-post-thumbnail","hentry","category-randonnees"],"_links":{"self":[{"href":"https:\/\/culturotheque.fr\/index.php\/wp-json\/wp\/v2\/posts\/6514","targetHints":{"allow":["GET"]}}],"collection":[{"href":"https:\/\/culturotheque.fr\/index.php\/wp-json\/wp\/v2\/posts"}],"about":[{"href":"https:\/\/culturotheque.fr\/index.php\/wp-json\/wp\/v2\/types\/post"}],"author":[{"embeddable":true,"href":"https:\/\/culturotheque.fr\/index.php\/wp-json\/wp\/v2\/users\/1"}],"replies":[{"embeddable":true,"href":"https:\/\/culturotheque.fr\/index.php\/wp-json\/wp\/v2\/comments?post=6514"}],"version-history":[{"count":2,"href":"https:\/\/culturotheque.fr\/index.php\/wp-json\/wp\/v2\/posts\/6514\/revisions"}],"predecessor-version":[{"id":6516,"href":"https:\/\/culturotheque.fr\/index.php\/wp-json\/wp\/v2\/posts\/6514\/revisions\/6516"}],"wp:featuredmedia":[{"embeddable":true,"href":"https:\/\/culturotheque.fr\/index.php\/wp-json\/wp\/v2\/media\/6517"}],"wp:attachment":[{"href":"https:\/\/culturotheque.fr\/index.php\/wp-json\/wp\/v2\/media?parent=6514"}],"wp:term":[{"taxonomy":"category","embeddable":true,"href":"https:\/\/culturotheque.fr\/index.php\/wp-json\/wp\/v2\/categories?post=6514"},{"taxonomy":"post_tag","embeddable":true,"href":"https:\/\/culturotheque.fr\/index.php\/wp-json\/wp\/v2\/tags?post=6514"}],"curies":[{"name":"wp","href":"https:\/\/api.w.org\/{rel}","templated":true}]}}