{"id":6529,"date":"2021-01-27T19:23:28","date_gmt":"2021-01-27T18:23:28","guid":{"rendered":"http:\/\/culturotheque.fr\/?p=6529"},"modified":"2021-01-28T10:54:37","modified_gmt":"2021-01-28T09:54:37","slug":"les-chemins-de-la-bauxite","status":"publish","type":"post","link":"https:\/\/culturotheque.fr\/index.php\/2021\/01\/27\/les-chemins-de-la-bauxite\/","title":{"rendered":"Les chemins de la bauxite."},"content":{"rendered":"<p><a href=\"https:\/\/photos.app.goo.gl\/Qrf3jb7jn8c6KdKE7\">Voir ici les photos de notre randonn\u00e9e aux Baux de Provence<\/a><br \/>\n<!--more--><\/p>\n<p style=\"text-align: justify;\">Il fait beau, pas de vent et nous nous retrouvons autour des Baux de Provence\u00a0!\u00a0 Les deux groupes constitu\u00e9s nous partons pratiquement des Carri\u00e8res de Lumi\u00e8re (<em>actuellement ferm\u00e9es<\/em>) pour descendre le Vallon de la Fontaine et retrouver l\u2019\u00e9l\u00e9gant pavillon d\u2019angle de style Renaissance\u00a0 construit par Honor\u00e9 des Martins, Baron des Baux de 1568 \u00e0 1581 pour son \u00e9pouse Jeanne de Quiqueran. Ce pavillon d\u00e9corait leur jardin (<em>appel\u00e9 \u00ab\u00a0Jardin du Comte\u00a0\u00bb ou \u00ab\u00a0Verger du Roi\u00a0\u00bb<\/em>) et nous nous rappelons avoir vu sa copie : Fr\u00e9d\u00e9ric Mistral a, en effet,\u00a0 copi\u00e9 ce pavillon pour en faire son tombeau \u00e0 Maillane.<br \/>\nNous jetons un coup d\u2019\u0153il au joli lavoir et nous partons sur un chemin bien sympathique qui nous am\u00e8ne devant le \u00ab Mas de la Guerre \u00bb. Nous \u00e9voquons le nom de ce Mas. Ce mas ne fait pas r\u00e9f\u00e9rence aux derni\u00e8res guerres mondiales. Une grande propri\u00e9t\u00e9, avec un moulin et des d\u00e9pendances, aurait \u00e9t\u00e9 achet\u00e9e en 1545 par Claude de Manville, Viguier des Baux qui commandait la d\u00e9fense de la ville. \u00a0Du temps des guerres Baussenques et plus particuli\u00e8rement en 1561 (<em>sous le r\u00e8gne d\u2019Henri II)<\/em>, les protestants\u00a0 avaient jet\u00e9 tous les objets de culte des catholiques dans la citerne du ch\u00e2teau (i<em>ls avaient aussi saccag\u00e9s les images religieuses jug\u00e9es sataniques et brul\u00e9s tous les meubles du ch\u00e2teau<\/em>) en s\u2019y installant avec armes. Le Capitaine Gauchier de Quiqueran-Ventabren-M\u00e9janes installe son quartier g\u00e9n\u00e9ral \u00a0afin d\u2019entreprendre le si\u00e8ge des Baux dans cette propri\u00e9t\u00e9. Il reprend la place. Depuis, ce Mas porte le nom de \u00ab Mas de la Guerre \u00bb.<br \/>\nNous poursuivons sous un ciel bleu, un beau soleil et on commence \u00e0 se d\u00e9shabiller. On arrive \u00e0 ce qui pouvait \u00eatre une entr\u00e9e de Mine de Bauxite.\u00a0 C\u2019est en 1821 que le g\u00e9ologue Pierre Berthier d\u00e9couvre la roche riche en alumine qu\u2019il nomme bauxite. Ce minerai permet la production de l\u2019aluminium beaucoup utilis\u00e9 \u00e0 notre \u00e9poque. Nous connaissons bien l&rsquo;origine,\u00a0 le travail d&rsquo;extraction, les techniques de transformation de ce m\u00e9tal, et surtout du travail des \u00ab\u00a0Gueules Rouges\u00a0\u00bb car nous avions visit\u00e9 le Mus\u00e9e de Tourves. On sait aussi que toute exploitation fran\u00e7aise a cess\u00e9 dans les ann\u00e9es 1980 et que c&rsquo;est le village des Baux qui a donn\u00e9 le nom \u00e0 ce minerai&#8230;<br \/>\nNous continuons sur le sentier bien color\u00e9 en rouge pour arriver \u00e0 une carri\u00e8re d\u00e9saffect\u00e9e. Carri\u00e8re de bauxite ou de calcaire\u00a0?<br \/>\nNous surplombons l&rsquo;immense trou de cette carri\u00e8re pour prendre une large piste qui nous offre de fabuleux panoramas : les Alpilles avec le Mont des Opi\u00e8s, la Crau, la mer et la Camargue. On la quitte assez vite pour prendre un \u00e9troit sentier qui nous\u00a0 fait d\u00e9ambuler dans un sous-bois. Les botanistes s\u2019\u00e9clatent : ch\u00eanes verts, ch\u00eanes kerm\u00e8s, filaires, arbousiers, lentisques, buis\u2026 ainsi que romarin, et m\u00eame quelques fleurs de thym nous interpellent.<br \/>\nNous arrivons dans un vallon ferm\u00e9 ou, en levant la t\u00eate on aper\u00e7oit des\u00a0 \u00ab\u00a0tafonis\u00a0\u00bb, ces fameux \u00a0rochers rong\u00e9s par le vent <em>(ou l\u2019Oc\u00e9an T\u00e9thys au cours du Pal\u00e9ozoique<\/em>) qui se sont sem\u00e9s autour des Baux. En fait, devant nous on a plus que \u00e7a\u00a0: carr\u00e9ment une immense paroi rocheuse\u00a0!<br \/>\nNous poursuivons toujours en sinuant dans une nature sauvage, luxuriante et entre ces rochers ruiniformes\u2026 Nous arrivons ainsi en haut d\u2019une colline o\u00f9, d\u2019une terrasse extraordinaire, on peut admirer les monts Paon, Valence, la plaine verdoyante du Mas d\u2019Auge.<br \/>\nOn descend le layon qui nous am\u00e8ne au hameau du Mas de Ma\u00ef. Nous montons pour prendre un sentier derri\u00e8re la maison de retraite. Malheureusement ce sentier est bouch\u00e9. On fait demi-tour pour reprendre quelques centaines de m\u00e8tres sur la route et embarquer sur une sente tr\u00e8s \u00e9troite, bien charmante, qui nous ram\u00e8ne au pied des Baux de Provence illumin\u00e9 par un fantastique rayon de soleil !<br \/>\nNous nous quittons sur le parking, tous bien heureux d&rsquo;avoir parcouru\u00a0 ces sentiers ensemble qui, une fois de plus, \u00e9taient in\u00e9dits pour les Adh\u00e9rents de La Culturoth\u00e8que. Et oui\u2026 ce n\u2019est pas parce qu\u2019on est limit\u00e9 par une absence de co-voiturage et un couvre-feu qui nous privent d\u2019aller d\u00e9couvrir des\u00a0 horizons lointains qu\u2019on est oblig\u00e9 de randonner en terre connue et ne pas conna\u00eetre le frisson de l&rsquo;aventure !<br \/>\n<span style=\"text-decoration: underline;\"><strong>Cotation<\/strong><\/span> : DJB2 &#8211; 8.82 km \u2013 295 m d\u00e9nivel\u00e9 \u2013 9 randonneurs (<em>Philippe, Christian, Odile, Maryline, Monique, France, C\u00e9cile, Mich\u00e8le E., Mich\u00e8le N.<\/em>)<\/p>\n","protected":false},"excerpt":{"rendered":"<p>Voir ici les photos de notre randonn\u00e9e aux Baux de Provence<\/p>\n","protected":false},"author":1,"featured_media":6533,"comment_status":"closed","ping_status":"closed","sticky":false,"template":"","format":"standard","meta":{"footnotes":""},"categories":[4],"tags":[],"class_list":["post-6529","post","type-post","status-publish","format-standard","has-post-thumbnail","hentry","category-randonnees"],"_links":{"self":[{"href":"https:\/\/culturotheque.fr\/index.php\/wp-json\/wp\/v2\/posts\/6529","targetHints":{"allow":["GET"]}}],"collection":[{"href":"https:\/\/culturotheque.fr\/index.php\/wp-json\/wp\/v2\/posts"}],"about":[{"href":"https:\/\/culturotheque.fr\/index.php\/wp-json\/wp\/v2\/types\/post"}],"author":[{"embeddable":true,"href":"https:\/\/culturotheque.fr\/index.php\/wp-json\/wp\/v2\/users\/1"}],"replies":[{"embeddable":true,"href":"https:\/\/culturotheque.fr\/index.php\/wp-json\/wp\/v2\/comments?post=6529"}],"version-history":[{"count":11,"href":"https:\/\/culturotheque.fr\/index.php\/wp-json\/wp\/v2\/posts\/6529\/revisions"}],"predecessor-version":[{"id":6545,"href":"https:\/\/culturotheque.fr\/index.php\/wp-json\/wp\/v2\/posts\/6529\/revisions\/6545"}],"wp:featuredmedia":[{"embeddable":true,"href":"https:\/\/culturotheque.fr\/index.php\/wp-json\/wp\/v2\/media\/6533"}],"wp:attachment":[{"href":"https:\/\/culturotheque.fr\/index.php\/wp-json\/wp\/v2\/media?parent=6529"}],"wp:term":[{"taxonomy":"category","embeddable":true,"href":"https:\/\/culturotheque.fr\/index.php\/wp-json\/wp\/v2\/categories?post=6529"},{"taxonomy":"post_tag","embeddable":true,"href":"https:\/\/culturotheque.fr\/index.php\/wp-json\/wp\/v2\/tags?post=6529"}],"curies":[{"name":"wp","href":"https:\/\/api.w.org\/{rel}","templated":true}]}}