{"id":6549,"date":"2021-01-29T20:06:05","date_gmt":"2021-01-29T19:06:05","guid":{"rendered":"http:\/\/culturotheque.fr\/?p=6549"},"modified":"2021-02-03T11:12:17","modified_gmt":"2021-02-03T10:12:17","slug":"la-torte","status":"publish","type":"post","link":"https:\/\/culturotheque.fr\/index.php\/2021\/01\/29\/la-torte\/","title":{"rendered":"La Torte"},"content":{"rendered":"<p style=\"text-align: justify;\"><a href=\"https:\/\/photos.app.goo.gl\/k1j4GjEdQvF94rUo9\">Voir ici les photos de notre randonn\u00e9e \u00e0 Collias.<\/a><br \/>\n<a href=\"https:\/\/photos.app.goo.gl\/dCPDbMKYRFatC2gE9\">Voir ici les photos de Fran\u00e7oise.<\/a><br \/>\n<!--more--><br \/>\nLe temps est un peu couvert ce matin, mais les sourires sont pr\u00e9sents lorsque nous nous retrouvons sur le pont qui traverse le Gardon \u00e0 Collias.<br \/>\nDeux groupes de randonneurs sont form\u00e9s, le premier s&rsquo;engage sur les sentiers de l&rsquo;ermitage, tandis que nous, bien plus nombreux, \u00e9tablissons des sous-groupes avant d&rsquo;attaquer la grimpette de La Torte.<br \/>\nLa Torte est une ancienne voie qui reliait Collias \u00e0 Cabri\u00e8res. Ce n&rsquo;est pas une voie Antique puisqu&rsquo;un panneau nous raconte qu&rsquo;elle a \u00e9t\u00e9 construite en 1815.<br \/>\nEn effet, la plaine de N\u00eemes (<em>et plus particuli\u00e8rement la plaine de Beaucaire<\/em>) regorgeait de c\u00e9r\u00e9ales mais il fallait bien en faire de la farine pour se nourrir. Le long du Gardon des Moulins \u00e9taient \u00e9tablis depuis le Moyen-Age mais pour les atteindre la route \u00e9tait longue car il n&rsquo;y avait que deux ponts sur le Gardon : le Pont St Nicolas plus haut et le Pont du Gard (<em>qui a longtemps servi de pont<\/em>) \u00e0 Remoulins. Un temps un \u00ab\u00a0bac \u00e0 trailles\u00a0\u00bb servait \u00e0 traverser le Gardon au niveau de Collias. Puis on a construit un pont et cette route qui raccourcissait bien le trajet entre ceux qui produisaient le bl\u00e9 et ceux qui faisaient la farine. Comme cette route \u00e9tait \u00ab\u00a0tordue\u00a0\u00bb du fait que les ing\u00e9nieurs avaient, pour rejoindre les courbes de niveau, construit des lacets, les colliassiois ont appel\u00e9 cette route La Torte.<br \/>\nLongtemps c&rsquo;\u00e9tait un petit chemin qui d\u00e9ambulait dans la garrigue en s&rsquo;\u00e9levant au-dessus des gorges du Gardon. Aujourd&rsquo;hui elle est \u00e9largie ce qui nous permet de bavarder en distanciation r\u00e9glo, elle est aussi plus confortable sous nos pieds car il n&rsquo;y a plus ces cailloux qui tordaient les chevilles.<br \/>\nLes discussions portent sur les grottes qui jalonnent les Gorges du Gardon. Il y en a qui contiennent des tr\u00e9sors mais elles sont ferm\u00e9es.<br \/>\nAnne-Marie \u00e9voque la grotte Bayol o\u00f9 elle allait jouer dans son enfance. Elle n&rsquo;est pas tr\u00e8s loin mais pas sur notre combe, l&rsquo;autre groupe s&rsquo;en rapprochera beaucoup plus. Elle fait partie de 5 grottes orn\u00e9es de peintures aurignaciennes. Celle-ci comportait de rares silex dont le plus typique est une pointe de type Gravette et les peintures les plus connues, qui se trouvaient dans le couloir d&rsquo;entr\u00e9e, comportaient un bouquetin doublement remarquable car il \u00e9tait dessin\u00e9 en entier et il portait des rayures transversales sur le ventre. Il y avait aussi une jolie petite t\u00eate de bouquetin et des signes divers tout en rouge. Aujourd&rsquo;hui l&rsquo;entr\u00e9e de cette grotte est sous des \u00e9boulis. Peut-\u00eatre, un jour, pourrons-nous la visiter ?<br \/>\nAujourd&rsquo;hui, c&rsquo;est en laissant \u00ab\u00a0La Torte\u00a0\u00bb pour prendre un sentier\u00a0 qui d\u00e9gringole vers une cr\u00eate rocheuse que nous tentons de visiter quelques grottes. Attention \u00e7a glisse ! Descente pas facile pour tous mais Ir\u00e8ne, devant est tr\u00e8s encourageante. Nous arrivons \u00e0 un rocher que l&rsquo;on contourne\u00a0 par la droite pour d\u00e9couvrir une curieuse galerie, ou grotte-tunel qui traverse le rocher de part en part. Pas de peintures rupestres mais un tr\u00e8s beau site.<br \/>\nOn ne prend pas le sentier en corniche qui pourrait nous conduire \u00e0 une autre tr\u00e8s belle grotte. Certains ont le vertige.<br \/>\nNous revenons donc sur nos pas, remontons la sente, non sans mal \u00e0 un amas de roches, et nous arrivons \u00e0 nouveau sur \u00ab\u00a0La Torte\u00a0\u00bb.<br \/>\nUne pause bienvenue, en guise de partage on se lave tous les mains et on enl\u00e8ve quelques vestes, et on reprend en sens inverse la descente vers Collias.<br \/>\nCette voie nous offre de magnifiques panoramas bien ensoleill\u00e9s maintenant, le mont Ventoux enneig\u00e9 et, de l&rsquo;autre c\u00f4t\u00e9 le Mont Bouquet et en arri\u00e8re plan les monts C\u00e9venols nous interpellent mais c&rsquo;est surtout le village de Collias dans son magnifique d\u00e9cor de cr\u00e8che proven\u00e7ale qui nous offre la plus belle carte postale. Nous admirons aussi le Gardon qui a creus\u00e9 sont lit entre les parois rocheuses sur lesquelles nous avons d\u00e9ambul\u00e9.<br \/>\nNous nous quittons sur le pont, heureux de cette belle balade qui nous a donn\u00e9 un avant-go\u00fbt du printemps en esp\u00e9rant de tout coeur que nous ne serons pas reconfin\u00e9s prochainement !<br \/>\n<strong><span style=\"text-decoration: underline;\">Cotation<\/span><\/strong> : DJB2 &#8211; 8.5 km &#8211; 261 m d\u00e9nivel\u00e9 &#8211; 15 randonneurs\u00a0<em> (Christian, Monique, Marit\u00e9, Ir\u00e8ne, Fran\u00e7oise, Jocelyne, Daniel, Elisabeth, Mich\u00e8le E., Jean-Marie, Jean, Anne-Marie, Martine, Philippe, Mich\u00e8le N.)<\/em><\/p>\n<p>&nbsp;<\/p>\n","protected":false},"excerpt":{"rendered":"<p>Voir ici les photos de notre randonn\u00e9e \u00e0 Collias. Voir ici les photos de Fran\u00e7oise.<\/p>\n","protected":false},"author":1,"featured_media":6561,"comment_status":"closed","ping_status":"closed","sticky":false,"template":"","format":"standard","meta":{"footnotes":""},"categories":[4],"tags":[],"class_list":["post-6549","post","type-post","status-publish","format-standard","has-post-thumbnail","hentry","category-randonnees"],"_links":{"self":[{"href":"https:\/\/culturotheque.fr\/index.php\/wp-json\/wp\/v2\/posts\/6549","targetHints":{"allow":["GET"]}}],"collection":[{"href":"https:\/\/culturotheque.fr\/index.php\/wp-json\/wp\/v2\/posts"}],"about":[{"href":"https:\/\/culturotheque.fr\/index.php\/wp-json\/wp\/v2\/types\/post"}],"author":[{"embeddable":true,"href":"https:\/\/culturotheque.fr\/index.php\/wp-json\/wp\/v2\/users\/1"}],"replies":[{"embeddable":true,"href":"https:\/\/culturotheque.fr\/index.php\/wp-json\/wp\/v2\/comments?post=6549"}],"version-history":[{"count":13,"href":"https:\/\/culturotheque.fr\/index.php\/wp-json\/wp\/v2\/posts\/6549\/revisions"}],"predecessor-version":[{"id":6568,"href":"https:\/\/culturotheque.fr\/index.php\/wp-json\/wp\/v2\/posts\/6549\/revisions\/6568"}],"wp:featuredmedia":[{"embeddable":true,"href":"https:\/\/culturotheque.fr\/index.php\/wp-json\/wp\/v2\/media\/6561"}],"wp:attachment":[{"href":"https:\/\/culturotheque.fr\/index.php\/wp-json\/wp\/v2\/media?parent=6549"}],"wp:term":[{"taxonomy":"category","embeddable":true,"href":"https:\/\/culturotheque.fr\/index.php\/wp-json\/wp\/v2\/categories?post=6549"},{"taxonomy":"post_tag","embeddable":true,"href":"https:\/\/culturotheque.fr\/index.php\/wp-json\/wp\/v2\/tags?post=6549"}],"curies":[{"name":"wp","href":"https:\/\/api.w.org\/{rel}","templated":true}]}}