{"id":6554,"date":"2021-01-29T16:12:56","date_gmt":"2021-01-29T15:12:56","guid":{"rendered":"http:\/\/culturotheque.fr\/?p=6554"},"modified":"2021-01-30T14:34:44","modified_gmt":"2021-01-30T13:34:44","slug":"lermitage-de-collias","status":"publish","type":"post","link":"https:\/\/culturotheque.fr\/index.php\/2021\/01\/29\/lermitage-de-collias\/","title":{"rendered":"L&rsquo;ermitage de Collias"},"content":{"rendered":"<p><a href=\"https:\/\/photos.app.goo.gl\/v67VAT8MGHkGomWF7\">Voir ici les photos de Yves concernant notre randonn\u00e9e \u00e0 Collias<\/a><br \/>\n<!--more--><\/p>\n<p style=\"text-align: justify;\">Nous sommes 7 au d\u00e9part de cette randonn\u00e9e \u00e0 Collias qui va nous mener au fond de la combe de l\u2019Ermitage, puis sur les falaises qui dominent le gardon et enfin \u00ab\u00a0sur le chemin de la torte\u00a0\u00bb qui va nous ramener au village.<br \/>\nLa journ\u00e9e s\u2019annonce bien, le soleil est de la partie et la bonne humeur l\u00e9gendaire des randonneurs de la Culturoth\u00e8que va nous faire oublier le temps de la rando les rumeurs de confinement qui bruissent de plus en plus fort dans les m\u00e9dias.<br \/>\nApr\u00e8s avoir laiss\u00e9 nos amis qui font la rando \u00e0 la \u00bd journ\u00e9e, nous voila parti en suivant la rive droite du gardon. Au bout d\u20191km environ, nous nous enfon\u00e7ons dans la combe de l\u2019Ermitage en serpentant le long du ruisseau que nous traversons plusieurs fois \u00e0 pied sec. Des panneaux diss\u00e9min\u00e9s le long du chemin nous expliquent la v\u00e9g\u00e9tation environnante.<br \/>\nNous d\u00e9couvrons au fond de la combe l\u2019Ermitage, la chapelle \u00ab\u00a0Notre dame de Laval\u00a0\u00bb et un autel plant\u00e9 contre la falaise. Ce lieu est charg\u00e9 d\u2019histoire puisqu\u2019il a vu se succ\u00e9der du n\u00e9olithique jusqu\u2019au si\u00e8cle dernier successivement des hommes pr\u00e9historiques qui vivaient dans la grotte, puis les romains qui y \u00e9difi\u00e8rent un temple sur les ruines duquel fut construite une chapelle en l\u2019honneur de la vierge et enfin des ermites qui s\u2019y sont succ\u00e9d\u00e9s jusqu\u2019au XIX\u00e8me si\u00e8cle. Avant de quitter les lieux, nous faisons un petit d\u00e9tour par la source o\u00f9 nous nous laissons bercer quelques instants par le doux gazouillis de l\u2019eau qui s\u2019\u00e9chappe par une anfractuosit\u00e9 du rocher.<br \/>\nNous grimpons ensuite vers la croix qui domine le site pour nous diriger ensuite vers le mas de Laval sur le plateau. Nous croisons la d\u00e9partementale qui relie Cabri\u00e8res \u00e0 Collias, passons devant le mas de St Privat o\u00f9 nous pouvons admirer de magnifiques chevaux qui ne demandent qu\u2019\u00e0 poser pour la photo.<br \/>\nNous allons ensuite laisser la piste pour suivre un sentier qui nous m\u00e8ne sur les falaises qui dominent le Gardon. Au bout du chemin, nous trouvons un endroit bien ensoleill\u00e9 et \u00e0 l\u2019abri du vent pour casser la cro\u00fbte tout en admirant le d\u00e9cor majestueux qui nous entoure.<br \/>\nNous revenons sur nos pas non sans avoir fait encore un petit d\u00e9tour par une s\u00e9rie de grottes \u00e0 flanc de falaise, certaines d\u00e9cor\u00e9es de peintures rupestres du\u2026.. de nos jours.<br \/>\nApr\u00e8s avoir rejoint la piste nous allons revenir \u00e0 Collias par le chemin\u00a0\u00a0 de la Torte (malheureusement \u00e9largi r\u00e9cemment) bord\u00e9 de nombreuse bornes en pierre et qui nous d\u00e9voile de superbes vues sur le village.<em><br \/>\nHubert<br \/>\n<\/em><span style=\"text-decoration: underline;\"><strong>Cotation<\/strong><\/span>\u00a0: <em>JB3 \u2013 13Km66 \u2013 424 m d\u00e9nivel\u00e9 \u2013 7 randonneurs (Catherine, Brigitte, Maryline, Laure, Yves, Raphael, Hubert)<\/em><\/p>\n","protected":false},"excerpt":{"rendered":"<p>Voir ici les photos de Yves concernant notre randonn\u00e9e \u00e0 Collias<\/p>\n","protected":false},"author":1,"featured_media":6570,"comment_status":"closed","ping_status":"closed","sticky":false,"template":"","format":"standard","meta":{"footnotes":""},"categories":[4],"tags":[],"class_list":["post-6554","post","type-post","status-publish","format-standard","has-post-thumbnail","hentry","category-randonnees"],"_links":{"self":[{"href":"https:\/\/culturotheque.fr\/index.php\/wp-json\/wp\/v2\/posts\/6554","targetHints":{"allow":["GET"]}}],"collection":[{"href":"https:\/\/culturotheque.fr\/index.php\/wp-json\/wp\/v2\/posts"}],"about":[{"href":"https:\/\/culturotheque.fr\/index.php\/wp-json\/wp\/v2\/types\/post"}],"author":[{"embeddable":true,"href":"https:\/\/culturotheque.fr\/index.php\/wp-json\/wp\/v2\/users\/1"}],"replies":[{"embeddable":true,"href":"https:\/\/culturotheque.fr\/index.php\/wp-json\/wp\/v2\/comments?post=6554"}],"version-history":[{"count":2,"href":"https:\/\/culturotheque.fr\/index.php\/wp-json\/wp\/v2\/posts\/6554\/revisions"}],"predecessor-version":[{"id":6569,"href":"https:\/\/culturotheque.fr\/index.php\/wp-json\/wp\/v2\/posts\/6554\/revisions\/6569"}],"wp:featuredmedia":[{"embeddable":true,"href":"https:\/\/culturotheque.fr\/index.php\/wp-json\/wp\/v2\/media\/6570"}],"wp:attachment":[{"href":"https:\/\/culturotheque.fr\/index.php\/wp-json\/wp\/v2\/media?parent=6554"}],"wp:term":[{"taxonomy":"category","embeddable":true,"href":"https:\/\/culturotheque.fr\/index.php\/wp-json\/wp\/v2\/categories?post=6554"},{"taxonomy":"post_tag","embeddable":true,"href":"https:\/\/culturotheque.fr\/index.php\/wp-json\/wp\/v2\/tags?post=6554"}],"curies":[{"name":"wp","href":"https:\/\/api.w.org\/{rel}","templated":true}]}}