{"id":6584,"date":"2021-02-03T19:02:27","date_gmt":"2021-02-03T18:02:27","guid":{"rendered":"http:\/\/culturotheque.fr\/?p=6584"},"modified":"2021-02-03T20:03:01","modified_gmt":"2021-02-03T19:03:01","slug":"le-moure-de-vay","status":"publish","type":"post","link":"https:\/\/culturotheque.fr\/index.php\/2021\/02\/03\/le-moure-de-vay\/","title":{"rendered":"Mourre de la Vay"},"content":{"rendered":"<p><a href=\"https:\/\/photos.app.goo.gl\/ULnsFdBk6KTbXFp2A\">Voir ici les photos de notre randonn\u00e9e \u00e0 Th\u00e9ziers<\/a><\/p>\n<p style=\"text-align: justify;\"><!--more--><br \/>\nEn ces temps particuliers, nous n&rsquo;allons pas trop loin car nous n&rsquo;organisons pas le co-voiturage et, aussi, il faut respecter le couvre-feu de 18 h, de fait il nous faut programmer des randos en essayant de trouver des sentiers diff\u00e9rents.<br \/>\nAujourd&rsquo;hui le d\u00e9part se fait de Th\u00e9ziers et le d\u00e9but de la balade n&rsquo;est pas folichonne : petite route, voie ferr\u00e9e et ligne \u00e0 haute tension. Mais ce n&rsquo;est pas tr\u00e8s important : les conversations sont tr\u00e8s anim\u00e9es et elles compensent le manque de beaux paysages.<br \/>\nOn arrive quand m\u00eame \u00e0 prendre une piste \u00e0 travers vignes qui nous am\u00e8ne aux abords des Combes de Vaqui\u00e8res o\u00f9, enfin, de beaux panoramas nous offrent Aramon, les collines de Beaucaire et le Rh\u00f4ne qui bat la campagne bien majestueux.<br \/>\nOn arrive au niveau du Mourre de la Vay. Trouverons nous le sentier ? Bien s\u00fbr, et tr\u00e8s vite ce sentier \u00e9troit nous m\u00e8ne rapidement en cr\u00eate : vue sur Domazan, Fourn\u00e8s, Remoulins, Sernhac et&#8230; Meynes qui est cach\u00e9 par le Castellas !<br \/>\nLa descente est un peu difficile mais pas de pierres qui roulent, du sable tout doux pour les chevilles et les ch\u00eanes kerm\u00e8s qui \u00e9gratignent nos jambes !<br \/>\nLa sente est bien ferm\u00e9e : il devrait pourtant y avoir le passage des chasseurs ! En bas, on retrouve les vignes, de larges chemins qui nous am\u00e8nent \u00e0 traverser la Vay, petit ruisseau qui quelquefois peut s&#8217;emballer et provoquer des crues. Et vous que diriez-vous pour \u00ab\u00a0Vay\u00a0\u00bb : \u00ab\u00a0vaille\u00a0\u00bb ou \u00ab\u00a0veille\u00a0\u00bb ?<br \/>\nArriv\u00e9s sur le chemin qui contourne le Castellas on se s\u00e9pare : 5 randonneurs jouent les ch\u00e8vres pour monter le rude sentier pour atteindre le sommet du Castellas.<br \/>\nLes autres continuent pour prendre un petit chemin bien ensoleill\u00e9 qui nous am\u00e8ne \u00e0 la chapelle de St Amand. En effet, si le soleil \u00e9tait absent, voici qu&rsquo;il brille de mille feux alors que nous contournons la chapelle par l&rsquo;est, c&rsquo;est un chevet semi-circulaire recouvert d&rsquo;un toit en appentis perc\u00e9 d&rsquo;une fen\u00eatre absidiale tr\u00e8s \u00e9troite que nous d\u00e9couvrons donc \u00e0 contre-jour. C&rsquo;est en petit appareil \u00e9clat\u00e9 au marteau, typique du premier art roman m\u00e9diterran\u00e9en qu&rsquo;il est construit. On s&rsquo;extasie aussi sur les frises en dents de scies.<br \/>\nJuste apr\u00e8s avoir admir\u00e9 la chapelle, sur la petite route qui nous ram\u00e8ne \u00e0 Th\u00e9ziers on entends des ho ho&#8230; L&rsquo;autre groupe nous interpelle depuis le sommet du Castellas o\u00f9 subsiste encore les vertiges d&rsquo;un ch\u00e2teau fort. En fait l&rsquo;ancien Tedusia, village gallo-romain, \u00e9tait s\u00fbrement construit sur ce puech. Ce serait d&rsquo;ailleurs sur l&#8217;emplacement d&rsquo;un ancien temple pa\u00efen de cet antique village qu&rsquo;est construite la chapelle St Amand. On pense que Tedusia a \u00e9t\u00e9 d\u00e9truit entre 1300 et 1400 et c&rsquo;est \u00e0 la suite que les habitants ont\u00a0 r\u00e9\u00e9difi\u00e9 le village que nous connaissons aujourd&rsquo;hui.<br \/>\nOn arrive presque tous ensemble au parking et, tout de m\u00eame, heureux de cette balade car d\u00e9couvrir les panoramas du Mourre de la Vay et le Castellas valaient le d\u00e9placement.<br \/>\n<span style=\"text-decoration: underline;\"><strong>Cotation<\/strong> <\/span>: DJB2 &#8211; 9 km &#8211; 170 m d\u00e9nivel\u00e9 (9.2 km et 258 m de d\u00e9nivel\u00e9 pour ceux qui sont mont\u00e9s au Castellas). 8 Randonneurs <em>(Monique, Christian, C\u00e9cile, Rapha\u00ebl, Martine, Philippe, Mich\u00e8le)<\/em><\/p>\n<h5><strong>\u00a0<\/strong><\/h5>\n<p>&nbsp;<\/p>\n<p>&nbsp;<\/p>\n","protected":false},"excerpt":{"rendered":"<p>Voir ici les photos de notre randonn\u00e9e \u00e0 Th\u00e9ziers<\/p>\n","protected":false},"author":1,"featured_media":6590,"comment_status":"closed","ping_status":"closed","sticky":false,"template":"","format":"standard","meta":{"footnotes":""},"categories":[4],"tags":[],"class_list":["post-6584","post","type-post","status-publish","format-standard","has-post-thumbnail","hentry","category-randonnees"],"_links":{"self":[{"href":"https:\/\/culturotheque.fr\/index.php\/wp-json\/wp\/v2\/posts\/6584","targetHints":{"allow":["GET"]}}],"collection":[{"href":"https:\/\/culturotheque.fr\/index.php\/wp-json\/wp\/v2\/posts"}],"about":[{"href":"https:\/\/culturotheque.fr\/index.php\/wp-json\/wp\/v2\/types\/post"}],"author":[{"embeddable":true,"href":"https:\/\/culturotheque.fr\/index.php\/wp-json\/wp\/v2\/users\/1"}],"replies":[{"embeddable":true,"href":"https:\/\/culturotheque.fr\/index.php\/wp-json\/wp\/v2\/comments?post=6584"}],"version-history":[{"count":5,"href":"https:\/\/culturotheque.fr\/index.php\/wp-json\/wp\/v2\/posts\/6584\/revisions"}],"predecessor-version":[{"id":6589,"href":"https:\/\/culturotheque.fr\/index.php\/wp-json\/wp\/v2\/posts\/6584\/revisions\/6589"}],"wp:featuredmedia":[{"embeddable":true,"href":"https:\/\/culturotheque.fr\/index.php\/wp-json\/wp\/v2\/media\/6590"}],"wp:attachment":[{"href":"https:\/\/culturotheque.fr\/index.php\/wp-json\/wp\/v2\/media?parent=6584"}],"wp:term":[{"taxonomy":"category","embeddable":true,"href":"https:\/\/culturotheque.fr\/index.php\/wp-json\/wp\/v2\/categories?post=6584"},{"taxonomy":"post_tag","embeddable":true,"href":"https:\/\/culturotheque.fr\/index.php\/wp-json\/wp\/v2\/tags?post=6584"}],"curies":[{"name":"wp","href":"https:\/\/api.w.org\/{rel}","templated":true}]}}