{"id":6595,"date":"2021-02-05T09:36:44","date_gmt":"2021-02-05T08:36:44","guid":{"rendered":"http:\/\/culturotheque.fr\/?p=6595"},"modified":"2021-02-06T11:48:13","modified_gmt":"2021-02-06T10:48:13","slug":"6595","status":"publish","type":"post","link":"https:\/\/culturotheque.fr\/index.php\/2021\/02\/05\/6595\/","title":{"rendered":"La halte fluviale"},"content":{"rendered":"<p><a href=\"https:\/\/photos.app.goo.gl\/wxyoybmRSZ4vzJJR9\">Voir ici les photos de Fran\u00e7oise concernant notre randonn\u00e9e \u00e0 Vallabr\u00e8gues<\/a><br \/>\n<!--more--><\/p>\n<p style=\"text-align: justify;\">Nous sommes 8 au d\u00e9part de la randonn\u00e9e, gar\u00e9s \u00e0 c\u00f4t\u00e9 du camping.\u00a0 Avant de partir je leur fais part d\u2019informations recopi\u00e9es dans les archives de Vallabr\u00e8gues par P. Jullian qui fut maire au 19\u00e8me si\u00e8cle : Vallabr\u00e8gues vient de Volobrica <em>(je ne connais pas la signification de ce mot , si quelqu\u2019un peut me renseigner \u00e7a me fera plaisir<\/em>). Au 14\u00e8me si\u00e8cle le Rh\u00f4ne a s\u00e9par\u00e9 le village de Vallabr\u00e8gues et une bonne partie de ses terres en d\u00e9molissant une colline, un morceau de l\u2019enceinte et l\u2019ancienne \u00e9glise. Vallabr\u00e8gues fut alors dans une \u00eele isol\u00e9e du Languedoc et de la Provence&#8230;.<br \/>\nNous cheminons le long du contre canal pour atteindre un petit passage secret, seule difficult\u00e9 du parcours. Nous passons devant la maison o\u00f9 \u00e9tait h\u00e9berg\u00e9 Fr\u00e9d\u00e9ric Mistral quand il prenait le bac pour se rendre de Maillane \u00e0 N\u00eemes et vice-versa.<br \/>\nPoursuite dans les vergers production principale de l\u2019agriculture locale, on pourra y voir mon fils en plein travail, je l\u2019avais r\u00e9quisitionn\u00e9 pour l\u2019occasion ! On fait un petit aller retour pour atteindre \u00ab\u00a0le mas de la Gayce \u00a0\u00bb sur lequel on trouve des plaques marquant les niveaux de certaines crues m\u00e9morables du Rh\u00f4ne.<br \/>\nOn marche d\u2019un bon pas et suivons une l\u00f4ne puis une autre, en fait c\u2019est la m\u00eame qui fait une boucle, on passe devant l\u2019ancienne cave coop\u00e9rative et au cimeti\u00e8re o\u00f9 on fait un petit tour, c\u2019est un rituel \u00e0 Vallabr\u00e8gues.<br \/>\nArriv\u00e9e sur la place de la mairie et de l\u2019Eglise puis mont\u00e9e (<em>la seule<\/em>) au ch\u00e2teau d\u2019eau, au passage on regarde le presbyt\u00e8re et sa tour hexagonale. En retournant aux voitures on d\u00e9cide de faire le tour du lac, on longe l\u2019espace d\u00e9di\u00e9 aux cano\u00ebs et on va jusqu\u2019\u00e0 la halte fluviale.<br \/>\n<em>Monique.<br \/>\n<\/em><span style=\"text-decoration: underline;\"><strong>Cotation :<\/strong><\/span> 9,7 km et 5 m<em> (quand m\u00eame !) <\/em>de d\u00e9nivel\u00e9 avec <em>Martine, Ir\u00e8ne, Mich\u00e8le, Jean-Marie, Jocelyne, Fran\u00e7oise, Christian et Monique.<\/em><\/p>\n","protected":false},"excerpt":{"rendered":"<p>Voir ici les photos de Fran\u00e7oise concernant notre randonn\u00e9e \u00e0 Vallabr\u00e8gues<\/p>\n","protected":false},"author":1,"featured_media":6601,"comment_status":"closed","ping_status":"closed","sticky":false,"template":"","format":"standard","meta":{"footnotes":""},"categories":[4],"tags":[],"class_list":["post-6595","post","type-post","status-publish","format-standard","has-post-thumbnail","hentry","category-randonnees"],"_links":{"self":[{"href":"https:\/\/culturotheque.fr\/index.php\/wp-json\/wp\/v2\/posts\/6595","targetHints":{"allow":["GET"]}}],"collection":[{"href":"https:\/\/culturotheque.fr\/index.php\/wp-json\/wp\/v2\/posts"}],"about":[{"href":"https:\/\/culturotheque.fr\/index.php\/wp-json\/wp\/v2\/types\/post"}],"author":[{"embeddable":true,"href":"https:\/\/culturotheque.fr\/index.php\/wp-json\/wp\/v2\/users\/1"}],"replies":[{"embeddable":true,"href":"https:\/\/culturotheque.fr\/index.php\/wp-json\/wp\/v2\/comments?post=6595"}],"version-history":[{"count":6,"href":"https:\/\/culturotheque.fr\/index.php\/wp-json\/wp\/v2\/posts\/6595\/revisions"}],"predecessor-version":[{"id":6608,"href":"https:\/\/culturotheque.fr\/index.php\/wp-json\/wp\/v2\/posts\/6595\/revisions\/6608"}],"wp:featuredmedia":[{"embeddable":true,"href":"https:\/\/culturotheque.fr\/index.php\/wp-json\/wp\/v2\/media\/6601"}],"wp:attachment":[{"href":"https:\/\/culturotheque.fr\/index.php\/wp-json\/wp\/v2\/media?parent=6595"}],"wp:term":[{"taxonomy":"category","embeddable":true,"href":"https:\/\/culturotheque.fr\/index.php\/wp-json\/wp\/v2\/categories?post=6595"},{"taxonomy":"post_tag","embeddable":true,"href":"https:\/\/culturotheque.fr\/index.php\/wp-json\/wp\/v2\/tags?post=6595"}],"curies":[{"name":"wp","href":"https:\/\/api.w.org\/{rel}","templated":true}]}}