{"id":6597,"date":"2021-02-05T09:00:45","date_gmt":"2021-02-05T08:00:45","guid":{"rendered":"http:\/\/culturotheque.fr\/?p=6597"},"modified":"2021-02-06T09:58:43","modified_gmt":"2021-02-06T08:58:43","slug":"les-alpilles-par-st-gabriel","status":"publish","type":"post","link":"https:\/\/culturotheque.fr\/index.php\/2021\/02\/05\/les-alpilles-par-st-gabriel\/","title":{"rendered":"Les Alpilles par St Gabriel"},"content":{"rendered":"<p><a href=\"https:\/\/photos.app.goo.gl\/TPPzFf6KubbnSSdB9\">Voir ici les photos de Yves concernant notre randonn\u00e9e \u00e0 Tarascon<\/a><br \/>\n<!--more--><\/p>\n<p style=\"text-align: justify;\">Nous nous retrouvons 7 en ce vendredi matin sur le parking de la chapelle Saint Gabriel.<br \/>\nDevant la fa\u00e7ade de la chapelle, nous faisons un bond de 9 si\u00e8cles en arri\u00e8re et nous nous retrouvons dans le village d\u2019Ernaginum entour\u00e9s des utriculaires, ces bateliers qui aidaient les voyageurs et les marchands \u00e0 traverser les mar\u00e9cages qui entouraient le village. Nous prenons le temps d\u2019admirer le double fronton riche de d\u00e9corations typique de l\u2019art roman proven\u00e7al.<br \/>\nApr\u00e8s avoir contourn\u00e9 la chapelle et admir\u00e9 son chevet pentagonal recouvert de dalles calcaires, nous continuons vers l\u2019ancien ch\u00e2teau qui d\u00e9fendait la bourgade.<br \/>\nNous quittons alors le XII\u00e8me et nous retrouvons dans la pin\u00e8de du XXIeme si\u00e8cle au-dessus du ch\u00e2teau. Nous suivons le Chemin de petite randonn\u00e9e qui part \u00e0 gauche pour nous \u00e9lever lentement au sein des Alpilles.<br \/>\nNous rencontrons un chasseur qui fait prendre l\u2019air \u00e0 son chien et \u00e0 son fusil en attendant la battue au sanglier du lendemain.<br \/>\nApr\u00e8s avoir franchi un des points culminants de notre parcours, nous redescendons pour nous enfoncer dans le vallon de la L\u00e8que. Les plus observateurs du groupe nous signalent les ruines de la petite chapelle Saint Peire blottie contre les rochers qui ravive les souvenirs de Laure qui est d\u00e9j\u00e0 pass\u00e9e par l\u00e0 dans une vir\u00e9e pr\u00e9c\u00e9dente mais qui n\u2019a pas beaucoup inspir\u00e9 les historiens.<br \/>\nIl semblerait que ce soit un ancien prieur\u00e9 qui servait aussi d\u2019auberge pour les rencontres commerciales des alpilles. Il \u00e9tait une d\u00e9pendance de Montmajour puis des templiers de Lansac.<br \/>\nPeu apr\u00e8s un superbe \u00e2ne vient poser pour la photo qui ne manque pas de nous inspirer pour des ressemblances avec certains d\u2019entre nous\u2026.<br \/>\nNous regrimpons vers la tour de guet et nous devons franchir quelques obstacles laiss\u00e9s par un coup de vent r\u00e9cent qui permet \u00e0 quelques-uns d\u2019entre nous de montrer leur agilit\u00e9 et leur souplesse\u2026. Ou pas\u00a0!!!<br \/>\nApr\u00e8s la tour de guet, nous rejoignons le chemin qui va serpenter sur les contreforts des Alpilles et qui va nous permettre de trouver un joli coin pour prendre notre casse-cro\u00fbte.<br \/>\nLe retour vers notre point de d\u00e9part va \u00eatre rapide, peut \u00eatre motiv\u00e9 par la promesse d\u2019une bonne sieste pour fixer les souvenirs de cette belle journ\u00e9e.<br \/>\n<span style=\"text-decoration: underline;\"><strong>Cotation<\/strong>\u00a0<\/span>:\u00a0<em>JB3 \u2013 14km5 \u2013 538m d\u00e9nivel\u00e9 \u2013 7 randonneurs (Catherine, Brigitte, Maryline, Laure, Yves, Raphael, Hubert)<\/em><\/p>\n","protected":false},"excerpt":{"rendered":"<p>Voir ici les photos de Yves concernant notre randonn\u00e9e \u00e0 Tarascon<\/p>\n","protected":false},"author":1,"featured_media":6604,"comment_status":"closed","ping_status":"closed","sticky":false,"template":"","format":"standard","meta":{"footnotes":""},"categories":[4],"tags":[],"class_list":["post-6597","post","type-post","status-publish","format-standard","has-post-thumbnail","hentry","category-randonnees"],"_links":{"self":[{"href":"https:\/\/culturotheque.fr\/index.php\/wp-json\/wp\/v2\/posts\/6597","targetHints":{"allow":["GET"]}}],"collection":[{"href":"https:\/\/culturotheque.fr\/index.php\/wp-json\/wp\/v2\/posts"}],"about":[{"href":"https:\/\/culturotheque.fr\/index.php\/wp-json\/wp\/v2\/types\/post"}],"author":[{"embeddable":true,"href":"https:\/\/culturotheque.fr\/index.php\/wp-json\/wp\/v2\/users\/1"}],"replies":[{"embeddable":true,"href":"https:\/\/culturotheque.fr\/index.php\/wp-json\/wp\/v2\/comments?post=6597"}],"version-history":[{"count":3,"href":"https:\/\/culturotheque.fr\/index.php\/wp-json\/wp\/v2\/posts\/6597\/revisions"}],"predecessor-version":[{"id":6603,"href":"https:\/\/culturotheque.fr\/index.php\/wp-json\/wp\/v2\/posts\/6597\/revisions\/6603"}],"wp:featuredmedia":[{"embeddable":true,"href":"https:\/\/culturotheque.fr\/index.php\/wp-json\/wp\/v2\/media\/6604"}],"wp:attachment":[{"href":"https:\/\/culturotheque.fr\/index.php\/wp-json\/wp\/v2\/media?parent=6597"}],"wp:term":[{"taxonomy":"category","embeddable":true,"href":"https:\/\/culturotheque.fr\/index.php\/wp-json\/wp\/v2\/categories?post=6597"},{"taxonomy":"post_tag","embeddable":true,"href":"https:\/\/culturotheque.fr\/index.php\/wp-json\/wp\/v2\/tags?post=6597"}],"curies":[{"name":"wp","href":"https:\/\/api.w.org\/{rel}","templated":true}]}}