{"id":6609,"date":"2021-02-08T17:19:54","date_gmt":"2021-02-08T16:19:54","guid":{"rendered":"http:\/\/culturotheque.fr\/?p=6609"},"modified":"2021-02-09T20:30:22","modified_gmt":"2021-02-09T19:30:22","slug":"chateau-la-rabasse-et-les-fosses","status":"publish","type":"post","link":"https:\/\/culturotheque.fr\/index.php\/2021\/02\/08\/chateau-la-rabasse-et-les-fosses\/","title":{"rendered":"Ch\u00e2teau la Rabasse et les Fosses."},"content":{"rendered":"<p><a href=\"https:\/\/photos.app.goo.gl\/sqwWKXuUNQrszzqr5\">Voir ici les photos de notre randonn\u00e9e \u00e0 Fourn\u00e8s<\/a><br \/>\n<a href=\"https:\/\/photos.app.goo.gl\/RQxaQqyPZfJfotiL8\">Voir ici les photos de Fran\u00e7oise.<\/a><br \/>\n<!--more--><\/p>\n<p style=\"text-align: justify;\">Ce matin, pas de soleil \u00e9clatant, un peu frisquet, soi-disant. Pourtant les oiseaux chantent \u00e0 tue-t\u00eate, on a le sourire, on per\u00e7oit bien les pr\u00e9mices du printemps\u00a0!<br \/>\nTout naturellement on se dirige vers la Chapelle St Pierre qui serait situ\u00e9e \u00e0 l\u2019emplacement dit de Campourio. Lorsqu\u2019on parle \u00ab\u00a0Sarrasins\u00a0\u00bb, on pense aussit\u00f4t \u00e0 \u00ab\u00a0<em>732, Charles Martel arr\u00eate les arabes \u00e0 Poitiers<\/em> \u00bb, mais ce que l\u2019on sait peu, c\u2019est qu\u2019en 736 Charles Martel aurait mis en d\u00e9route les arm\u00e9es sarrasines dans le secteur. Montfrin, Remoulins, Sernhac, Meynes, lorsqu\u2019on randonne dans ces coins on ne se prive pas d\u2019\u00e9voquer cet \u00e9pisode. L\u2019autre jour, en randonnant dans la Grand Combe \u00e0 St Hilaire, on a d\u00e9couvert le lieu-dit \u00ab<em>Champ de Mar<\/em>s\u00bb. C\u2019est l\u00e0 que Charles Martel aurait emp\u00each\u00e9 les Sarrasins \u00e0 se mettre en ordre de bataille pour ensuite les tailler en pi\u00e8ce l\u00e0 o\u00f9 nous nous trouvons, en les pr\u00e9cipitant dans le Gardon lors de la bataille de Campourio. Pour comm\u00e9morer cette victoire on aurait construit 4 \u00e9difices aux 4 coins de ce fameux champ de bataille (<em>8 km\u00b2 environ<\/em>). Nous avions cherch\u00e9 il n\u2019y a pas si longtemps \u00a0la chapelle St Jean des Vignes remplac\u00e9e par un oratoire, ici nous trouvons la chapelle St Pierre \u00e9difi\u00e9 sur la colline de \u00ab\u00a0mont Pourriot\u00a0\u00bb (<em>mont pourri<\/em>) que l\u2019on peut rapprocher du nom de cette fameuse bataille. Nous dissertons sur le fait que \u00ab\u00a0Martel\u00a0\u00bb n\u2019est pas le vrai nom du fameux Charles\u00a0: il s\u2019appelait Charles de Herstal. Apr\u00e8s avoir \u00e9cras\u00e9 les troupes musulmanes tel un marteau il est surnomm\u00e9 \u00ab\u00a0Martel\u00a0\u00bb qui signifie le \u00ab\u00a0marteau d\u2019armes\u00a0\u00bb qui \u00e9tait \u00e9galement une arme de combat au moyen-\u00e2ge.<br \/>\nOn revient sur nos pas pour prendre tout de suite une petite route qui nous fait traverser l\u2019autoroute et une voie ferr\u00e9e puis, apr\u00e8s avoir travers\u00e9 un ruisseau, on prend un joli sentier qui nous am\u00e8nera au Ch\u00e2teau de la Rabasse mais pour l\u2019instant on est sous le charme du chant des oiseaux, on entend m\u00eame un pivert, et on croise un renard.<br \/>\nVoici le ch\u00e2teau qui nous interpelle. \u00a0Ce ch\u00e2teau est construit vers 1638 sur l\u2019emplacement d\u2019un ch\u00e2teau-fort, mais une grande partie a \u00e9t\u00e9 d\u00e9molie \u00e0 la fin du XIXe si\u00e8cle. Le corps Renaissance est flanqu\u00e9, \u00e0 chacun de ses angles, d\u2019une tourelle en poivri\u00e8re, pentagonale. Sur la fa\u00e7ade principale on peut admirer un encadrement de pierres taill\u00e9es en pointe de diamant surmont\u00e9 d\u2019un fronton \u00e0 arc coup\u00e9 en son centre. On admire les fen\u00eatres \u00e0 meneaux.<br \/>\nSommes-nous \u00e0 Fourn\u00e8s ? Non, nous sommes \u00e0 Remoulins, mais on revient vers Fourn\u00e8s \u00e0 travers des champs de fruitiers pour aboutir \u00e0 un magnifique lac de Montagne. Un lac de Montagne ?\u00a0 Non, en fait il s\u2019agit du Lac de La Valligui\u00e8re, bien connu des p\u00eacheurs, des h\u00e9rons et des cygnes. Mais le cadre nous fait penser \u00e0 un lac de Montagne. Qu\u2019en pensez-vous ?<br \/>\nNous admirons, puis nous suivons le Gardon un moment pour traverser, en dessous cette fois-ci, l\u2019autoroute et admirer le talent de \u00ab street artistes \u00bb et on \u00e9voque les souvenirs de Londres avec la d\u00e9couverte de Leake Street Graffiti Tunnel (<em>appel\u00e9 aussi \u00ab\u00a0Banksy Tunnel\u00a0\u00bb).<br \/>\n<\/em>On se retrouve vite \u00e0 nouveau \u00e0 l\u2019entr\u00e9e de Fourn\u00e8s o\u00f9 nous prenons aussit\u00f4t le chemin des Fosses.<br \/>\nNous nous installons pour notre repas en balcon sur ce paysage aride, creus\u00e9 par endroits de fosses et de vasques. Ce d\u00e9cor nous semble irr\u00e9el. C\u2019est l\u2019\u00e9rosion qui a form\u00e9 ce paysage pittoresque aux pitons de terres de 10 \u00e0 30 m aux pentes grav\u00e9es de sillons et aux sommets plats parsem\u00e9s d\u2019herbes. On se croirait sur la Lune. On savoure notre repas avec cette belle vue, le soleil bien brillant et nos discussions bien anim\u00e9es.<br \/>\nNous arpentons maintenant un sol argileux et un \u00e9troit sentier \u00e0 travers gen\u00eats et v\u00e9g\u00e9tation qui ne demande qu&rsquo;\u00e0 exploser dans quelques jours. On monte, on descend. On est fascin\u00e9 par l\u2019\u00e9trange paysage et, lorsqu\u2019on arrive \u00e0 la Fontaine de Noquet , o\u00f9 nous faisons une petite pause, on a la sensation de revenir d\u2019un lointain pays. En ces temps de Covid, avouez que \u00e7a fait du bien !<br \/>\nNous revenons au village de Fourn\u00e8s o\u00f9 nous visitons un peu\u00a0: l\u2019\u00e9glise aux 3 nefs, le campanile (<em>qui n\u2019appartient pas \u00e0 l\u2019\u00e9glise<\/em>) et le lavoir qui a disparu.<br \/>\nIl est pile 15 h lorsque nous arrivons bien heureuses (<em>et oui, on le sait qu\u2019il n\u2019y a que les filles qui sont courageuses<\/em>) de notre voyage du jour, et, pour les non courageux : sans une goutte de pluie bien s\u00fbr !<br \/>\n<span style=\"text-decoration: underline;\"><strong>Cotation<\/strong><\/span> : JB2 &#8211; 13.2 km &#8211; 234 m d\u00e9nivel\u00e9\u00a0 &#8211; 7 randonneuses<em> (Mich\u00e8le E., Ir\u00e8ne, Betty, Fran\u00e7oise, Marie-Jeanne, Cathy, Mich\u00e8le N.)<\/em><\/p>\n","protected":false},"excerpt":{"rendered":"<p>Voir ici les photos de notre randonn\u00e9e \u00e0 Fourn\u00e8s Voir ici les photos de Fran\u00e7oise.<\/p>\n","protected":false},"author":1,"featured_media":6612,"comment_status":"closed","ping_status":"closed","sticky":false,"template":"","format":"standard","meta":{"footnotes":""},"categories":[4],"tags":[],"class_list":["post-6609","post","type-post","status-publish","format-standard","has-post-thumbnail","hentry","category-randonnees"],"_links":{"self":[{"href":"https:\/\/culturotheque.fr\/index.php\/wp-json\/wp\/v2\/posts\/6609","targetHints":{"allow":["GET"]}}],"collection":[{"href":"https:\/\/culturotheque.fr\/index.php\/wp-json\/wp\/v2\/posts"}],"about":[{"href":"https:\/\/culturotheque.fr\/index.php\/wp-json\/wp\/v2\/types\/post"}],"author":[{"embeddable":true,"href":"https:\/\/culturotheque.fr\/index.php\/wp-json\/wp\/v2\/users\/1"}],"replies":[{"embeddable":true,"href":"https:\/\/culturotheque.fr\/index.php\/wp-json\/wp\/v2\/comments?post=6609"}],"version-history":[{"count":8,"href":"https:\/\/culturotheque.fr\/index.php\/wp-json\/wp\/v2\/posts\/6609\/revisions"}],"predecessor-version":[{"id":6625,"href":"https:\/\/culturotheque.fr\/index.php\/wp-json\/wp\/v2\/posts\/6609\/revisions\/6625"}],"wp:featuredmedia":[{"embeddable":true,"href":"https:\/\/culturotheque.fr\/index.php\/wp-json\/wp\/v2\/media\/6612"}],"wp:attachment":[{"href":"https:\/\/culturotheque.fr\/index.php\/wp-json\/wp\/v2\/media?parent=6609"}],"wp:term":[{"taxonomy":"category","embeddable":true,"href":"https:\/\/culturotheque.fr\/index.php\/wp-json\/wp\/v2\/categories?post=6609"},{"taxonomy":"post_tag","embeddable":true,"href":"https:\/\/culturotheque.fr\/index.php\/wp-json\/wp\/v2\/tags?post=6609"}],"curies":[{"name":"wp","href":"https:\/\/api.w.org\/{rel}","templated":true}]}}