{"id":6613,"date":"2021-02-08T15:55:44","date_gmt":"2021-02-08T14:55:44","guid":{"rendered":"http:\/\/culturotheque.fr\/?p=6613"},"modified":"2021-02-08T17:59:34","modified_gmt":"2021-02-08T16:59:34","slug":"6613","status":"publish","type":"post","link":"https:\/\/culturotheque.fr\/index.php\/2021\/02\/08\/6613\/","title":{"rendered":"Les fosses de Fourn\u00e8s"},"content":{"rendered":"<p><a href=\"https:\/\/photos.app.goo.gl\/sK67MX1TER3hqyK68\">Voir ici les photos de Yves concernant notre randonn\u00e9e \u00e0 Fourn\u00e8s.<\/a><br \/>\n<!--more--><\/p>\n<p style=\"text-align: justify;\">Nous nous retrouvons au cimeti\u00e8re de Fourn\u00e8s puisque Saint-Pierre nous est d\u00e9conseill\u00e9.<br \/>\nIL fait ni chaud ni froid. Un temps parfait pour la rando. Nous partons vers le Grand Rue . Rapidement nous trouvons la st\u00e8le surmont\u00e9e de sa croix. Nous d\u00e9chiffrons l&rsquo;inscription \u00a0\u00bb Dominus Escaltatio mea\u00a0\u00bb , mais personne n&rsquo;est assez cal\u00e9 en latin pour nous la traduire. Nous filons vers la source de Noquet. Cet ensemble hydraulique du 19i\u00e8me si\u00e8cle est le vestige de la premi\u00e8re installation d&rsquo;alimentation en eau du village. Elle est construite en pierre de taille et son eau se d\u00e9verse par un bec taill\u00e9. Mais aujourd&rsquo;hui son eau n&rsquo;est pas potable.<br \/>\nAlors nous poursuivons vers les Fosses. Virage \u00e0 droite sur une petite sente. Cela glisse, cela colle. Nos chaussures en accumulent les vestiges. Plus haut on retrouve un sentier avec des graviers. C&rsquo;est mieux . Nous progressons en bordure des vignes . A gauche les Fosses. Ce sont des pitons de 10 \u00e0 30 m de haut. C&rsquo;est de l&rsquo;argile . On se croirait ailleurs. C&rsquo;est trop beau . Au loin l&rsquo;usine de carrelage g\u00e2che un peu le paysage. Nous sommes sur Terre et non pas sur la Lune. On aurait pu le croire. Et oui ! \u00e0 Droite on distingue Est\u00e9zargue et plus loin le Ventoux emmitoufl\u00e9 de son chapeau blanc.<br \/>\nNous redescendons en suivant notre trac\u00e9. Nous longeons l&rsquo;usine. Nous sommes surpris par son activit\u00e9 qui fait vivre bon nombre de gens. Nous sommes sur Terre <em>(deux fois!<\/em>).<br \/>\nNous filons vers le Gardon. Et l\u00e0 surprise derri\u00e8re nous un groupe de papys- cyclistes. On les applaudit car ils sont tous \u00ab\u00a0maillot jaune\u00a0\u00bb. Encore une surprise : ils sont perdus! Et nous randonneurs bien \u00e9quip\u00e9s avec nos cartes et nos GPS nous les sauvons. Nous leur indiquons comment rejoindre Montfrin. Ils sont repartis heureux, mais arriveront-ils \u00e0 bon port ?<br \/>\nNous allons voir le barrage sur le Gardon. Il y a tellement d&rsquo;eau qu&rsquo;elle est pass\u00e9e par dessus. Demi-tour et nous remontons vers le ch\u00e2teau Rabasse. La faim creuse nos estomac. Didier est charg\u00e9 de nous d\u00e9gotter un coin repas. Sous l&rsquo;autoroute ? Ah non ! Certaines aimeraient aller sur les galets de l&rsquo;autre c\u00f4t\u00e9. Mais nous n&rsquo;avons pas pris nos maillots. Finalement en bon limier Didier nous trouve un petit coin de paradis : de l&rsquo;herbe, des pierres pour s&rsquo;assoir, le Gardon , les oiseaux qui chantent, deux cygnes qui se font admirer.<br \/>\nRepas termin\u00e9 , nous longeons le lac form\u00e9 par le Gardon et nous trouvons le ch\u00e2teau Rabasse. Belle b\u00e2tisse de 1638 superbement restaur\u00e9e. Maintenant certains peuvent y habiter. Mais il y a l&rsquo;autoroute et la voie de chemin de fer. Du bruit probablement.<br \/>\nRetour vers Fourn\u00e8s. Avant de rentrer nous allons jeter un coup d\u2019\u0153il \u00e0 la chapelle Saint-Pierre (<em>saint patron de Fourn\u00e8s!<\/em>). Elle a \u00e9t\u00e9 \u00e9difi\u00e9e en m\u00e9moire d&rsquo;une victoire sur les Sarrasins en 736 par Charles Martel dans le plaines de Meynes et de Sernhac.<br \/>\nSatisfaits d&rsquo;avoir retrouv\u00e9s Saint-Pierre nous retournons \u00e0 nos maisons. A la prochaine.<br \/>\n<em>\u00a0\u00a0\u00a0\u00a0\u00a0\u00a0\u00a0\u00a0\u00a0\u00a0\u00a0\u00a0\u00a0\u00a0\u00a0\u00a0\u00a0\u00a0\u00a0\u00a0\u00a0\u00a0\u00a0\u00a0\u00a0\u00a0\u00a0\u00a0\u00a0\u00a0\u00a0\u00a0\u00a0\u00a0\u00a0\u00a0\u00a0\u00a0\u00a0\u00a0\u00a0\u00a0\u00a0\u00a0\u00a0\u00a0 Rapha\u00ebl.<br \/>\n<\/em><span style=\"text-decoration: underline;\"><strong>Cotation<\/strong><\/span> &#8211; JB4 &#8211; 18 km avec un d\u00e9nivel\u00e9 de 270 m\u00a0 5 randonneurs : Catherine, Brigitte, Didier, Yves et Rapha\u00ebl<\/p>\n","protected":false},"excerpt":{"rendered":"<p>Voir ici les photos de Yves concernant notre randonn\u00e9e \u00e0 Fourn\u00e8s.<\/p>\n","protected":false},"author":1,"featured_media":6615,"comment_status":"closed","ping_status":"closed","sticky":false,"template":"","format":"standard","meta":{"footnotes":""},"categories":[4],"tags":[],"class_list":["post-6613","post","type-post","status-publish","format-standard","has-post-thumbnail","hentry","category-randonnees"],"_links":{"self":[{"href":"https:\/\/culturotheque.fr\/index.php\/wp-json\/wp\/v2\/posts\/6613","targetHints":{"allow":["GET"]}}],"collection":[{"href":"https:\/\/culturotheque.fr\/index.php\/wp-json\/wp\/v2\/posts"}],"about":[{"href":"https:\/\/culturotheque.fr\/index.php\/wp-json\/wp\/v2\/types\/post"}],"author":[{"embeddable":true,"href":"https:\/\/culturotheque.fr\/index.php\/wp-json\/wp\/v2\/users\/1"}],"replies":[{"embeddable":true,"href":"https:\/\/culturotheque.fr\/index.php\/wp-json\/wp\/v2\/comments?post=6613"}],"version-history":[{"count":2,"href":"https:\/\/culturotheque.fr\/index.php\/wp-json\/wp\/v2\/posts\/6613\/revisions"}],"predecessor-version":[{"id":6616,"href":"https:\/\/culturotheque.fr\/index.php\/wp-json\/wp\/v2\/posts\/6613\/revisions\/6616"}],"wp:featuredmedia":[{"embeddable":true,"href":"https:\/\/culturotheque.fr\/index.php\/wp-json\/wp\/v2\/media\/6615"}],"wp:attachment":[{"href":"https:\/\/culturotheque.fr\/index.php\/wp-json\/wp\/v2\/media?parent=6613"}],"wp:term":[{"taxonomy":"category","embeddable":true,"href":"https:\/\/culturotheque.fr\/index.php\/wp-json\/wp\/v2\/categories?post=6613"},{"taxonomy":"post_tag","embeddable":true,"href":"https:\/\/culturotheque.fr\/index.php\/wp-json\/wp\/v2\/tags?post=6613"}],"curies":[{"name":"wp","href":"https:\/\/api.w.org\/{rel}","templated":true}]}}