{"id":6626,"date":"2021-02-10T19:03:58","date_gmt":"2021-02-10T18:03:58","guid":{"rendered":"http:\/\/culturotheque.fr\/?p=6626"},"modified":"2021-02-10T22:28:11","modified_gmt":"2021-02-10T21:28:11","slug":"le-limacon","status":"publish","type":"post","link":"https:\/\/culturotheque.fr\/index.php\/2021\/02\/10\/le-limacon\/","title":{"rendered":"Le lima\u00e7on."},"content":{"rendered":"<p><a href=\"https:\/\/photos.app.goo.gl\/vjjAj32XitxSVE3q7\">Voir ici les photos de notre randonn\u00e9e \u00e0 Beaucaire<\/a><br \/>\n<!--more--><\/p>\n<p style=\"text-align: justify;\">Le Lima\u00e7on, quelle dr\u00f4le d\u2019id\u00e9e de donner ce nom \u00e0 une randonn\u00e9e\u00a0? C\u2019est en dissertant sur cette question que nous longeons le Rh\u00f4ne\u2026\u00a0 Le Rh\u00f4ne lieu d&rsquo;\u00e9change des peuples depuis l&rsquo;antiquit\u00e9. Le Rh\u00f4ne qui transportait au moyen-\u00e2ge des cadavres avec\u00a0 des pi\u00e8ces entre les dents pour payer les Moines charg\u00e9s de leurs\u00a0 s\u00e9pultures aux Alyscamps car ils voulaient \u00eatre ensevelis aupr\u00e8s de Saint Genest \u00e0 Arles.. Le Rh\u00f4ne qui est \u00e0 l\u2019origine du cadre naturel de la ville de Beaucaire\u00a0! On est sur l\u2019ancien chemin de halage ou tous les amoureux de la ville aimaient se retrouver au pied des Cinq Platanes pour \u00e9changer leurs premiers baisers\u00a0!<br \/>\nSur la gauche on ne manque pas de rep\u00e9rer les pr\u00e9s du domaine de Pr\u00e9mont. Ici a eu lieu la f\u00eate de la F\u00e9d\u00e9ration, d\u00e9cal\u00e9e\u00a0 \u00e0 la fin du mois de juillet 1790\u00a0: d\u00e8s le matin du 30 juillet des milliers de spectateurs beaucairois, marchands et visiteurs encore en Foire, se sont mass\u00e9s sur les collines pour jouir d\u2019un spectacle sans pr\u00e9c\u00e9dent. Dans ces pr\u00e9s verdoyants bord\u00e9s par le Rh\u00f4ne, les d\u00e9l\u00e9gations civiles et militaires arriv\u00e9es la veille des diff\u00e9rentes r\u00e9gions ont form\u00e9 un impressionnant d\u00e9fil\u00e9 qui au son des fanfares se sont avanc\u00e9es pour pr\u00eater serment au pied de l\u2019autel de la Patrie et jurer fid\u00e9lit\u00e9 \u00e0 la Nation, \u00e0 la loi et au roi (<em>selon les chroniques locales cette manifestation a <\/em><em>rassembl\u00e9 pr\u00e8s de 30\u00a0000 personnes<\/em>).<br \/>\nNous traversons la route pour rejoindre la \u00ab\u00a0voie verte\u00a0\u00bb jusqu\u2019au Lima\u00e7on.<br \/>\nSi on se r\u00e9f\u00e8re \u00e0 l\u2019Histoire Naturelle G\u00e9n\u00e9rale et particuli\u00e8re des mollusques terrestres de Andr\u00e9-Etienne-Just-Pascal-Joseph-Fran\u00e7ois d&rsquo;Audebard baron de F\u00e9russac, depuis que les Grecs ont colonis\u00e9s Marseille ils sont devenus amateurs d\u2019un lima\u00e7on qu\u2019ils n\u2019avaient peut-\u00eatre pas encore reconnus chez eux.\u00a0 L<em>\u2019h\u00e9lix natico\u00efdes<\/em> est effectivement cherch\u00e9 en Provence comme un mets d\u00e9licat. On le vend dans les march\u00e9s, on le porte en foire de Beaucaire avec plusieurs autres lima\u00e7ons. On l\u2019envoyait m\u00eame aux \u00eeles avant l\u2019interruption du commerce colonial comme les anciens l\u2019exp\u00e9diaient \u00e0 Ath\u00e8nes et \u00e0 Rome. Ce lima\u00e7on avec un nom tr\u00e8s savant d\u2019<em>H\u00e9lix natico\u00efdes<\/em> est donc tr\u00e8s connu en Provence o\u00f9 on le nomme famili\u00e8rement le \u00ab\u00a0<em>tapada<\/em>\u00a0\u00bb.\u00a0 D\u2019apr\u00e8s des recherches plus pouss\u00e9es le <em>tapada<\/em>, aurait pour \u00a0nom scientifique <em>Helix melanostoma<\/em> qui est une esp\u00e8ce d&rsquo;escargots proche de l&rsquo;Escargot de Bourgogne (<em>Helix pomatia<\/em>) et du Petit-gris (<em>Helix aspersa aspersa<\/em>). Et le Lima\u00e7on dans tout cela\u00a0? Le lima\u00e7on est un lieu-dit de ce coin de Beaucaire, tout simplement.<br \/>\nNous continuons notre marche pour atteindre le bas de l\u2019Abbaye St Roman.<br \/>\nOn fait une pause fleurette avant de rejoindre le GR qui nous conduit dans un chemin pastoral bord\u00e9 de gen\u00eats qui ne sont pas encore en fleurs bien s\u00fbr, mais ou r\u00f4de un air franchement printanier. Le ciel est bleu, on est tous en Tshirts, le bonheur de nos retrouvailles est \u00e0 son comble.<br \/>\nNous rejoignons ainsi les Regagnons avant de traverser la Rocade et, apr\u00e8s l\u2019assaut d\u2019une raide mont\u00e9e nous nous retrouvons au panneau qui nous indique le chemin de Gaudon. Ce quartier tire-t-il son nom de la culture de la gaude (<em>ou r\u00e9s\u00e9da<\/em>), plante qui aime les rocailles, longtemps prot\u00e9g\u00e9e et qu\u2019il est toujours interdit de cueillir ? Cette plante \u00e9tait cultiv\u00e9e pour la teinturerie et\u00a0 \u00e9tait appel\u00e9e commun\u00e9ment <em>\u00a0Herbo dei Jusions<\/em>, car \u00ab\u00a0<em>elle donnait la couleur jaune que les juifs \u00e9taient oblig\u00e9s de porter autrefois dans ce pays, et d\u2019en faire teindre leur chapeaux<\/em> <em>ou la rouelle*.<\/em> \u00bb\u00a0 En fait ce serait par rapport au fait que le quartier juif se trouvait \u00e0 cet endroit que le quartier Gaudon porte ce nom\u2026<br \/>\nNous avons maintenant une belle vue sur Beaucaire et le chemin qui nous ram\u00e8ne \u00e0 la voie verte nous offre un panorama \u00a0sur le Mont Ventoux, le massif des Alpilles et le Rh\u00f4ne qui s\u2019\u00e9tire largement \u00e0 nos pieds.<br \/>\nNous revenons par le Sizen, l\u2019\u00e9cole St F\u00e9lix et le soleil est toujours bien pr\u00e9sent lorsque nous nous s\u00e9parons sur le parking, un peu fatigu\u00e9s certes, mais tellement heureux d\u2019avoir partag\u00e9s ces beaux sentiers.<br \/>\n<span style=\"text-decoration: underline;\"><strong>Cotation :<\/strong><\/span> DJB2 &#8211; 11.3 km &#8211; 244 m d\u00e9nivel\u00e9 &#8211; 11 randonneurs <em>(Christian, Jocelyne, Solange, France, Monique, C\u00e9cile, Mich\u00e8le E., Jean-Marie, Betty, Philippe, Mich\u00e8le N.)<br \/>\n* La rouelle, ou la roue, est une petite pi\u00e8ce d\u2019\u00e9toffe dont le port ostensible a \u00e9t\u00e9 impos\u00e9 aux juifs comme signe vestimentaire distinctif par les autorit\u00e9s civiles. D\u00e9coup\u00e9e en anneau, elle symboliserait les 30 deniers de Judas selon l\u2019interpr\u00e9tation traditionnelle.<br \/>\n<\/em><\/p>\n","protected":false},"excerpt":{"rendered":"<p>Voir ici les photos de notre randonn\u00e9e \u00e0 Beaucaire<\/p>\n","protected":false},"author":1,"featured_media":6630,"comment_status":"closed","ping_status":"closed","sticky":false,"template":"","format":"standard","meta":{"footnotes":""},"categories":[4],"tags":[],"class_list":["post-6626","post","type-post","status-publish","format-standard","has-post-thumbnail","hentry","category-randonnees"],"_links":{"self":[{"href":"https:\/\/culturotheque.fr\/index.php\/wp-json\/wp\/v2\/posts\/6626","targetHints":{"allow":["GET"]}}],"collection":[{"href":"https:\/\/culturotheque.fr\/index.php\/wp-json\/wp\/v2\/posts"}],"about":[{"href":"https:\/\/culturotheque.fr\/index.php\/wp-json\/wp\/v2\/types\/post"}],"author":[{"embeddable":true,"href":"https:\/\/culturotheque.fr\/index.php\/wp-json\/wp\/v2\/users\/1"}],"replies":[{"embeddable":true,"href":"https:\/\/culturotheque.fr\/index.php\/wp-json\/wp\/v2\/comments?post=6626"}],"version-history":[{"count":7,"href":"https:\/\/culturotheque.fr\/index.php\/wp-json\/wp\/v2\/posts\/6626\/revisions"}],"predecessor-version":[{"id":6634,"href":"https:\/\/culturotheque.fr\/index.php\/wp-json\/wp\/v2\/posts\/6626\/revisions\/6634"}],"wp:featuredmedia":[{"embeddable":true,"href":"https:\/\/culturotheque.fr\/index.php\/wp-json\/wp\/v2\/media\/6630"}],"wp:attachment":[{"href":"https:\/\/culturotheque.fr\/index.php\/wp-json\/wp\/v2\/media?parent=6626"}],"wp:term":[{"taxonomy":"category","embeddable":true,"href":"https:\/\/culturotheque.fr\/index.php\/wp-json\/wp\/v2\/categories?post=6626"},{"taxonomy":"post_tag","embeddable":true,"href":"https:\/\/culturotheque.fr\/index.php\/wp-json\/wp\/v2\/tags?post=6626"}],"curies":[{"name":"wp","href":"https:\/\/api.w.org\/{rel}","templated":true}]}}