{"id":6650,"date":"2021-02-12T18:46:53","date_gmt":"2021-02-12T17:46:53","guid":{"rendered":"http:\/\/culturotheque.fr\/?p=6650"},"modified":"2021-02-13T08:48:55","modified_gmt":"2021-02-13T07:48:55","slug":"les-pins-de-louisette","status":"publish","type":"post","link":"https:\/\/culturotheque.fr\/index.php\/2021\/02\/12\/les-pins-de-louisette\/","title":{"rendered":"Les pins de Louisette"},"content":{"rendered":"<p style=\"text-align: justify;\"><a href=\"https:\/\/photos.app.goo.gl\/TYWqYougHqH8ajuJ7\" target=\"_blank\" rel=\"noopener noreferrer\">Voir ici les photos de notre randonn\u00e9e \u00e0 Tarascon\/Graveson<\/a><br \/>\n<!--more-->Si mercredi, il y a deux jours, nous avons randonn\u00e9 en Tshirts, ce matin c&rsquo;est avec bonnets, gants et vestes bien ferm\u00e9es que nous quittons le parking de l&rsquo;Abbaye de St Michel de Frigolet. Mais non, il ne neige pas, il ne pleut pas non plus.<br \/>\nIl y a quelques temps on nous avait promis d&rsquo;explorer la partie Ouest de l&rsquo;Abbaye. Nous nous dirigeons donc vers le Mont de la M\u00e8re en laissant les sentiers de la randonn\u00e9e pr\u00e9par\u00e9e par Rapha\u00ebl pour une prochaine balade. Nous prenons une piste bien pentue qui nous entra\u00eene dans un vallon o\u00f9 nous trouvons une citerne. Nous reprenons vers le nord pour attraper la piste qui nous int\u00e9resse aujourd&rsquo;hui, celle qui doit nous entra\u00eener vers le Pic de Biou.<br \/>\nNous sommes bienheureux de nous retrouver sur ce magnifique chemin qui nous offre de bien beaux points de vue sur les fl\u00e8ches de l&rsquo;Abbaye et, de l&rsquo;autre c\u00f4t\u00e9 Graveson. En effet nous sommes sur des cr\u00eates cern\u00e9es ici et l\u00e0 de pics rocheux\u00a0 ! Oui la Montagnette nous offre de bien beaux voyages si on se donne la peine de l&rsquo;explorer ! Nous grimpons aussi quelques \u00ab\u00a0Mourres\u00a0\u00bb pour avoir toujours plus de belles vues.<br \/>\nNous laissons \u00e0 regret cette piste pour nous enfoncer dans un layon \u00e9troit, mais plein de charme qui nous entra\u00eene dans le vallon de la Juverte que nous traversons, toujours fascin\u00e9s par ces paysages vallonn\u00e9s o\u00f9 le printemps, malgr\u00e9 la grisaille du jour, apporte quelques couleurs avec les lauriers tins et les amandiers en fleurs. On trouve m\u00eame quelques cistes, et les narcisses pointent ici et l\u00e0 le bout de leur nez.<br \/>\nNous contournons le massif des \u00ab\u00a0Pins de Louisette\u00a0\u00bb et nous voici dans un \u00ab\u00a0champ \u00e0 sangliers\u00a0\u00bb. Les chasseurs, en effet, ici et l\u00e0 des massifs labourent une petite parcelle pour y planter du ma\u00efs et ainsi attirer les sangliers dans ces vallons. Nous aurions d\u00fb y trouver, au bout, un sentier. Il est absent. Un coup d&rsquo;oeil sur la carte et effectivement nous avons fait un petit d\u00e9tour ! Ah bavardages lorsque vous nous tenez !<br \/>\nOn monte donc un raidillon, doucement il va de soi, mais il nous fait retrouver ce chemin qui sinue \u00e0 nouveau en cr\u00eate. Celui-ci est \u00e9troit, myst\u00e9rieux. Il le restera jusqu&rsquo;au bout, pour notre grand bonheur !<br \/>\nNous voici au niveau du Mas de Madame, pas loin derri\u00e8re une cl\u00f4ture, un lama et deux \u00e2nes savourent leur tranquillit\u00e9,\u00a0 nous, nous prenons la large piste qui nous ram\u00e8ne au parking pile \u00e0 l&rsquo;heure pr\u00e9vue ! Qui paye l&rsquo;ap\u00e9ritif ?<br \/>\nVu le temps on n&rsquo;\u00e9tait pas nombreux mais on a tous \u00e9t\u00e9 heureux de cette balade, encore une fois, in\u00e9dite. A refaire absolument un jour ensoleill\u00e9 !<br \/>\n<span style=\"text-decoration: underline;\"><strong>Cotation :<\/strong><\/span> DJA1 &#8211; 7.9 km &#8211; 275 m d\u00e9nivel\u00e9 &#8211; 7 randonneurs <em>(Daniel, Elisabeth, Marit\u00e9, France, Christian, Philippe, Mich\u00e8le).<\/em><\/p>\n","protected":false},"excerpt":{"rendered":"<p>Voir ici les photos de notre randonn\u00e9e \u00e0 Tarascon\/Graveson<\/p>\n","protected":false},"author":1,"featured_media":6655,"comment_status":"closed","ping_status":"closed","sticky":false,"template":"","format":"standard","meta":{"footnotes":""},"categories":[4],"tags":[],"class_list":["post-6650","post","type-post","status-publish","format-standard","has-post-thumbnail","hentry","category-randonnees"],"_links":{"self":[{"href":"https:\/\/culturotheque.fr\/index.php\/wp-json\/wp\/v2\/posts\/6650","targetHints":{"allow":["GET"]}}],"collection":[{"href":"https:\/\/culturotheque.fr\/index.php\/wp-json\/wp\/v2\/posts"}],"about":[{"href":"https:\/\/culturotheque.fr\/index.php\/wp-json\/wp\/v2\/types\/post"}],"author":[{"embeddable":true,"href":"https:\/\/culturotheque.fr\/index.php\/wp-json\/wp\/v2\/users\/1"}],"replies":[{"embeddable":true,"href":"https:\/\/culturotheque.fr\/index.php\/wp-json\/wp\/v2\/comments?post=6650"}],"version-history":[{"count":11,"href":"https:\/\/culturotheque.fr\/index.php\/wp-json\/wp\/v2\/posts\/6650\/revisions"}],"predecessor-version":[{"id":6671,"href":"https:\/\/culturotheque.fr\/index.php\/wp-json\/wp\/v2\/posts\/6650\/revisions\/6671"}],"wp:featuredmedia":[{"embeddable":true,"href":"https:\/\/culturotheque.fr\/index.php\/wp-json\/wp\/v2\/media\/6655"}],"wp:attachment":[{"href":"https:\/\/culturotheque.fr\/index.php\/wp-json\/wp\/v2\/media?parent=6650"}],"wp:term":[{"taxonomy":"category","embeddable":true,"href":"https:\/\/culturotheque.fr\/index.php\/wp-json\/wp\/v2\/categories?post=6650"},{"taxonomy":"post_tag","embeddable":true,"href":"https:\/\/culturotheque.fr\/index.php\/wp-json\/wp\/v2\/tags?post=6650"}],"curies":[{"name":"wp","href":"https:\/\/api.w.org\/{rel}","templated":true}]}}