{"id":6657,"date":"2021-02-12T16:49:35","date_gmt":"2021-02-12T15:49:35","guid":{"rendered":"http:\/\/culturotheque.fr\/?p=6657"},"modified":"2021-02-13T08:53:33","modified_gmt":"2021-02-13T07:53:33","slug":"des-capitelles-d-aramon-a-saze","status":"publish","type":"post","link":"https:\/\/culturotheque.fr\/index.php\/2021\/02\/12\/des-capitelles-d-aramon-a-saze\/","title":{"rendered":"Des capitelles d&rsquo; Aramon \u00e0 Saze."},"content":{"rendered":"<p style=\"text-align: justify;\"><a href=\"https:\/\/photos.app.goo.gl\/yifgbBPYHBAvy7av8\">Voir ici les photos de Yves concernant la randonn\u00e9e entre Aramon et Saze<\/a><br \/>\n<!--more-->Quel plaisir pour les 8 participants du jour de se retrouver sur le parking \u00e0 l\u2019entr\u00e9e d\u2019Aramon, malgr\u00e9 le froid et le temps maussade. Sans attendre, nous traversons rapidement Aramon pour nous retrouver \u00e0 la petite chapelle au-dessus du cimeti\u00e8re Saint Martin, puis la croix de Gabure que nous connaissons tous bien. C\u2019est l\u2019occasion de sortir les premi\u00e8res plaisanteries pour bien nous mettre dans l\u2019ambiance.<br \/>\nA peine quitt\u00e9 les derni\u00e8res maisons d\u2019Aramon, nous nous \u00e9levons rapidement vers la table d\u2019orientation non sans avoir admir\u00e9 les premi\u00e8res des quelques 16 capitelles de notre parcours du jour.<br \/>\nMalgr\u00e9 le temps gris, nous pouvons deviner \u00e9mergeant de la brume la pointe du Ventoux, le Rh\u00f4ne qui s\u2019\u00e9tale sous nos pieds, Avignon et la montagnette avec les fl\u00e8ches de Notre dame de Frigolet.<br \/>\nNous redescendons dans le vallon en croisant la suite des capitelles et chacun d\u2019expliquer ce qu\u2019il en sait\u00a0: leur origine li\u00e9e au d\u00e9frichage de de la garrigue, les m\u00e9thodes de construction, les \u00e2nes qui transportaient les pierres.<br \/>\nNous prenons maintenant la direction de Saze. Apr\u00e8s \u00eatre pass\u00e9s sous la ligne TGV, nous suivons un sentier qui grimpe abruptement sur la cr\u00eate. La mont\u00e9e est rude, mais la r\u00e9compense \u00e0 la cime est \u00e0 la hauteur de l\u2019effort\u00a0; Le point de vue est superbe, mais le vent et le froid ne nous laisse pas longtemps le loisir d\u2019admirer le paysage.<br \/>\nDescente vers Saze pour admirer son ch\u00e2teau du XVI\u00e8me\/XVII\u00e8me si\u00e8cle construit sur les ruines d\u2019un ch\u00e2teau m\u00e9di\u00e9val, aujourd\u2019hui, si\u00e8ge de la mairie.<br \/>\nNous reprenons le chemin du retour vers Aramon avec la petite pause habituelle sur le bord du chemin pour notre casse-croute dans un coin le plus \u00e0 l\u2019abri du vent. Mais pas le temps ni l\u2019envie de faire la sieste, le froid nous oblige \u00e0 reprendre notre route.<br \/>\nNous marchons donc d\u2019un bon pas \u00e0 travers la garrigue, retraversons la ligne TGV et rejoignons le GR pour rejoindre notre point de d\u00e9part.<br \/>\nNous faisons une pause sur un mur en pierre s\u00e8che, surmont\u00e9 d\u2019un panneau en bois, \u00ab\u00a0mur de Pepe Manou\u00a0\u00bb et quelle est notre surprise de voir arriver sur le chemin un couple qui nous explique qu\u2019ils sont Pepe et Manou, qu\u2019ils montent ce mur au gr\u00e8s de leurs promenades et que c\u2019est leurs petits enfants qui leur ont fait la surprise de mettre ce panneau.<br \/>\nApr\u00e8s cette rencontre pittoresque, nous rejoignons notre point de d\u00e9part remplis des bons souvenirs de la journ\u00e9e.<br \/>\n<em>Hubert.<\/em><br \/>\n<span style=\"text-decoration: underline;\"><strong>Cotation<\/strong>\u00a0<\/span>:\u00a0<em>JB3 \u2013 16Km\u2013 481 m d\u00e9nivel\u00e9 \u2013 8 randonneurs (Catherine, Brigitte, Maryline, Laure, Odile, Yves, Raphael, Hubert)<\/em><\/p>\n<p>&nbsp;<\/p>\n","protected":false},"excerpt":{"rendered":"<p>Voir ici les photos de Yves concernant la randonn\u00e9e entre Aramon et Saze<\/p>\n","protected":false},"author":1,"featured_media":6660,"comment_status":"closed","ping_status":"closed","sticky":false,"template":"","format":"standard","meta":{"footnotes":""},"categories":[4],"tags":[],"class_list":["post-6657","post","type-post","status-publish","format-standard","has-post-thumbnail","hentry","category-randonnees"],"_links":{"self":[{"href":"https:\/\/culturotheque.fr\/index.php\/wp-json\/wp\/v2\/posts\/6657","targetHints":{"allow":["GET"]}}],"collection":[{"href":"https:\/\/culturotheque.fr\/index.php\/wp-json\/wp\/v2\/posts"}],"about":[{"href":"https:\/\/culturotheque.fr\/index.php\/wp-json\/wp\/v2\/types\/post"}],"author":[{"embeddable":true,"href":"https:\/\/culturotheque.fr\/index.php\/wp-json\/wp\/v2\/users\/1"}],"replies":[{"embeddable":true,"href":"https:\/\/culturotheque.fr\/index.php\/wp-json\/wp\/v2\/comments?post=6657"}],"version-history":[{"count":4,"href":"https:\/\/culturotheque.fr\/index.php\/wp-json\/wp\/v2\/posts\/6657\/revisions"}],"predecessor-version":[{"id":6673,"href":"https:\/\/culturotheque.fr\/index.php\/wp-json\/wp\/v2\/posts\/6657\/revisions\/6673"}],"wp:featuredmedia":[{"embeddable":true,"href":"https:\/\/culturotheque.fr\/index.php\/wp-json\/wp\/v2\/media\/6660"}],"wp:attachment":[{"href":"https:\/\/culturotheque.fr\/index.php\/wp-json\/wp\/v2\/media?parent=6657"}],"wp:term":[{"taxonomy":"category","embeddable":true,"href":"https:\/\/culturotheque.fr\/index.php\/wp-json\/wp\/v2\/categories?post=6657"},{"taxonomy":"post_tag","embeddable":true,"href":"https:\/\/culturotheque.fr\/index.php\/wp-json\/wp\/v2\/tags?post=6657"}],"curies":[{"name":"wp","href":"https:\/\/api.w.org\/{rel}","templated":true}]}}