{"id":6676,"date":"2021-02-15T17:11:05","date_gmt":"2021-02-15T16:11:05","guid":{"rendered":"http:\/\/culturotheque.fr\/?p=6676"},"modified":"2021-02-16T09:02:26","modified_gmt":"2021-02-16T08:02:26","slug":"servannes","status":"publish","type":"post","link":"https:\/\/culturotheque.fr\/index.php\/2021\/02\/15\/servannes\/","title":{"rendered":"Servannes"},"content":{"rendered":"<p style=\"text-align: justify;\"><!--more-->Ce matin cela commence mal. Il faut gratter le pare-brise. Il fait moins 3.<br \/>\nNous nous retrouvons sur le parking de la D24 pr\u00e8s de Mouri\u00e8s. Aujourd&rsquo;hui notre photographe est parti voir sa famille. Nous ferons donc un reportage radio.<br \/>\nLe ciel est bleu et il ne nous semble pas qu&rsquo;il fasse si froid. Il n&rsquo;y a pas de vent. Nous partons vers les plaines de Geymon. La piste est agr\u00e9able et le rythme soutenu. Rapidement une pause s&rsquo;impose. Il faut enlever des couches. Petit test d&rsquo;orientation : o\u00f9 est le nord bien sur sans carte et sans boussole ? Il est par l\u00e0. Non ! par l\u00e0! Premiers \u00e9clats de rire. Le rire et le soleil, rien de tel pour passer une bonne journ\u00e9e. Cela va durer comme cela jusqu&rsquo;au bout. Je ne vous livrerai pas tous nos petits secrets. Si vous voulez savoir venez nous rejoindre \u00e0 une prochaine rando.<br \/>\nNous longeons le canal de la vall\u00e9e ds Baux. Bien sur il n&rsquo;y a pas d&rsquo;eau. Du romarin en fleur, des argelas en boutons et des globulaires tout bleu nous accompagnent. Au hasard d&rsquo;un chemin nous d\u00e9couvrons les ruines d&rsquo;un vieux moulin. Il en reste une magnifique cascade et plus loin des ruisseaux. Il y a peu d&rsquo;eau en ce moment.<br \/>\nPlus loin nous bifurquons vers le Cagalou o\u00f9 nous d\u00e9ambulons dans les vestiges d&rsquo;une vieille ferme. Nous contemplons l&rsquo;autre face des Caisses de Jean-Jean.<br \/>\nMaintenant nous grimpons\u00a0 vers les Caisses de Jean-Jean sur un sentier abrupt\u00a0 plein soleil. Nous parcourons le site arch\u00e9ologique en imaginant que des gens habitaient l\u00e0 entre le V\u00e8me et le IIi\u00e8me si\u00e8cle avant JC. Mais ce qui nous attire le plus c&rsquo;est cet immense c\u0153ur v\u00e9g\u00e9tal accroch\u00e9 \u00e0 la falaise. La saint valentin c&rsquo;\u00e9tait hier. Nos randonneuses sont troubl\u00e9es par cette attention de Dame Nature.<br \/>\nNous \u00e9changeons sur Tericiae, peut-\u00eatre l&rsquo;antique Mouri\u00e8s (pas sur) et sur la Table de Peutinger, qui situe Tericae par ici. La table de Peutinger a \u00e9t\u00e9 d\u00e9couverte en 1480 \u00e0 Worms en Allemagne et l\u00e9gu\u00e9e en h\u00e9ritage au sieur Peutinger. C&rsquo;est probablement la plus vielle carte \u00ab\u00a0IGN\u00a0\u00bb au monde. Elle d\u00e9crivait les villes, villages et routes de l&rsquo;Empire Romain. Elle fait partie du patrimoine mondial de l&rsquo;Unesco.<br \/>\nNous quittons les Caisses et nous sommes immerg\u00e9s dans un oc\u00e9an d&rsquo;oliviers. Il y en a de partout. Nous suivons \u00e0 nouveau le canal de la vall\u00e9e pour faire le tour du Castellas par l&rsquo;ouest et atteindre le Pas du Loup. Avant d&rsquo;attaquer cette partie une pause bien m\u00e9rit\u00e9e nous permet de nous requinquer. Mais le soleil est capricieux . Il joue \u00e0 cache-cache avec les nuages.<br \/>\nNous contournons le Castellas et l&rsquo;aventure commence. Nous montons par une sente peu visible, m\u00eame si c&rsquo;est le bon chemin. Mes co\u00e9quipers me font confiance et en repoussant buissons, arbustes nous finissons par arriver sur une \u00e9claircie. Sauv\u00e9s! Le paysage est magnifique. \u00ab\u00a0C&rsquo;est trop beau\u00a0\u00bb .\u00a0 Enfin le Pas du loup. Nous nous rappelons la derni\u00e8re fois o\u00f9 nous \u00e9tions mont\u00e9s \u00e0 travers la v\u00e9g\u00e9tation. L\u00e0 c&rsquo;est plus facile : nous redescendons par le sentier. Nous passons sous le Pas en longeant le Vallon du renard. Rien que ces noms me font envie d&rsquo;y retourner. Nous revenons par l&rsquo;Est vers nos champs d&rsquo;oliviers et nous fon\u00e7ons vers Mouri\u00e8s. Juste avant, virage \u00e0 l&rsquo;est pour longer les Caisses de Servanne qui nous ram\u00e8nent au Parking. Quelle journ\u00e9e !!!<br \/>\n<em>Rapha\u00ebl.<\/em><br \/>\n<span style=\"text-decoration: underline;\"><strong>Cotation\u00a0<\/strong> <\/span>:\u00a0 JB4 &#8211; 18.6 km &#8211; 320 m de d\u00e9nivel\u00e9 5 randonneurs : Brigitte, Catherine, Laure, Didier et Rapha\u00ebl.<\/p>\n","protected":false},"excerpt":{"rendered":"","protected":false},"author":1,"featured_media":6689,"comment_status":"closed","ping_status":"closed","sticky":false,"template":"","format":"standard","meta":{"footnotes":""},"categories":[4],"tags":[],"class_list":["post-6676","post","type-post","status-publish","format-standard","has-post-thumbnail","hentry","category-randonnees"],"_links":{"self":[{"href":"https:\/\/culturotheque.fr\/index.php\/wp-json\/wp\/v2\/posts\/6676","targetHints":{"allow":["GET"]}}],"collection":[{"href":"https:\/\/culturotheque.fr\/index.php\/wp-json\/wp\/v2\/posts"}],"about":[{"href":"https:\/\/culturotheque.fr\/index.php\/wp-json\/wp\/v2\/types\/post"}],"author":[{"embeddable":true,"href":"https:\/\/culturotheque.fr\/index.php\/wp-json\/wp\/v2\/users\/1"}],"replies":[{"embeddable":true,"href":"https:\/\/culturotheque.fr\/index.php\/wp-json\/wp\/v2\/comments?post=6676"}],"version-history":[{"count":4,"href":"https:\/\/culturotheque.fr\/index.php\/wp-json\/wp\/v2\/posts\/6676\/revisions"}],"predecessor-version":[{"id":6691,"href":"https:\/\/culturotheque.fr\/index.php\/wp-json\/wp\/v2\/posts\/6676\/revisions\/6691"}],"wp:featuredmedia":[{"embeddable":true,"href":"https:\/\/culturotheque.fr\/index.php\/wp-json\/wp\/v2\/media\/6689"}],"wp:attachment":[{"href":"https:\/\/culturotheque.fr\/index.php\/wp-json\/wp\/v2\/media?parent=6676"}],"wp:term":[{"taxonomy":"category","embeddable":true,"href":"https:\/\/culturotheque.fr\/index.php\/wp-json\/wp\/v2\/categories?post=6676"},{"taxonomy":"post_tag","embeddable":true,"href":"https:\/\/culturotheque.fr\/index.php\/wp-json\/wp\/v2\/tags?post=6676"}],"curies":[{"name":"wp","href":"https:\/\/api.w.org\/{rel}","templated":true}]}}