{"id":6678,"date":"2021-02-15T17:12:16","date_gmt":"2021-02-15T16:12:16","guid":{"rendered":"http:\/\/culturotheque.fr\/?p=6678"},"modified":"2021-02-21T20:31:46","modified_gmt":"2021-02-21T19:31:46","slug":"boucle-du-grand-mejean","status":"publish","type":"post","link":"https:\/\/culturotheque.fr\/index.php\/2021\/02\/15\/boucle-du-grand-mejean\/","title":{"rendered":"Boucle du grand M\u00e9jean"},"content":{"rendered":"<p style=\"text-align: justify;\"><a href=\"https:\/\/photos.app.goo.gl\/7zc8aeB26zCqPBTX7\">Voir ici les photos de notre randonn\u00e9e \u00e0 Maussane Les Alpilles<\/a><br \/>\n<a href=\"https:\/\/photos.app.goo.gl\/mV3S9NYa9pu8XgvN9\">Voir ici les photos de Fran\u00e7oise.<\/a><br \/>\n<a href=\"https:\/\/1drv.ms\/u\/s!AmQH719VFDtege0oGFumkJn1g7l79Q?e=2mcG2D\">Voir ici les photos de Marie-Jeanne<\/a><br \/>\n<!--more-->Apr\u00e8s avoir d\u00e9givr\u00e9s les pare-brises de nos v\u00e9hicules nous sommes en route vers Maussane-Les-Alpilles pour nous retrouver sur le parking de l\u2019Agora-Alpilles. Nous d\u00e9couvrons la carte de France de la Pierre, jolie mosa\u00efque offerte par les tailleurs et les carriers de Maussane et des environs. Nous longeons l\u2019Agora qui pourrait, \u00e0 l\u2019occasion, nous pr\u00eater une salle pour nos conf\u00e9rences\u2026. B\u00e2timent ferm\u00e9, lui aussi, en ces temps de Covid.<br \/>\nNous nous dirigeons vers le Golf de Manville \u00a0en suivant le gaudre du Trible et le canal des Alpilles.<br \/>\nIl faut savoir que jusqu\u2019aux ann\u00e9es 1880, s\u2019\u00e9tendait au sud des Baux cette zone totalement inond\u00e9e et connue sous le nom de \u00abmarais des Baux\u00bb. \u00a0Ce grand lac riche en poissons, s\u2019\u00e9tendait sur plusieurs hectares et a permis \u00e0 des g\u00e9n\u00e9rations de Maussanais de vivre de la p\u00eache. \u00a0D\u00e8s les ann\u00e9es 1830 et pour des raisons sanitaires \u00e9videntes, ceux-ci ont \u00e9t\u00e9 progressivement ass\u00e9ch\u00e9s.<br \/>\nNous laissons l\u2019histoire des p\u00eacheurs pour admirer le rocher du ch\u00e2teau des Baux. C\u2019est au X\u00e8me si\u00e8cle qu\u2019apparaissent les premiers textes parlant du \u00ab<em>Balcium Castrum<\/em>\u00bb ou ch\u00e2teau de Balcio et d\u2019un seigneur, Pons le Jeune, dont les descendants adoptent le nom \u00ab des Baux \u00bb. \u00a0Selon la l\u00e9gende, la maison des Baux descendrait du roi mage Balthazar. \u00a0C\u2019est pourquoi les armes des seigneurs des Baux comprennent une com\u00e8te \u00e0 seize rais d&rsquo;argent, l&rsquo;\u00e9toile qu&rsquo;ont suivi les rois mages, avec leur devise \u00ab<em>A l&rsquo;asard Bautezar<\/em>\u00bb c\u2019est-\u00e0-dire \u00ab<em>au hasard Balthazar<\/em> \u00bb. \u00a0Le site du Ch\u00e2teau a \u00e9t\u00e9 habit\u00e9 presque en continu de la Pr\u00e9histoire \u00e0 nos jours. \u00a0Au Moyen \u00c2ge, la lign\u00e9e des Baux \u00e9tait une des grandes familles proven\u00e7ales.<br \/>\nNous faisons une halte aux \u00abTrema\u00efe\u00bb, petite chapelle blottie contre un rocher. Mais ce rocher est sculpt\u00e9 ! Trois personnages. Les Saintes-Maries s\u00fbrement. Non, il s\u2019agit, d\u2019apr\u00e8s \u00a0l&rsquo;arch\u00e9ologue Isidore Gilles (<em>1870<\/em>) qui voyait dans ces figures les statues du consul Marius, sa femme Julia et la proph\u00e9tesse Marthe, rejoignant en cela une partie de la tradition. Pour Antoine H\u00e9ron de Villefosse, le personnage au centre est la d\u00e9esse Diane. Pour Rochetin, il faut voir dans ce personnage une d\u00e9esse m\u00e8re. Allons nous trancher ? Ce qui est s\u00fbr c\u2019est que ce \u00a0monument, qui \u00a0a re\u00e7u, au XVIIe si\u00e8cle, le nom proven\u00e7al de <em>Trema\u00efe<\/em> (\u00ab<em>Trois Maries<\/em>\u00bb) car les habitants des Baux qui y ont vu dans ce bas-relief trois femmes, qu&rsquo;ils ont associ\u00e9 aux compagnes du Christ, connues sous le nom de saintes Maries : Marie de B\u00e9thanie, Marie Salom\u00e9, m\u00e8re des ap\u00f4tres Jean et Jacques de Z\u00e9b\u00e9d\u00e9e et Marie Jacob\u00e9, se sont tromp\u00e9s dans cette identification, ne serait-ce que par le fait que dans les trois personnes sculpt\u00e9es il y a un homme (<em>\u00e0 gauche<\/em>) et deux femmes. \u00a0Mais, la tradition de voir dans ce bas-relief les visages des saintes Maries remontent \u00e0 la croyance proven\u00e7ale s\u00e9culaire selon laquelle ces trois femmes, mont\u00e9es dans une barque \u00e0 Jopp\u00e9, en Palestine, ont accost\u00e9 sur le plateau du ch\u00e2teau des Baux \u2013selon la l\u00e9gende- en effet, la mer bordait la cha\u00eene des Alpilles en ces temps-l\u00e0. Mais chassons cette l\u00e9gende, malgr\u00e9 qu\u2019une chapelle leur soit d\u00e9di\u00e9e, pour ne retenir que ce bas-relief a \u00e9t\u00e9 r\u00e9alis\u00e9 \u00e0 une date ant\u00e9rieure au christianisme.<br \/>\nNous continuons pour admirer la falaise sur laquelle repose le ch\u00e2teau des Baux et essayer d\u2019apercevoir quelques uns des oiseaux qui y nichent comme le tichodrome \u00e9chelette, l\u2019accenteur alpin ou tout simplement l\u2019hirondelle des rochers. N\u2019apercevant que des corbeaux, nous reprenons notre sentier et aussi pour \u00e9viter de nous retrouver \u00e0 proximit\u00e9 d&rsquo;un rocher qui doit&#8230; exploser ! Nous nous dirigeons donc\u00a0 vers la st\u00e8le des Ga\u00efe o\u00f9 sont repr\u00e9sent\u00e9s deux personnages \u00e0 mi-corps, v\u00eatus de la toge avec une inscription dans la partie basse partiellement lisible.<br \/>\nC&rsquo;est sur un balcon qui surplombe la vall\u00e9e des Baux que nous admirons un fabuleux panorama\u2026.<br \/>\nCela fait un petit moment que nous avons quitt\u00e9 gants, bonnets et vestes, le soleil et le ciel bleu apportent des grands sourires dans nos conversations.<br \/>\nNous nous dirigeons vers le Mas de la Guerre, rejoignons le joli sentier aux plantes tr\u00e8s curieuses, passons sous une bergerie blottie sous un \u00e9norme rocher, d\u00e9couvrons une ancienne mine de bauxite, avant de nous poser en balcon sur une ancienne carri\u00e8re\u00a0: il fait beau, on veut rester au soleil faire le plein de vitamine D.<br \/>\nApr\u00e8s le repas on se laisse porter par un sentier sous les pins avant de rejoindre le Mas d\u2019Escanin et ses immenses platanes.<br \/>\nLe ch\u00e2teau des Canin ou Quenin, devenu Escanin, \u00a0est mentionn\u00e9 comme moulin d\u00e8s 1623, c\u2019\u00e9tait une grande propri\u00e9t\u00e9 agricole, un \u00abmas\u00bb traditionnel pourvu d\u2019un moulin \u00e0 huile, un moulin \u00e0 farine, une bergerie, des \u00e9curies, des fenils (<em>grenier \u00e0 foin<\/em>), une maison des fermiers, une maison des ma\u00eetres et m\u00eame une chapelle, sans doute sur l\u2019ancien emplacement d\u2019un temple gallo-romain. La pr\u00e9sence d\u2019un vivier et d\u2019une glaci\u00e8re peut laisser penser que le mas a \u00e9t\u00e9 implant\u00e9 sur une ancienne villa gallo romaine. \u00a0Dans la cour, la fameuse tour t\u00e9moigne de l\u2019admiration d\u2019un membre de cette famille pour Viollet-le-Duc. \u00a0Escanin est install\u00e9 autour d\u2019une source qui explique la verdure et la magnificence de la v\u00e9g\u00e9tation sur le site. \u00a0C\u2019est au XIX\u00e8me si\u00e8cle que la propri\u00e9t\u00e9 a \u00e9t\u00e9 reconfigur\u00e9e et que le mas a pris son envergure de Ch\u00e2teau. Ici ont \u00e9t\u00e9 organis\u00e9 des Cours d\u2019Amour dans l\u2019esprit du F\u00e9librige, et des\u00a0 f\u00eates villageoises qui ont marqu\u00e9 les lieux. \u00a0On raconte m\u00eame que \u00a0Fr\u00e9d\u00e9ric Mistral aurait courtis\u00e9 une demoiselle Quenin \u00e0 une certaine \u00e9poque\u2026 \u00a0On \u00e9coute, on tend l\u2019oreille. \u00a0Peut \u00eatre entendrons \u00a0nous les chants, fifres et tambourins qui accompagnaient les f\u00eates qu\u2019on y donnait autrefois !&#8230; Chutt ! C\u2019est France qui fredonne quelques couplets de la fameuse chanson \u00ab Souto li pin \u00bb.<br \/>\n<a href=\"https:\/\/www.monsegur-vaillant.com\/sample\/disc_id\/9\/titre_id\/51\"><em>(\u00e9couter ici la chanson)<\/em>.<\/a><br \/>\nC\u2019est donc tout naturellement en dansant la mazurka que nous nous dirigeons vers Maussane pour d\u00e9couvrir le \u00abchemin des Batignolles\u00bb et l\u2019histoire de l\u2019ancienne gare.<br \/>\nIl est 15h lorsque nous nous s\u00e9parons, alors le soleil, trop triste de ne plus nous savoir sur les sentiers, d\u00e9cide par d\u00e9pit de laisser la place \u00e0 quelques nuages !<br \/>\n<span style=\"text-decoration: underline;\"><strong>Cotation<\/strong><\/span>\u00a0: JB3 \u2013 14.5 km \u2013 425 m d\u00e9nivel\u00e9 \u2013 11 Randonneurs (<em>Cathy, Marie-Jeanne- Betty, Fran\u00e7oise, Yvan, Claudine, Michel, Mich\u00e8le E., Odile, France, Mich\u00e8le N.)<\/em><\/p>\n","protected":false},"excerpt":{"rendered":"<p>Voir ici les photos de notre randonn\u00e9e \u00e0 Maussane Les Alpilles Voir ici les photos de Fran\u00e7oise. Voir ici les photos de Marie-Jeanne<\/p>\n","protected":false},"author":1,"featured_media":6682,"comment_status":"closed","ping_status":"closed","sticky":false,"template":"","format":"standard","meta":{"footnotes":""},"categories":[4],"tags":[],"class_list":["post-6678","post","type-post","status-publish","format-standard","has-post-thumbnail","hentry","category-randonnees"],"_links":{"self":[{"href":"https:\/\/culturotheque.fr\/index.php\/wp-json\/wp\/v2\/posts\/6678","targetHints":{"allow":["GET"]}}],"collection":[{"href":"https:\/\/culturotheque.fr\/index.php\/wp-json\/wp\/v2\/posts"}],"about":[{"href":"https:\/\/culturotheque.fr\/index.php\/wp-json\/wp\/v2\/types\/post"}],"author":[{"embeddable":true,"href":"https:\/\/culturotheque.fr\/index.php\/wp-json\/wp\/v2\/users\/1"}],"replies":[{"embeddable":true,"href":"https:\/\/culturotheque.fr\/index.php\/wp-json\/wp\/v2\/comments?post=6678"}],"version-history":[{"count":8,"href":"https:\/\/culturotheque.fr\/index.php\/wp-json\/wp\/v2\/posts\/6678\/revisions"}],"predecessor-version":[{"id":6729,"href":"https:\/\/culturotheque.fr\/index.php\/wp-json\/wp\/v2\/posts\/6678\/revisions\/6729"}],"wp:featuredmedia":[{"embeddable":true,"href":"https:\/\/culturotheque.fr\/index.php\/wp-json\/wp\/v2\/media\/6682"}],"wp:attachment":[{"href":"https:\/\/culturotheque.fr\/index.php\/wp-json\/wp\/v2\/media?parent=6678"}],"wp:term":[{"taxonomy":"category","embeddable":true,"href":"https:\/\/culturotheque.fr\/index.php\/wp-json\/wp\/v2\/categories?post=6678"},{"taxonomy":"post_tag","embeddable":true,"href":"https:\/\/culturotheque.fr\/index.php\/wp-json\/wp\/v2\/tags?post=6678"}],"curies":[{"name":"wp","href":"https:\/\/api.w.org\/{rel}","templated":true}]}}