{"id":6694,"date":"2021-02-17T18:32:25","date_gmt":"2021-02-17T17:32:25","guid":{"rendered":"http:\/\/culturotheque.fr\/?p=6694"},"modified":"2021-02-18T08:50:41","modified_gmt":"2021-02-18T07:50:41","slug":"vallon-des-marettes-et-montpaon","status":"publish","type":"post","link":"https:\/\/culturotheque.fr\/index.php\/2021\/02\/17\/vallon-des-marettes-et-montpaon\/","title":{"rendered":"Vallon des Marrettes et Montpaon"},"content":{"rendered":"<p style=\"text-align: justify;\"><a href=\"https:\/\/photos.app.goo.gl\/JHFBFGNUPgRj2Yuk6\">Voir ici les photos de notre randonn\u00e9e au Baux de Provence.<\/a><br \/>\n<!--more-->Quel beau temps !<br \/>\nNous nous retrouvons sur l&rsquo;ancienne route de camions qui transportaient les pierres de bauxite pour leur transformation \u00e0 l&rsquo;usine Pechiney \u00e0 Salindres. L&rsquo;exploitation de ces carri\u00e8res ayant cess\u00e9, la nature reprend le dessus.<br \/>\nTout de suite nous nous engageons sur un sentier \u00e9troit, mais on ne tardera pas \u00e0 s&rsquo;arr\u00eater : il faut se d\u00e9shabiller ! M\u00eame si ce sentier sinue dans la for\u00eat et \u00e0 l&rsquo;ombre, il fait vraiment bon.<br \/>\nOn rate le chemin pour monter au Mont Paon car on croise des randonneurs qui font une pause juste \u00e0 ce point, mais on revient vite sur nos pas pour commencer une lente ascension.<br \/>\nNous arrivons au castrum de Montpaon et nous d\u00e9couvrons une structure d&rsquo;habitat troglodyte. Un panneau nous informe que le lieu a \u00e9t\u00e9 peupl\u00e9 essentiellement entre le XII et XIV si\u00e8cle. Ce castrum a probablement particip\u00e9 \u00e0 la d\u00e9fense du territoire des Baux durant les guerres baussenques.<br \/>\nC&rsquo;est vrai qu&rsquo;on ne peut r\u00eaver mieux comme point de surveillance !<br \/>\nA nos pieds, \u00e0 l&rsquo;\u00e9poque du castrum, il y avait des marais et c&rsquo;\u00e9tait une zone de p\u00eache convoit\u00e9e.<br \/>\nOn y d\u00e9couvre tout d&rsquo;abord les ruines de murs qui devaient s\u00fbrement servir pour d\u00e9fendre le site et les constructeurs se sont aid\u00e9s de la forte d\u00e9clivit\u00e9 pour construire leurs b\u00e2timents et les remparts et ainsi \u00e9conomiser la pierre qu&rsquo;ils ont trouv\u00e9 sur place en creusant le rocher.<br \/>\nUn plan nous indique qu&rsquo;il y avait trois zones, toutes s\u00e9par\u00e9es par des remparts !<br \/>\nOn se retrouve sur la plate-forme sup\u00e9rieure o\u00f9 devait se trouver le logis seigneurial. La citerne creus\u00e9e dans le rocher est en grande partie combl\u00e9e. On rep\u00e8re, en bordure de la vo\u00fbte l&rsquo;endroit qui permettait d&rsquo;y puiser l&rsquo;eau. Plusieurs citernes rupestres, localis\u00e9es au sud du lieu de culte, sont dispos\u00e9es de part et d&rsquo;autre d&rsquo;un chemin qui dessert un quartier d&rsquo;habitation sur deux niveaux. Les fondations des b\u00e2timents \u00e9taient\u00a0 creus\u00e9es dans le rocher et il en est de m\u00eame du mur nord pour quelques-uns. La zone inf\u00e9rieure \u00e9tait comprise entre le rempart m\u00e9dian et le rempart inf\u00e9rieur \u00e9galement en arc de cercle. Elle regroupe plusieurs quartiers d&rsquo;habitation.<br \/>\nNous sautons, escaladons : on ne veut rien rater. Oui on fait m\u00eame \u00ab\u00a0Titanic\u00a0\u00bb sur une roche qui donne sur le vide et qui ressemble \u00e0 la proue d&rsquo;un bateau. La vue est extraordinaire de tous les c\u00f4t\u00e9s !<br \/>\nOn redescend \u00e0 contre-coeur de cet endroit si particulier et si beau par ce soleil resplendissant. On a d\u00e9cid\u00e9 de redescendre par le m\u00eame chemin que la mont\u00e9e ; on est bien. Les conversations fusent de tout c\u00f4t\u00e9.\u00a0 On continue sur au niveau du gaudre d&rsquo;Auge pour prendre une piste au niveau du hameau de Mas d&rsquo;Auge. Finalement on ne trouvera cette piste qu&rsquo;au bout d&rsquo;un immense pr\u00e9 qui nous offre une vue sur les rochers du \u00ab\u00a0Desert\u00a0\u00bb des Baux o\u00f9 nous \u00e9tions il y a quelques jours.<br \/>\nUne fois sur la piste,\u00a0 sous les pins, on est charm\u00e9 par ces beaux d\u00e9cors puis on se rend compte qu&rsquo;ici et l\u00e0 il y a des traces d&rsquo;exploitations de carri\u00e8res qui apparaissent.<br \/>\nOn se retrouve en haut du gouffre laiss\u00e9 par une immense carri\u00e8re que nous avons d\u00e9j\u00e0 visit\u00e9 lundi dernier, mais qui nous avait moins impressionn\u00e9e, et nous contournons le Nas de Gilli avant de reprendre un joli chemin qui nous ram\u00e8ne aux voitures.<br \/>\nEncore des chemins in\u00e9dits, encore de beaux chemins ! A revoir au niveau du Mas d&rsquo;Auge, mais le reste du trac\u00e9 \u00e9tait vraiment tr\u00e8s agr\u00e9able.<br \/>\n<span style=\"text-decoration: underline;\"><strong>Cotation<\/strong><\/span> : DJB2 &#8211; 7.8 km &#8211; 311 m d\u00e9nivel\u00e9 &#8211; 7 randonneurs <em>(C\u00e9cile, Rapha\u00ebl, Monique, Odile, France, Philippe, Mich\u00e8le)<\/em><\/p>\n","protected":false},"excerpt":{"rendered":"<p>Voir ici les photos de notre randonn\u00e9e au Baux de Provence.<\/p>\n","protected":false},"author":1,"featured_media":6699,"comment_status":"closed","ping_status":"closed","sticky":false,"template":"","format":"standard","meta":{"footnotes":""},"categories":[4],"tags":[],"class_list":["post-6694","post","type-post","status-publish","format-standard","has-post-thumbnail","hentry","category-randonnees"],"_links":{"self":[{"href":"https:\/\/culturotheque.fr\/index.php\/wp-json\/wp\/v2\/posts\/6694","targetHints":{"allow":["GET"]}}],"collection":[{"href":"https:\/\/culturotheque.fr\/index.php\/wp-json\/wp\/v2\/posts"}],"about":[{"href":"https:\/\/culturotheque.fr\/index.php\/wp-json\/wp\/v2\/types\/post"}],"author":[{"embeddable":true,"href":"https:\/\/culturotheque.fr\/index.php\/wp-json\/wp\/v2\/users\/1"}],"replies":[{"embeddable":true,"href":"https:\/\/culturotheque.fr\/index.php\/wp-json\/wp\/v2\/comments?post=6694"}],"version-history":[{"count":7,"href":"https:\/\/culturotheque.fr\/index.php\/wp-json\/wp\/v2\/posts\/6694\/revisions"}],"predecessor-version":[{"id":6702,"href":"https:\/\/culturotheque.fr\/index.php\/wp-json\/wp\/v2\/posts\/6694\/revisions\/6702"}],"wp:featuredmedia":[{"embeddable":true,"href":"https:\/\/culturotheque.fr\/index.php\/wp-json\/wp\/v2\/media\/6699"}],"wp:attachment":[{"href":"https:\/\/culturotheque.fr\/index.php\/wp-json\/wp\/v2\/media?parent=6694"}],"wp:term":[{"taxonomy":"category","embeddable":true,"href":"https:\/\/culturotheque.fr\/index.php\/wp-json\/wp\/v2\/categories?post=6694"},{"taxonomy":"post_tag","embeddable":true,"href":"https:\/\/culturotheque.fr\/index.php\/wp-json\/wp\/v2\/tags?post=6694"}],"curies":[{"name":"wp","href":"https:\/\/api.w.org\/{rel}","templated":true}]}}