{"id":6890,"date":"2021-03-15T17:29:26","date_gmt":"2021-03-15T16:29:26","guid":{"rendered":"http:\/\/culturotheque.fr\/?p=6890"},"modified":"2021-03-22T18:41:19","modified_gmt":"2021-03-22T17:41:19","slug":"le-chateau-de-romanin-par-le-camini-luen","status":"publish","type":"post","link":"https:\/\/culturotheque.fr\/index.php\/2021\/03\/15\/le-chateau-de-romanin-par-le-camini-luen\/","title":{"rendered":"Le ch\u00e2teau de Romanin par le Camini Luen"},"content":{"rendered":"<p><a href=\"https:\/\/photos.app.goo.gl\/Wfr2uBBh5RdWHLdX7\">Voir ici les photos de notre randonn\u00e9e \u00e0 St R\u00e9my de Provence<\/a><br \/>\n<a href=\"https:\/\/1drv.ms\/u\/s!AmQH719VFDtege5ns9TlzpzKavmLIg?e=2Y7sbb\">Voir ici les photos de Marie-Jeanne.<\/a><br \/>\n<a href=\"https:\/\/photos.app.goo.gl\/bQ9zcu2fDMTvvWgZ6\">Voir ici les photos de Fran\u00e7oise.<\/a><br \/>\n<!--more--><\/p>\n<p style=\"text-align: justify;\">Les gar\u00e7ons arrivent les derniers au d\u00e9part de la rando\u2026 ils arriveront les derniers toute la journ\u00e9e\u00a0!<br \/>\nLes \u00ab\u00a0cascades\u00a0\u00bb de St R\u00e9my.\u00a0 Tout le monde est heureux de d\u00e9couvrir ce site. Ces cascades sont provoqu\u00e9es par un d\u00e9croch\u00e9 sur le canal des Alpines Septentrionales. Ce canal est vieux de trois si\u00e8cles et il sert \u00e0 arroser quelques 6\u00a0500 ha par an.<br \/>\nC\u2019est donc\u00a0 en suivant ce canal que nous d\u00e9marrons la balade avec des Ohh, Ahh. Le sentier plait \u00e0 tous.<br \/>\nNous le quittons pour prendre un petit peu sur une route qui nous entra\u00eene vers d&rsquo;autres jolis chemins : nous sommes sur un diverticule de la Via Domitia qui bifurquait sur Glanum que nous suivons on bon moment. Il nous conduit au vallon de Valrugues, celui-l\u00e0 m\u00eame que nous avons emprunt\u00e9 mercredi dernier. Qui reconna\u00eet l\u2019endroit ?<br \/>\nMais nous prenons une petite sente qui\u2026. Monte et\u2026 qui descend aussi raide !<br \/>\nNous sommes heureux d\u2019\u00eatre l\u00e0, ensemble, et les plaisanteries fusent de tout c\u00f4t\u00e9.<br \/>\nOn \u00e9voque la randonn\u00e9e de la semaine derni\u00e8re et, \u00e0 l&rsquo;unisson on se dit qu\u2019on est encore aussi bien aujourd\u2019hui. La Baume Latrone\u00a0 des Gorges du Gardon anime les conversations, l\u2019Abri Otello qui se trouve au-dessus de nous interroge aussi.<br \/>\nEn effet, sur ce flanc nord des Alpilles une grotte abrite des peintures rupestres qui datent du n\u00e9olithique. Son flanc sud pr\u00e9sente un mur calcaire relativement plat dans lequel on d\u00e9nombre une centaine de dessins et de figures g\u00e9om\u00e9triques couleur ocre. Ces figures sont souvent superpos\u00e9es provoquant des aspects confus mais il y a assez de dessins isol\u00e9s et bien reconnaissables. Cette grotte aurait \u00e9t\u00e9 d\u00e9couverte il y a une vingtaine d\u2019ann\u00e9es seulement et a fait l\u2019objet d\u2019\u00e9tudes approfondies en 2006 et 2007.<br \/>\nNotre objectif est de la retrouver\u00a0? Non, car son entr\u00e9e est inaccessible pour nous randonneurs, il nous faudrait avoir de bonnes capacit\u00e9s de grimpeurs pour l\u2019atteindre. Trouverez-vous l\u2019entr\u00e9e dans nos photos\u00a0?<br \/>\nL\u2019Abri Otello est le pr\u00e9texte de cette randonn\u00e9e qui nous entra\u00eene dans des sentiers tr\u00e8s ferm\u00e9s, tr\u00e8s sauvages. On s\u2019attend \u00e0 chaque pas \u00e0 voir surgir un sanglier ! On ne s\u2019y ennuie pas non plus : des mont\u00e9es parfois tr\u00e8s raides et des descentes vertigineuses. On avancerait plus vite mais avouons qu\u2019il nous faut \u00abtra\u00eener\u00bb les gar\u00e7ons qui, lanc\u00e9s dans de grandes discussions de fosses septiques ont du mal \u00e0 grimper\u2026 o\u00f9 \u00e0 descendre. Rassurez-vous on va r\u00e9gler ce probl\u00e8me pour l\u2019avenir : on va se cotiser pour acheter des laisses !<br \/>\nFous rires ! Belles histoires, petits bonheurs&#8230; c\u2019est ainsi qu\u2019on arrive au Camini Luen qui nous offre un fantastique panorama sur la plaine de la petite Crau, d\u2019Eyragues, d\u2019Avignon et la vall\u00e9e du Rh\u00f4ne.<br \/>\nNous rentrons encore dans ces sentiers \u00e9troits et secrets pour d\u00e9couvrir une carri\u00e8re de bauxite avant de rejoindre une grande piste qui nous entra\u00eene au pied du ch\u00e2teau de Romanin.<br \/>\nAu d\u00e9part Romanin \u00e9tait un site druidique d\u00e9di\u00e9 \u00e0 la d\u00e9esse Ana mais apr\u00e8s\u00a0 les Grecs en avaient fait un lieu de Culte \u00e0 la d\u00e9esse Arth\u00e9mis. Ainsi,d\u00e9j\u00e0, du temps des Grecs Romanin exportait du vin sous le nom de Th\u00e9opolis. Le romain Claudius Dardanus en avait re\u00e7u les terres par un mariage, les exploitaient et exp\u00e9diait le vin dans toutes les grandes cit\u00e9s romaines.<br \/>\nEheh\u00a0!&#8230; voici que les gar\u00e7ons tendent l\u2019oreille. Sortis de leur fosse septique ils sont all\u00e9ch\u00e9s par l\u2019histoire du vin. On peut donc continuer notre histoire.<br \/>\nEn 1203 Raymond de Gantelme, seigneur de Romanin et Chevalier du Temple, ram\u00e8ne de Terre Sainte les trois coffres et le voile de Sainte Anne conserv\u00e9s aujourd\u2019hui \u00e0 la Cath\u00e9drale d\u2019Apt, et entreprend la construction du ch\u00e2teau sur les plans des \u00ab kraks \u00bb (<em>forteresse imprenable<\/em>) des chevaliers crois\u00e9s. Le ch\u00e2teau devient c\u00e9l\u00e8bre par ses \u00ab Cours d\u2019Amour \u00bb renomm\u00e9es dans toute l\u2019Europe. Les dames de la plus haute naissance en \u00e9taient les principales juges. La tradition s\u2019est perp\u00e9tu\u00e9e tr\u00e8s longtemps jusqu\u2019\u00e0 amener Fr\u00e9d\u00e9ric Mistral et peut-\u00eatre Alphonse Daudet \u00e0\u00a0 y inviter Laure de Noves, la muse de P\u00e9trarque.<br \/>\nLes gar\u00e7ons, taquins, posent de nombreuses questions sur l\u2019Amour Courtois. Ils sont tr\u00e8s int\u00e9ress\u00e9s par cet\u00a0 art du moyen \u2013\u00e2ge qui consiste \u00e0 se comporter de belle fa\u00e7on avec une dame pour laquelle on \u00e9prouve du d\u00e9sir et des sentiments. La\u00a0 nombreuse litt\u00e9rature et de belles po\u00e9sies \u00e9voquent cet amour qui se vit hors mariage\u00a0!&#8230;<br \/>\nPour en revenir \u00e0 l&rsquo;histoire du ch\u00e2teau&#8230; c&rsquo;est au XIXe si\u00e8cle que les propri\u00e9taires de l\u2019\u00e9poque font construire une fabrique de sucre \u00e0 peu de distance du Ch\u00e2teau, avec les pierres de celui-ci. En 1851, un violent incendie d\u00e9vore l\u2019ensemble. Aujourd&rsquo;hui nous ne pouvons donc voir que les ruines qui se confondent avec les falaises des Alpilles.<br \/>\nJusqu\u2019\u00e0 pr\u00e9sent le soleil \u00e9tait de notre balade, il brille de mille feux lorsque nous nous installons au pied des ruines du ch\u00e2teau pour notre pause repas.<br \/>\nUne heure apr\u00e8s lorsque nous repartons, apr\u00e8s avoir fait un tour jusqu\u2019\u00e0 la piste des planeurs, le temps est compl\u00e8tement chang\u00e9. Les giboul\u00e9s de mars pardi !<br \/>\nNous partons donc sur une piste qui s\u2019\u00e9tire jusqu\u2019au c\u00f4t\u00e9\u00a0 nord du Mourre de Viret. On a une belle vue en retrait sur les falaises des Alpilles, les paysages sont reposants, fleuris.<br \/>\nArriv\u00e9s au niveau de la Via Domitia, nous prenons sur la droite pour rejoindre le Canal des Alpines qui nous ram\u00e8ne tranquillement au point de d\u00e9part, avec un temps mi-figue, mi-raisin mais pour nous ni chaud, ni froid, temps id\u00e9al pour marcher d\u2019un bon pas.<br \/>\nUne tr\u00e8s belle journ\u00e9e. On est tous press\u00e9s de d\u00e9couvrir celle de lundi prochain !<br \/>\n<span style=\"text-decoration: underline;\"><strong>Cotation\u00a0<\/strong><\/span>: JB2\/3 \u2013 14.1 km \u2013 330 m de d\u00e9nivel\u00e9 \u2013 12 Randonneurs<em> (Odile, France, Fran\u00e7oise, Martine, Eliane, Marie-Jeanne, Cathy, Claudine, Yvan, Miche, Patrick, Mich\u00e8le)<\/em><\/p>\n","protected":false},"excerpt":{"rendered":"<p>Voir ici les photos de notre randonn\u00e9e \u00e0 St R\u00e9my de Provence Voir ici les photos de Marie-Jeanne. Voir ici les photos de Fran\u00e7oise.<\/p>\n","protected":false},"author":1,"featured_media":6896,"comment_status":"closed","ping_status":"closed","sticky":false,"template":"","format":"standard","meta":{"footnotes":""},"categories":[4],"tags":[],"class_list":["post-6890","post","type-post","status-publish","format-standard","has-post-thumbnail","hentry","category-randonnees"],"_links":{"self":[{"href":"https:\/\/culturotheque.fr\/index.php\/wp-json\/wp\/v2\/posts\/6890","targetHints":{"allow":["GET"]}}],"collection":[{"href":"https:\/\/culturotheque.fr\/index.php\/wp-json\/wp\/v2\/posts"}],"about":[{"href":"https:\/\/culturotheque.fr\/index.php\/wp-json\/wp\/v2\/types\/post"}],"author":[{"embeddable":true,"href":"https:\/\/culturotheque.fr\/index.php\/wp-json\/wp\/v2\/users\/1"}],"replies":[{"embeddable":true,"href":"https:\/\/culturotheque.fr\/index.php\/wp-json\/wp\/v2\/comments?post=6890"}],"version-history":[{"count":9,"href":"https:\/\/culturotheque.fr\/index.php\/wp-json\/wp\/v2\/posts\/6890\/revisions"}],"predecessor-version":[{"id":6938,"href":"https:\/\/culturotheque.fr\/index.php\/wp-json\/wp\/v2\/posts\/6890\/revisions\/6938"}],"wp:featuredmedia":[{"embeddable":true,"href":"https:\/\/culturotheque.fr\/index.php\/wp-json\/wp\/v2\/media\/6896"}],"wp:attachment":[{"href":"https:\/\/culturotheque.fr\/index.php\/wp-json\/wp\/v2\/media?parent=6890"}],"wp:term":[{"taxonomy":"category","embeddable":true,"href":"https:\/\/culturotheque.fr\/index.php\/wp-json\/wp\/v2\/categories?post=6890"},{"taxonomy":"post_tag","embeddable":true,"href":"https:\/\/culturotheque.fr\/index.php\/wp-json\/wp\/v2\/tags?post=6890"}],"curies":[{"name":"wp","href":"https:\/\/api.w.org\/{rel}","templated":true}]}}