{"id":6933,"date":"2021-03-22T18:35:02","date_gmt":"2021-03-22T17:35:02","guid":{"rendered":"http:\/\/culturotheque.fr\/?p=6933"},"modified":"2021-03-23T13:42:49","modified_gmt":"2021-03-23T12:42:49","slug":"valmouriane-par-les-verdieres","status":"publish","type":"post","link":"https:\/\/culturotheque.fr\/index.php\/2021\/03\/22\/valmouriane-par-les-verdieres\/","title":{"rendered":"Valmouriane par les Verdi\u00e8res"},"content":{"rendered":"<p style=\"text-align: justify;\"><a href=\"https:\/\/photos.app.goo.gl\/R65DbguKDNvRpM9E6\">Voir ici les photos de Yves concernant la randonn\u00e9e au Baux de Provence.<\/a><br \/>\n<!--more--><br \/>\nNous nous retrouvons une fois de plus sur le parking de la table d&rsquo;orientation aux Baux. La journ\u00e9e s&rsquo;annonce belle avec un grand soleil mais pas mal de vent. Vraiment pas mal de vent.<br \/>\nNous partons gaillardement sur le chemin de Mich\u00e8le, celui qui nous fait passer derri\u00e8re la tour de gu\u00e9, du c\u00f4t\u00e9 peu connu.<br \/>\nNos pas laissent le temps \u00e0 notre esprit de vagabonder.<br \/>\nNous ne sommes plus dans les Alpilles mais au pied du Ventoux ou de l&rsquo;Hortus. Nous escaladons les cr\u00eates des Dentelles de Montmirail et nous admirons au loin les gorges de l&rsquo;Ard\u00e8che en allant vers le Maladrerie.<br \/>\nSoudain Oscar Wilde vient me souffler que \u00a0\u00bb <em>le seul moyen de se d\u00e9livrer d&rsquo;une tentation, c&rsquo;est d&rsquo;y c\u00e9der. R\u00e9sister et votre \u00e2me se rend malade \u00e0 force de languir ce qu&rsquo;elle interdit<\/em>\u00a0\u00bb .<br \/>\nAlors c&rsquo;est quand que l&rsquo;on peut parcourir ces sentiers qui nous attirent et c&rsquo;est quand que finissent ces r\u00e8gles qui nous contraignent de ne pas y aller ?<br \/>\nJe me demande bien pourquoi on marche. Je marche pour penser, pour r\u00e9fl\u00e9chir comme Giono le dit si bien \u00ab\u00a0<em>si tu n&rsquo;arrives pas \u00e0 penser, marche; si tu penses trop, marche et si tu penses mal, marche encore<\/em>\u00ab\u00a0. Alors je marche et je marche toujours.<br \/>\nMaintenant je sais pourquoi : pour \u00e9viter de penser que je ne peux pas aller l\u00e0 o\u00f9 je veux.<br \/>\nCes pens\u00e9es m&rsquo;ont permis d&rsquo;arriver sans encombre au chemin qui remonte tout en descendant le Gaudre de Rougadou et permet d&rsquo;atteindre le barrage du Peirou (<em>ou Peiroou<\/em>) . Mich\u00e8le nous a expliqu\u00e9 r\u00e9cemment ce qu&rsquo;\u00e9tait ce barrage . Je ne vais donc pas la plagier .<br \/>\nNous quittons le barrage apr\u00e8s une courte pose et nous allons aux Verdi\u00e8res. Nous suivons le Gaudre de Valampe, passons devant le site d&rsquo;escalade. Certains seraient tent\u00e9s mais ce n&rsquo;est qu&rsquo;une illusion. Nous passons devant le Mas du Rouge et nous aimerions visiter sa lithoth\u00e8qe. Ce sera pour une autre fois. Peut-\u00eatre ! Puis arrive la bifurcation qui pourrait nous amener \u00e0 la grotte de Baldouin d\u00e9couverte en 1931 et qui contient nombre de p\u00e9troglyphes grav\u00e9s. Mais nous nous heurtons \u00e0 un chemin priv\u00e9. Peut-\u00eatre plus tard, encore ! Nous poursuivons sur le GR. Cela monte r\u00e9guli\u00e8rement et nous suivons les conseils de Mich\u00e8le : nous respectons le balisage pour ne pas nous faire pi\u00e9ger par les propri\u00e9t\u00e9s priv\u00e9es.<br \/>\nA ce moment je pense \u00e0 Michel S\u00e9bastien qui disait \u00ab\u00a0<em>On parle toujours de mont\u00e9e , et jamais de descente, on a tort. Pour ma part, j&rsquo;adore les descentes<\/em>\u00ab\u00a0.<br \/>\nD&rsquo;un seul coup on change de GR maintenant c&rsquo;est le 6 . Non ! Nous ne sommes pas dans le m\u00e9tro \u00e0 Paris . On ne change pas de ligne. Ici on est au grand air. Merci Mistral.<br \/>\nLe GR6 nous ram\u00e8ne progressivement vers notre point de d\u00e9part.<br \/>\nPour finir ce jour de r\u00eaverie je vous renverrai \u00e0 deux auteurs qui traduisent subtilement mieux que ce que je le peux la raison qui me pousse \u00e0 marcher avec ce groupe d&rsquo;amis.<br \/>\n\u00ab\u00a0<em>Une des plus fines exp\u00e9riences de la vie est de cheminer avec quelqu&rsquo;un dans la nature, parlant de tout et de rien. La conversation reliant les promeneurs aupr\u00e8s d&rsquo;eux-m\u00eames , et parfois, quelque chose du paysage impose le silence<\/em> \u00a0\u00bb ( <em>Christian Bobin<\/em>)<br \/>\n<em>\u00ab\u00a0Mon pied droit est jaloux de mon pied gauche. Quand l&rsquo;un avance, l&rsquo;autre veut le d\u00e9passer. Et moi, comme un imb\u00e9cile, je marche\u00a0\u00bb ( Raymond Devos).<br \/>\nRapha\u00ebl.<br \/>\n<\/em><span style=\"text-decoration: underline;\"><strong>Cotation :<\/strong><\/span> JB3\/JB4 &#8211; 16.8 km et 635 m de d\u00e9nivel\u00e9 positif cumul\u00e9 &#8211; 7 Randonneurs (<em>Brigitte, Catherine , Maryline, Odile ,Didier, Yves et Rapha\u00ebl)<\/em><\/p>\n","protected":false},"excerpt":{"rendered":"<p>Voir ici les photos de Yves concernant la randonn\u00e9e au Baux de Provence.<\/p>\n","protected":false},"author":1,"featured_media":6954,"comment_status":"closed","ping_status":"closed","sticky":false,"template":"","format":"standard","meta":{"footnotes":""},"categories":[4],"tags":[],"class_list":["post-6933","post","type-post","status-publish","format-standard","has-post-thumbnail","hentry","category-randonnees"],"_links":{"self":[{"href":"https:\/\/culturotheque.fr\/index.php\/wp-json\/wp\/v2\/posts\/6933","targetHints":{"allow":["GET"]}}],"collection":[{"href":"https:\/\/culturotheque.fr\/index.php\/wp-json\/wp\/v2\/posts"}],"about":[{"href":"https:\/\/culturotheque.fr\/index.php\/wp-json\/wp\/v2\/types\/post"}],"author":[{"embeddable":true,"href":"https:\/\/culturotheque.fr\/index.php\/wp-json\/wp\/v2\/users\/1"}],"replies":[{"embeddable":true,"href":"https:\/\/culturotheque.fr\/index.php\/wp-json\/wp\/v2\/comments?post=6933"}],"version-history":[{"count":5,"href":"https:\/\/culturotheque.fr\/index.php\/wp-json\/wp\/v2\/posts\/6933\/revisions"}],"predecessor-version":[{"id":6951,"href":"https:\/\/culturotheque.fr\/index.php\/wp-json\/wp\/v2\/posts\/6933\/revisions\/6951"}],"wp:featuredmedia":[{"embeddable":true,"href":"https:\/\/culturotheque.fr\/index.php\/wp-json\/wp\/v2\/media\/6954"}],"wp:attachment":[{"href":"https:\/\/culturotheque.fr\/index.php\/wp-json\/wp\/v2\/media?parent=6933"}],"wp:term":[{"taxonomy":"category","embeddable":true,"href":"https:\/\/culturotheque.fr\/index.php\/wp-json\/wp\/v2\/categories?post=6933"},{"taxonomy":"post_tag","embeddable":true,"href":"https:\/\/culturotheque.fr\/index.php\/wp-json\/wp\/v2\/tags?post=6933"}],"curies":[{"name":"wp","href":"https:\/\/api.w.org\/{rel}","templated":true}]}}