{"id":6992,"date":"2021-03-29T19:18:19","date_gmt":"2021-03-29T17:18:19","guid":{"rendered":"http:\/\/culturotheque.fr\/?p=6992"},"modified":"2021-03-31T19:36:43","modified_gmt":"2021-03-31T17:36:43","slug":"la-leque-le-gres-du-comte","status":"publish","type":"post","link":"https:\/\/culturotheque.fr\/index.php\/2021\/03\/29\/la-leque-le-gres-du-comte\/","title":{"rendered":"La L\u00e8que, le Gr\u00e8s du Comte"},"content":{"rendered":"<p><a href=\"https:\/\/photos.app.goo.gl\/guRTLtPS4xMYJawh6\">Voir ici les photos de Yves concernant notre randonn\u00e9e \u00e0 St-Etienne du Gr\u00e8s.<\/a><\/p>\n<p><!--more--><\/p>\n<p style=\"text-align: justify;\">\u00ab\u00a0<em>Le marcheur est son propre ma\u00eetre d\u2019\u0153uvre, il recourt seulement \u00e0 son corps et \u00e0 ses ressources physiques pour progresser, sans autre \u00e9nergie que son d\u00e9sir et sa volont\u00e9 de mener un parcours \u00e0 son terme\u00a0<\/em>\u00bb.\u00a0 (<em>David Le Breton<\/em>)<br \/>\nDe nouveau le Mas de Pommet. Un grand soleil, un beau ciel bleu, une belle randonn\u00e9e en perspective et, l&rsquo;essentiel, une belle \u00e9quipe d&rsquo;amis. Tout est parfait. Alors allons-y . Nous prenons le chemin de droite, celui qui ne passe pas devant les taureaux, mais qui monte un peu, pas trop en ce d\u00e9but de rando. Auront-ils la patience de nous attendre ce soir? Nous le saurons au retour car on ne peut pas se quitter sans se dire au revoir.<br \/>\nNous attaquons le GR, celui qui est parsem\u00e9 de \u00ab\u00a0station shell \u00ab\u00a0, et nous le suivons jusqu&rsquo;\u00e0 la citerne au km 2.7. L\u00e0, virage \u00e0 gauche, direction Le Gr\u00e8s du Comte. Petite descente avant quelques montagnes russes. Le must pour le marcheur. Quand tu es dernier, le copain t&rsquo;attend en haut et d\u00e8s que tu arrives, il repart !<br \/>\nNous longeons le Mas de Laudun et plus loin celui des Abeilles. Apr\u00e8s une nouvelle mont\u00e9e nous arrivons au mur d&rsquo;escalade du vallon de la L\u00e8que\u00a0 Nous avons d\u00e9j\u00e0 fait 8 km et il n&rsquo;est m\u00eame pas midi. L&rsquo;\u00e2ne n&rsquo;est plus l\u00e0 dans son pr\u00e9. Quel dommage. Notre photographe est an\u00e9anti.<br \/>\nLa l\u00e8que serait une technique de capoeira pour repousser l&rsquo;adversaire, mais ce n&rsquo;est pas trop d&rsquo;ici. En fait il faut reprendre une d\u00e9finition de F.Mistral : \u00ab\u00a0la l\u00e8que est une sorte de pi\u00e8ge \u00e0 grives que l&rsquo;on construit avec une pierre\u00a0 plate soutenue par des baguettes\u00a0\u00bb. On dit aussi une tendelle. Au bord de la M\u00e9diterran\u00e9e, c&rsquo;est aussi une roche plate affleurant la mer. Elle fait le bonheur des naturistes et a, entre autres, donn\u00e9 son nom au village des Lecques (avec un C en plus).<br \/>\nC&rsquo;est parti, nous remontons vers les Traversi\u00e8res, d&rsquo;autres montagnes russes, que nous allons partiellement \u00e9viter en passant par le sentier Auz\u00e9py. Dans un virage une \u00e9tendue d&rsquo;herbe au soleil nous tend les bras. Pique-nique et pour une fois sieste commune.<br \/>\nNous repartons direction la Chapelle de Notre-Dame-du-Ch\u00e2teau, le but culturel de notre journ\u00e9e.<br \/>\nNotre-Dame-du-Ch\u00e2teau se dresse sur un piton rocheux. Egalement appel\u00e9e \u00abLa Belle Brian\u00e7onne\u00bb, c&rsquo;est une une Vierge \u00e0 l&rsquo;Entant, en bois. Son surnom vient d&rsquo;une tradition, racontant qu&rsquo;elle aurait \u00e9t\u00e9 apport\u00e9e en secret\u00a0 de Brian\u00e7on \u00e0 Tarascon, par un moine en 1350, \u00a0pour la prot\u00e9ger des destructions op\u00e9r\u00e9es par les protestants vaudois. \u00a0Le premier dimanche pr\u00e9c\u00e9dant l&rsquo;Ascension, elle est port\u00e9e en procession de la chapelle \u00e0 Tarascon. Elle est rapport\u00e9e \u00e0 la chapelle 40 jours plus tard.<br \/>\nEn redescendant nous nous arr\u00eatons devant une habitation troglodyte. Il y fait frais et nous faisons une pause. Sur le retour nos retrouvons nos amis les toros, dans leur enclos. Il y a aussi les deux chevaux blancs que notre photographe affectionne.<br \/>\nNous nous disons au revoir car la prochaine sortie est bien loin du fait du week-end de P\u00e2ques.<br \/>\nRapha\u00ebl.<br \/>\n<span style=\"text-decoration: underline;\"><strong>Cotation<\/strong><\/span>\u00a0:\u00a0 JB4 \/ 19 km avec 560 m de d\u00e9nivel\u00e9 positif cumul\u00e9 &#8211; 6 randonneurs : <em>Brigitte, Catherine , Maryline, Didier, Yves et Rapha\u00ebl<\/em><\/p>\n","protected":false},"excerpt":{"rendered":"<p>Voir ici les photos de Yves concernant notre randonn\u00e9e \u00e0 St-Etienne du Gr\u00e8s.<\/p>\n","protected":false},"author":1,"featured_media":7017,"comment_status":"closed","ping_status":"closed","sticky":false,"template":"","format":"standard","meta":{"footnotes":""},"categories":[4],"tags":[],"class_list":["post-6992","post","type-post","status-publish","format-standard","has-post-thumbnail","hentry","category-randonnees"],"_links":{"self":[{"href":"https:\/\/culturotheque.fr\/index.php\/wp-json\/wp\/v2\/posts\/6992","targetHints":{"allow":["GET"]}}],"collection":[{"href":"https:\/\/culturotheque.fr\/index.php\/wp-json\/wp\/v2\/posts"}],"about":[{"href":"https:\/\/culturotheque.fr\/index.php\/wp-json\/wp\/v2\/types\/post"}],"author":[{"embeddable":true,"href":"https:\/\/culturotheque.fr\/index.php\/wp-json\/wp\/v2\/users\/1"}],"replies":[{"embeddable":true,"href":"https:\/\/culturotheque.fr\/index.php\/wp-json\/wp\/v2\/comments?post=6992"}],"version-history":[{"count":5,"href":"https:\/\/culturotheque.fr\/index.php\/wp-json\/wp\/v2\/posts\/6992\/revisions"}],"predecessor-version":[{"id":7008,"href":"https:\/\/culturotheque.fr\/index.php\/wp-json\/wp\/v2\/posts\/6992\/revisions\/7008"}],"wp:featuredmedia":[{"embeddable":true,"href":"https:\/\/culturotheque.fr\/index.php\/wp-json\/wp\/v2\/media\/7017"}],"wp:attachment":[{"href":"https:\/\/culturotheque.fr\/index.php\/wp-json\/wp\/v2\/media?parent=6992"}],"wp:term":[{"taxonomy":"category","embeddable":true,"href":"https:\/\/culturotheque.fr\/index.php\/wp-json\/wp\/v2\/categories?post=6992"},{"taxonomy":"post_tag","embeddable":true,"href":"https:\/\/culturotheque.fr\/index.php\/wp-json\/wp\/v2\/tags?post=6992"}],"curies":[{"name":"wp","href":"https:\/\/api.w.org\/{rel}","templated":true}]}}