{"id":7141,"date":"2021-07-25T09:09:08","date_gmt":"2021-07-25T07:09:08","guid":{"rendered":"http:\/\/culturotheque.fr\/?p=7141"},"modified":"2021-09-09T10:01:11","modified_gmt":"2021-09-09T08:01:11","slug":"programme-periode-sanitaire-covid-19","status":"publish","type":"post","link":"https:\/\/culturotheque.fr\/index.php\/2021\/07\/25\/programme-periode-sanitaire-covid-19\/","title":{"rendered":"Ce qu&rsquo;il faut savoir concernant la rentr\u00e9e saison 2021\/2022"},"content":{"rendered":"<p style=\"text-align: justify;\"><span style=\"color: #3d638a;\"><span style=\"color: #ff0000;\"><strong>Le PASS SANITAIRE obligatoire pour toutes les activit\u00e9s de La Culturoth\u00e8que.<br \/>\nIl sera contr\u00f4l\u00e9\u00a0 \u00e0 chacune des Activit\u00e9s.<\/strong><\/span><br \/>\nINFOS GENERALES :<\/span><span style=\"color: #3d638a;\"><em><br \/>\n<\/em><\/span><\/p>\n<p><!--more--><\/p>\n<p style=\"text-align: justify;\"><span style=\"color: #3d638a;\"><strong>PLANNING \u00a0DES ACTIVITES SAISON 2021\/2022 <\/strong><em>(aucune\u00a0 modification par rapport aux ann\u00e9es pr\u00e9c\u00e9dentes) &#8211; <\/em>Activit\u00e9s du 15 septembre 2021 \u00a0au 15 juin 2022<\/span><br \/>\n<span style=\"text-decoration: underline;\"><span style=\"color: #3d638a; text-decoration: underline;\">Lundi<\/span><\/span><br \/>\n<span style=\"color: #3d638a;\"><span style=\"color: #339966;\">8h00 &#8211; 1 Randonn\u00e9e journ\u00e9e (B4\/5) \u2013 16\/25 km \u2013 jusqu\u2019\u00e0 1500 m d\u00e9nivel\u00e9<\/span> \u2013 rdv co-voiturage au Parking des Ar\u00e8nes <em>(niveau Huilerie Coop\u00e9rative)<\/em> \u2013 30300 BEAUCAIRE <em>\u00a0\u00a0(tous les lundis)<br \/>\n<\/em><span style=\"color: #339966;\">8h30 &#8211; 1 Randonn\u00e9e journ\u00e9e \u2013 10\/12 km (B2) \u00a0\u2013 jusqu\u2019\u00e0 500 m d\u00e9nivel\u00e9<\/span> &#8211; <em>rdv co-voiturage au Parking des Ar\u00e8nes (niveau Huilerie Coop\u00e9rative) \u2013 30300 BEAUCAIRE \u00a0\u00a0(tous les lundis<\/em><\/span><span style=\"color: #3d638a;\"><em>)<br \/>\n<\/em><span style=\"text-decoration: underline;\">Mardi<\/span><\/span><br \/>\n<span style=\"color: #3d638a;\"><span style=\"color: #800000;\">10h30 \u2013 12h00 \u2013 Gym en salle (27 bd Joffre \u2013 1<sup>er<\/sup> Etage<\/span> \u2013 30300 Beaucaire) <em>(tous les mardis)<br \/>\n<\/em><span style=\"color: #0000ff;\">14h00 \u2013 1 Conf\u00e9rence\u00a0<\/span> (27 bd Joffre \u2013 1<sup>er<\/sup> Etage \u2013 30300 Beaucaire) <em>(tous les mardis)<br \/>\n<\/em><span style=\"color: #ff6600;\">16h00 \u2013 Club Informatique\u00a0<\/span> (27 bd Joffre \u2013 1<sup>er<\/sup> Etage \u2013 30300 Beaucaire) <em>(tous les 15 jours)<br \/>\n<\/em><span style=\"color: #cc99ff;\">16h00 \u2013 Club Photo<\/span> \u2013 Traitement num\u00e9rique\u00a0 photos (27 bd Joffre \u2013 1<sup>er<\/sup> Etage \u2013 30300 Beaucaire) <em>(1 mardi par mois)<br \/>\n<\/em><span style=\"color: #800000;\">16h00 \u2013 Club de Lecture<\/span>\u00a0 (27 bd Joffre \u2013 1<sup>er<\/sup> Etage \u2013 30300 Beaucaire) <em>(1 mardi par mois)<br \/>\n<\/em><span style=\"text-decoration: underline;\">Mercredi<\/span><\/span><br \/>\n<span style=\"color: #3d638a;\"><span style=\"color: #339966;\">9h30 &#8211; 1 Randonn\u00e9e \u2013 2 h\u2013 5 \u00a0km \u2013 facile<\/span> \u00a0\u2013 rdv co-voiturage au Parking des Ar\u00e8nes <em>(niveau Huilerie Coop\u00e9rative)<\/em> \u2013 30300 BEAUCAIRE <em>(tous les mercredis)<br \/>\n<\/em><span style=\"color: #339966;\">13h30 &#8211; 1 Randonn\u00e9e \u00a0demi-journ\u00e9e\u00a0 B2 \u2013 9 \/12 km \u2013 jusqu\u2019\u00e0 300 m d\u00e9nivel\u00e9 &#8211;<\/span> rdv co-voiturage au Parking des Ar\u00e8nes <em>(niveau Huilerie Coop\u00e9rative)<\/em> \u2013 30300 BEAUCAIRE <em>(tous les mercredis)<br \/>\n<\/em><span style=\"text-decoration: underline;\">Jeudi<\/span><\/span><br \/>\n<span style=\"color: #3d638a;\"><span style=\"color: #ff0000;\">14h00 \u2013 Club Pyramide<\/span> <em>(salle informatique) \u2013 <\/em>2 h <em>(Tous les 15 jours)<br \/>\n<\/em><strong><span style=\"color: #800080;\">SORTIES CULTURELLES<\/span><\/strong> (<em>2 visites guid\u00e9es, une le matin, une l\u2019Apr\u00e8s-midi<\/em>)\u00a0 &#8211; (<em>2 jeudis par mois<\/em>) &#8211; sur inscription par paiement du forfait : 5 \u20ac sorties co-voiturage ou 20 \u20ac sorties Bus. Rdv d\u00e9part co-voiturage ou Bus :\u00a0 Parking des Ar\u00e8nes <em>(niveau Huilerie Coop\u00e9rative)<\/em> \u2013 30300 BEAUCAIRE<\/span><br \/>\n<span style=\"text-decoration: underline;\"><span style=\"color: #3d638a; text-decoration: underline;\">Vendredi<\/span><\/span><br \/>\n<span style=\"color: #3d638a;\"><span style=\"color: #339966;\">8h00 &#8211; 1 Randonn\u00e9e \u00a0journ\u00e9e \u00a0B3 \u2013 14\/17 km \u2013 jusqu\u2019\u00e0 600 m d\u00e9nivel\u00e9<\/span> \u2013 rdv co-voiturage au Parking des Ar\u00e8nes <em>(niveau Huilerie Coop\u00e9rative)<\/em> \u2013 30300 BEAUCAIRE <em>(tous les vendredis)<br \/>\n<span style=\"color: #339966;\">8h30 &#8211; 1 RandoSant\u00e9 \u00ae \u00a0demi-journ\u00e9e ou journ\u00e9e \u2013 6\/9 \u00a0km<\/span> \u2013 jusqu\u2019\u00e0 300 m d\u00e9nivel\u00e9 &#8211; rdv co-voiturage au Parking des Ar\u00e8nes (niveau Huilerie Coop\u00e9rative) \u2013 30300 BEAUCAIRE (tous les vendredis)<\/em><\/span><br \/>\n<span style=\"color: #3d638a;\"><span style=\"color: #993366;\">10h30 \u2013 12h00 \u2013 Gym en salle <\/span>(27 bd Joffre \u2013 1<sup>er<\/sup> Etage \u2013 30300 Beaucaire) <em>(voir avec la Gym du mardi)<br \/>\n<\/em><strong><span style=\"color: #00ccff;\"><em>14h00 \u2013 <\/em>Club de Scrabble (27 bd Joffre \u2013 1<sup>er<\/sup> Etage<\/span> <\/strong>\u2013 30300 Beaucaire) <em>(tous les vendredis)<br \/>\n<\/em><span style=\"text-decoration: underline;\">Dimanche<\/span><\/span><br \/>\n<span style=\"color: #3d638a;\"><span style=\"color: #339966;\">8h30 &#8211; 1 Randonn\u00e9e\u00a0 journ\u00e9e B3 \u2013 12\/16km \u2013 jusqu\u2019\u00e0 600 m d\u00e9nivel\u00e9<\/span> \u2013 rdv co-voiturage au Parking des Ar\u00e8nes \u2013 30300 BEAUCAIRE <em>(2 par mois)<br \/>\n<\/em>\u00a0\u00a0\u00a0\u00a0\u00a0\u00a0\u00a0\u00a0\u00a0\u00a0\u00a0\u00a0\u00a0\u00a0\u00a0\u00a0\u00a0\u00a0\u00a0\u00a0\u00a0\u00a0\u00a0\u00a0\u00a0\u00a0\u00a0\u00a0\u00a0\u00a0\u00a0\u00a0\u00a0\u00a0\u00a0\u00a0\u00a0\u00a0\u00a0\u00a0 + Activit\u00e9s ponctuelles<\/span><br \/>\n<span style=\"color: #3d638a;\">1 journ\u00e9e F\u00ebte des Associations &#8211; 1 journ\u00e9e F\u00eate de la Randonn\u00e9e \u2013 2 journ\u00e9es T\u00e9l\u00e9thon &#8211; 2 LOTOS<\/span><br \/>\n<span style=\"color: #3d638a;\">3 Go\u00fbters communs \u00a0: No\u00ebl (<em>avec animation musicale<\/em>) \u2013 Galette des Rois \u2013 Cr\u00eapes<\/span><br \/>\n<span style=\"color: #3d638a;\">+ 2 go\u00fbters par activit\u00e9\u00a0 +\u00a0 1 repas No\u00ebl + repas ou go\u00fbters\u00a0 fin d\u2019ann\u00e9e par activit\u00e9s \u2013 caf\u00e9s<\/span><br \/>\n<span style=\"color: #3d638a;\">1 Journ\u00e9e Thalasso\u00a0\u00a0 &#8211; 2 voyages culturels <em>(4 jours \u00e0 1 semaine)<\/em>\u00a0\u00a0 &#8211; 3 s\u00e9jours randos <em>(4 jours \u00e0 1 semaine).<\/em><\/span><\/p>\n<p style=\"text-align: justify;\"><span style=\"color: #3366ff;\">Attention ! Pensez \u00e0 votre certificat m\u00e9dical.<\/span><br \/>\n<span style=\"color: #3366ff;\">Pour les randonn\u00e9es, la gym ou participer aux s\u00e9jours rando ou voyages il faut avoir la licence FFRandonn\u00e9e. Pour la licence il faut fournir un certificat m\u00e9dical de non contre-indication \u00e0 la pratique de la randonn\u00e9e.<\/span><\/p>\n","protected":false},"excerpt":{"rendered":"<p>Le PASS SANITAIRE obligatoire pour toutes les activit\u00e9s de La Culturoth\u00e8que. Il sera contr\u00f4l\u00e9\u00a0 \u00e0 chacune des Activit\u00e9s. INFOS GENERALES :<\/p>\n","protected":false},"author":1,"featured_media":7636,"comment_status":"closed","ping_status":"closed","sticky":false,"template":"","format":"standard","meta":{"footnotes":""},"categories":[9],"tags":[],"class_list":["post-7141","post","type-post","status-publish","format-standard","has-post-thumbnail","hentry","category-programmes"],"_links":{"self":[{"href":"https:\/\/culturotheque.fr\/index.php\/wp-json\/wp\/v2\/posts\/7141","targetHints":{"allow":["GET"]}}],"collection":[{"href":"https:\/\/culturotheque.fr\/index.php\/wp-json\/wp\/v2\/posts"}],"about":[{"href":"https:\/\/culturotheque.fr\/index.php\/wp-json\/wp\/v2\/types\/post"}],"author":[{"embeddable":true,"href":"https:\/\/culturotheque.fr\/index.php\/wp-json\/wp\/v2\/users\/1"}],"replies":[{"embeddable":true,"href":"https:\/\/culturotheque.fr\/index.php\/wp-json\/wp\/v2\/comments?post=7141"}],"version-history":[{"count":13,"href":"https:\/\/culturotheque.fr\/index.php\/wp-json\/wp\/v2\/posts\/7141\/revisions"}],"predecessor-version":[{"id":7793,"href":"https:\/\/culturotheque.fr\/index.php\/wp-json\/wp\/v2\/posts\/7141\/revisions\/7793"}],"wp:featuredmedia":[{"embeddable":true,"href":"https:\/\/culturotheque.fr\/index.php\/wp-json\/wp\/v2\/media\/7636"}],"wp:attachment":[{"href":"https:\/\/culturotheque.fr\/index.php\/wp-json\/wp\/v2\/media?parent=7141"}],"wp:term":[{"taxonomy":"category","embeddable":true,"href":"https:\/\/culturotheque.fr\/index.php\/wp-json\/wp\/v2\/categories?post=7141"},{"taxonomy":"post_tag","embeddable":true,"href":"https:\/\/culturotheque.fr\/index.php\/wp-json\/wp\/v2\/tags?post=7141"}],"curies":[{"name":"wp","href":"https:\/\/api.w.org\/{rel}","templated":true}]}}