{"id":7146,"date":"2021-04-26T17:30:39","date_gmt":"2021-04-26T15:30:39","guid":{"rendered":"http:\/\/culturotheque.fr\/?p=7146"},"modified":"2021-04-27T12:47:51","modified_gmt":"2021-04-27T10:47:51","slug":"triple-levee-2","status":"publish","type":"post","link":"https:\/\/culturotheque.fr\/index.php\/2021\/04\/26\/triple-levee-2\/","title":{"rendered":"Triple Lev\u00e9e"},"content":{"rendered":"<p><a href=\"https:\/\/photos.app.goo.gl\/94Vwqn65HfeVpihU7\">Voir ici les photos de notre randonn\u00e9e \u00e0 Comps\/Beaucaire<\/a><br \/>\n<a href=\"https:\/\/1drv.ms\/u\/s!AmQH719VFDtegfBIwZo5cH78PmZfCw?e=vgJfmH\">Voir ici les photos de Marie-Jeanne<\/a><br \/>\n<a href=\"https:\/\/photos.app.goo.gl\/FjvHZghtm6xgF7u99\">Voir ici les photos de Fran\u00e7oise<\/a><br \/>\n<!--more--><\/p>\n<p style=\"text-align: justify;\">Ce matin nous nous retrouvons sur le parking de la voie verte de\u00a0 Comps. Temps tristounet et pour ceux qui ont regard\u00e9 la m\u00e9t\u00e9o, il devrait pleuvoir. Nous, on a d\u00e9cid\u00e9 que la pluie, si elle doit arriver, viendra une fois que notre randonn\u00e9e sera termin\u00e9e\u00a0!<br \/>\nBetty entra\u00eene le premier groupe \u00e0 travers le village de Comps puis, en suivant les berges du Gardon, \u00e0 l\u2019\u00e9chelle \u00e0 Poissons. Pas de scoop ! Tout le monde conna\u00eet. On poursuit donc le long de la digue, puis prenons le long du canal de Remoulins \u00e0 Fourques et retour aux voitures. Il pleut ? Pas encore\u2026<br \/>\nOn prend donc vers les Arcades\u00a0 pour monter vers l\u2019Aiguille. Il y a 15 jours nous sommes all\u00e9es \u00e0 l\u2019Aiguille, devons-nous y retourner ? Non, nous prenons donc une belle piste sous l\u2019Aiguille qui nous offre une belle vue sur le Rh\u00f4ne, Comps, Montfrin, Vallabr\u00e8gues, Aramon, Avignon et le Mont Ventoux. On prend le temps d\u2019admirer.<br \/>\nAujourd\u2019hui on prendra souvent le temps d\u2019admirer !&#8230;<br \/>\nMaintenant on est sur un sentier qui sinue au milieu des gen\u00eats odorants, de belles val\u00e9rianes, cistes et aphillanthes qui colorent magnifiquement nos collines. On continue pour rejoindre ce joli sentier qui nous am\u00e8ne au ch\u00e2teau d\u2019eau puis au pied de la \u00ab\u00a0Bouteille\u00a0\u00bb. Beau panorama sur les Alpilles, \u00a0le Rh\u00f4ne, les ch\u00e2teaux de Beaucaire et Tarascon\u2026<br \/>\nComme il nous faut quelques aventures, la descente dans un pierrier ne manque pas de piquant\u2026 surtout qu\u2019il nous faut remonter presque aussit\u00f4t\u00a0!<br \/>\nA chaque fois la vue en vaut la peine.<br \/>\nNous d\u00e9ambulons maintenant dans des sentiers connus, au pied de St Roman. On s\u2019installe aussi pour le repas. Papotages\u2026 Qui connait la meilleure boutique de v\u00eatements ? Les adresses sont sympa&#8230;. mais nous sommes confin\u00e9es et tout est ferm\u00e9 !<br \/>\nLa reprise se fait en douceur mais lorsqu\u2019on d\u00e9cide de monter \u00e0 Triple Lev\u00e9e il nous faut appuyer sur les mollets\u00a0!<br \/>\nEn haut on essaye d\u2019imaginer la grande cabane ovale avec une base de pierre, des parois de bois et de terre et un toit de chaume qui s\u2019abritait, il y a plus de 4000 ans, sur cette terrasse naturelle ! Ses occupants cultivaient des c\u00e9r\u00e9ales, \u00e9levaient des moutons et des ch\u00e8vres. Ils fa\u00e7onnaient \u00a0aussi des r\u00e9cipients de terre destin\u00e9s \u00e0 la cuisine et \u00e0 la conservation des provisions. Ces \u00ab chasseurs-cueilleurs \u00bb enterraient leurs morts dans des grottes mais aussi dans des tombes individuelles. Durant pr\u00e8s de 1000 ans ils ont \u00e9t\u00e9 les habitants des pentes de cette colline.<br \/>\nS\u00fbrement que la colline avait un autre aspect qu\u2019aujourd\u2019hui\u00a0!<br \/>\nPour en savoir plus : <a href=\"https:\/\/www.persee.fr\/doc\/quate_0004-5500_1976_num_13_1_1272\"><strong>Le site Moust\u00e9rien Charentien de Ioton de Liliane Meignen<\/strong><\/a><br \/>\nNous d\u00e9cidons de descendre par les anciens chemins du \u00ab moto-cross \u00bb et de rejoindre le Golf de Beaucaire. Le sentier longe un moment la cl\u00f4ture puis il sinue dans les pentes de Ioton avant de remonter dans le bois de Triple Lev\u00e9e o\u00f9 nous retrouvons le balisage.<br \/>\nOn avait la sensation de se trouver dans une grande for\u00eat amazonienne, perdues dans un monde inconnu. Fran\u00e7oise a cru apercevoir un iguane\u00a0!<br \/>\nMaintenant nous suivons Cathy. En confiance car il y a quinze jours, d\u00e9j\u00e0, elle nous avait fait d\u00e9couvrir de belles sentes\u2026 Celles-ci sont \u00a0encore bien sauvages, fleuries, bien ombrag\u00e9es, car le soleil s&rsquo;est bien lev\u00e9 maintenant,\u00a0 et nous ouvrent des points de vues sur les pistes d\u00e9j\u00e0 parcourues des collines du secteur, le Rh\u00f4ne et le relief lointain. On arrive ainsi \u00e0 Pilli\u00e8re avant de redescendre vers La Treille, quartier de Comps.<br \/>\nMerci Cathy pour ces beaux sentiers : on s\u2019est r\u00e9gal\u00e9es !<br \/>\nOn se quitte aux arcades bienheureuses \u00a0d\u2019avoir arpent\u00e9 ces beaux sentiers fleuris et, surtout, d\u2019avoir tent\u00e9 cette randonn\u00e9e malgr\u00e9 le pessimisme de la m\u00e9t\u00e9o !<br \/>\n<span style=\"text-decoration: underline;\"><strong>Cotation<\/strong><\/span>\u00a0: JB3 \u2013 14.2 km \u2013 312 m d\u00e9nivel\u00e9 \u2013 10 randonneuses <em>(Catherine, Brigitte, Betty, Eliane, Fran\u00e7oise, Marilyne, Mich\u00e8le E., Marie-Jeanne, Cathy, Mich\u00e8le N.)<br \/>\n<span style=\"color: #99ccff;\">Image de garde\u00a0 issue de la Bande Dessin\u00e9e\u00a0 \u00ab\u00a0Beaucaire les desseins de l&rsquo;histoire\u00a0\u00bb, Dessins de Joseph Garcia &#8211; Editions de la SHAB.<\/span><br \/>\n<\/em><\/p>\n","protected":false},"excerpt":{"rendered":"<p>Voir ici les photos de notre randonn\u00e9e \u00e0 Comps\/Beaucaire Voir ici les photos de Marie-Jeanne Voir ici les photos de Fran\u00e7oise<\/p>\n","protected":false},"author":1,"featured_media":2178,"comment_status":"closed","ping_status":"closed","sticky":false,"template":"","format":"standard","meta":{"footnotes":""},"categories":[4],"tags":[],"class_list":["post-7146","post","type-post","status-publish","format-standard","has-post-thumbnail","hentry","category-randonnees"],"_links":{"self":[{"href":"https:\/\/culturotheque.fr\/index.php\/wp-json\/wp\/v2\/posts\/7146","targetHints":{"allow":["GET"]}}],"collection":[{"href":"https:\/\/culturotheque.fr\/index.php\/wp-json\/wp\/v2\/posts"}],"about":[{"href":"https:\/\/culturotheque.fr\/index.php\/wp-json\/wp\/v2\/types\/post"}],"author":[{"embeddable":true,"href":"https:\/\/culturotheque.fr\/index.php\/wp-json\/wp\/v2\/users\/1"}],"replies":[{"embeddable":true,"href":"https:\/\/culturotheque.fr\/index.php\/wp-json\/wp\/v2\/comments?post=7146"}],"version-history":[{"count":12,"href":"https:\/\/culturotheque.fr\/index.php\/wp-json\/wp\/v2\/posts\/7146\/revisions"}],"predecessor-version":[{"id":7158,"href":"https:\/\/culturotheque.fr\/index.php\/wp-json\/wp\/v2\/posts\/7146\/revisions\/7158"}],"wp:featuredmedia":[{"embeddable":true,"href":"https:\/\/culturotheque.fr\/index.php\/wp-json\/wp\/v2\/media\/2178"}],"wp:attachment":[{"href":"https:\/\/culturotheque.fr\/index.php\/wp-json\/wp\/v2\/media?parent=7146"}],"wp:term":[{"taxonomy":"category","embeddable":true,"href":"https:\/\/culturotheque.fr\/index.php\/wp-json\/wp\/v2\/categories?post=7146"},{"taxonomy":"post_tag","embeddable":true,"href":"https:\/\/culturotheque.fr\/index.php\/wp-json\/wp\/v2\/tags?post=7146"}],"curies":[{"name":"wp","href":"https:\/\/api.w.org\/{rel}","templated":true}]}}