{"id":7177,"date":"2021-04-30T11:38:32","date_gmt":"2021-04-30T09:38:32","guid":{"rendered":"http:\/\/culturotheque.fr\/?p=7177"},"modified":"2021-05-01T14:23:15","modified_gmt":"2021-05-01T12:23:15","slug":"labbaye-de-st-roman","status":"publish","type":"post","link":"https:\/\/culturotheque.fr\/index.php\/2021\/04\/30\/labbaye-de-st-roman\/","title":{"rendered":"L&rsquo;Abbaye de St Roman"},"content":{"rendered":"<p><a href=\"https:\/\/photos.app.goo.gl\/xH5ML2CaJ7dFGz4W9\">Voir ici les photos de notre randonn\u00e9e \u00e0 Beaucaire<\/a><br \/>\n<!--more--><\/p>\n<p style=\"text-align: justify;\">Pas mal de d\u00e9sistements ce matin. On le comprend. Christian ne risque rien : 4 animateurs rien que pour lui car il n\u2019est pas \u00a0besoin de faire plusieurs groupes\u2026.<br \/>\nNous d\u00e9cidons de marcher en \u00ab\u00a0oreilles de lapin\u00a0\u00bb, c&rsquo;est-\u00e0-dire faire des boucles qui nous ram\u00e8nent \u00e0 plusieurs reprises vers le point de d\u00e9part.<br \/>\nDu parking de St Roman nous partons vers \u00ab\u00a0La Bouteille\u00a0\u00bb. Personne n\u2019\u00e9tait l\u00e0 lundi, donc il n\u2019y a pas de lassitude \u00e0 prendre ce joli chemin bord\u00e9 de gen\u00eats odorants, cistes, val\u00e9riane et\u2026 nous retrouvons m\u00eame la \u00a0cytinelle ou cytinet \u00a0(<em>c\u2019est une plante parasite des cistes<\/em>) \u00a0que l\u2019on pourrait confondre avec la p\u00e9zize \u00e9carlate, qui est un champignon.<br \/>\nAu niveau de \u00ab la Bouteille \u00bb les premi\u00e8res gouttes mais on a le temps d\u2019admirer le paysage plongeant sur le Rh\u00f4ne avant de revenir vers notre point de d\u00e9part\u2026 Mais, la pluie s\u2019arr\u00eatant nous prenons la jolie piste qui monte en douceur vers l\u2019Aiguille. Points de vue, bonne ambiance, papotages\u2026 La maison de Monique&#8230; bref, le plaisir d\u2019\u00eatre l\u00e0.<br \/>\nEn redescendant quelques gouttes suppl\u00e9mentaires, on revient donc vers l\u2019Abbaye de St Roman.<br \/>\nL&rsquo;Abbaye est situ\u00e9e sur un rocher calcaire qui surplombe la confluence du Gardon et du Rh\u00f4ne. On pense que les lieux ont \u00e9t\u00e9 occup\u00e9s \u00e0 partir du Ve si\u00e8cle par des ermites qui s&rsquo;inspirent de la vie monastique\u00a0 orientale dans la lign\u00e9e des P\u00e8res du D\u00e9sert. Ils ont am\u00e9nag\u00e9 et agrandit progressivement des cavit\u00e9s naturelles&#8230;<br \/>\nLa pluie nous laisse le temps d\u2019admirer les fleurs et de suivre les le\u00e7ons de botanique de Philippe qui \u00e9tudie aujourd\u2019hui les salsifis \u00e0 feuilles de poireaux.<br \/>\nOn tra\u00eene un peu les pieds et on \u00ab\u00a0t\u00e2te\u00a0\u00bb les nuages, mais il faut se rendre \u00e0 l\u2019\u00e9vidence\u00a0: \u00e7a ne s\u2019arrangera pas.<br \/>\nC\u2019est une fois dans les voitures que \u00e7a se g\u00e2te vraiment. Tant pis pour ceux qui voulaient vraiment se mouiller aujourd\u2019hui\u00a0!<br \/>\n<u>Cotation\u00a0:<\/u> DJA1 \u2013 5 km \u2013 120 m d\u00e9nivel\u00e9 \u2013 5 randonneurs <em>(France, Monique, Christian, Philippe, Mich\u00e8le).<\/em><\/p>\n","protected":false},"excerpt":{"rendered":"<p>Voir ici les photos de notre randonn\u00e9e \u00e0 Beaucaire<\/p>\n","protected":false},"author":1,"featured_media":7180,"comment_status":"closed","ping_status":"closed","sticky":false,"template":"","format":"standard","meta":{"footnotes":""},"categories":[4],"tags":[],"class_list":["post-7177","post","type-post","status-publish","format-standard","has-post-thumbnail","hentry","category-randonnees"],"_links":{"self":[{"href":"https:\/\/culturotheque.fr\/index.php\/wp-json\/wp\/v2\/posts\/7177","targetHints":{"allow":["GET"]}}],"collection":[{"href":"https:\/\/culturotheque.fr\/index.php\/wp-json\/wp\/v2\/posts"}],"about":[{"href":"https:\/\/culturotheque.fr\/index.php\/wp-json\/wp\/v2\/types\/post"}],"author":[{"embeddable":true,"href":"https:\/\/culturotheque.fr\/index.php\/wp-json\/wp\/v2\/users\/1"}],"replies":[{"embeddable":true,"href":"https:\/\/culturotheque.fr\/index.php\/wp-json\/wp\/v2\/comments?post=7177"}],"version-history":[{"count":4,"href":"https:\/\/culturotheque.fr\/index.php\/wp-json\/wp\/v2\/posts\/7177\/revisions"}],"predecessor-version":[{"id":7190,"href":"https:\/\/culturotheque.fr\/index.php\/wp-json\/wp\/v2\/posts\/7177\/revisions\/7190"}],"wp:featuredmedia":[{"embeddable":true,"href":"https:\/\/culturotheque.fr\/index.php\/wp-json\/wp\/v2\/media\/7180"}],"wp:attachment":[{"href":"https:\/\/culturotheque.fr\/index.php\/wp-json\/wp\/v2\/media?parent=7177"}],"wp:term":[{"taxonomy":"category","embeddable":true,"href":"https:\/\/culturotheque.fr\/index.php\/wp-json\/wp\/v2\/categories?post=7177"},{"taxonomy":"post_tag","embeddable":true,"href":"https:\/\/culturotheque.fr\/index.php\/wp-json\/wp\/v2\/tags?post=7177"}],"curies":[{"name":"wp","href":"https:\/\/api.w.org\/{rel}","templated":true}]}}