{"id":7199,"date":"2021-05-03T20:05:24","date_gmt":"2021-05-03T18:05:24","guid":{"rendered":"http:\/\/culturotheque.fr\/?p=7199"},"modified":"2021-05-04T09:28:05","modified_gmt":"2021-05-04T07:28:05","slug":"les-ocres-du-plan-deau-des-salettes-2","status":"publish","type":"post","link":"https:\/\/culturotheque.fr\/index.php\/2021\/05\/03\/les-ocres-du-plan-deau-des-salettes-2\/","title":{"rendered":"Les ocres du plan d&rsquo;eau des Salettes."},"content":{"rendered":"<p><a href=\"https:\/\/photos.app.goo.gl\/wQ9SW5KxYpwZK3Nx8\">Voir ici les photos de notre randonn\u00e9e \u00e0 Mormoiron<\/a><br \/>\n<a href=\"https:\/\/1drv.ms\/u\/s!AmQH719VFDtegfBobxvaU3fbxtySXQ?e=wYOISi\">Voir ici les photos de Marie-Jeanne<\/a><br \/>\n<a href=\"https:\/\/photos.app.goo.gl\/zD4mmGvThxSTEYUx7\">Voir ici les photos de Fran\u00e7oise.<\/a><br \/>\n<!--more--><\/p>\n<p style=\"text-align: justify;\">D\u00e9confinement = \u00e9vasion ! On\u00a0 a d\u00e9cid\u00e9 de se faire plaisir pour cette journ\u00e9e exceptionnelle.<br \/>\nNous voici donc sur la route du Mont Ventoux\u2026 On n\u2019entre pas dans le village de Mormoiron, on suit les panneaux \u00ab\u00a0Plan d&rsquo;eau des Salettes\u00a0\u00bb et on se gare \u00a0sur le parking du Lac. Ce plan d\u2019eau avec plage de sable bord\u00e9e de pins se situe au c\u0153ur d\u2019un vignoble. Pas grand monde ce matin dans cet immense parking.<br \/>\nNous nous dirigeons directement dans le vallat de Marguetton en passant devant l\u2019accrobranche.<br \/>\nOu sommes-nous ? D\u00e9j\u00e0 des couleurs ocres derri\u00e8re le vert des pins.<br \/>\nCes pins sont grands et on dirait qu\u2019ils sont recouverts de plaques lisses. On dirait du cuir. En fait c\u2019est l\u2019\u00e9corce de leurs troncs. On touche, on palpe\u2026 c\u2019est lisse, c\u2019est doux.<br \/>\nLe sentier s\u2019\u00e9l\u00e8ve s\u00e9rieusement en escaliers constitu\u00e9s de larges racines. Il fait un peu frisquet, la mont\u00e9e nous r\u00e9chauffe bien\u00a0: en haut tout le monde est en Tshirt\u00a0!<br \/>\nMaintenant on s\u2019engage sur un chemin bitum\u00e9 o\u00f9 l\u2019on rencontre un \u00ab\u00a0\u00e9norme\u00a0\u00bb escargot\u00a0!<br \/>\nEn bas la ferme de France nous propose un sentier \u00e9troit qui nous entraine dans un chemin tout rouge. Stop\u00a0!<br \/>\nC\u2019est l\u2019aventure. Une for\u00eat compl\u00e8tement vandalis\u00e9e. Attention aux pieds. Ouah ! Nous voici dans les canyons du Colorado. C\u2019est \u00e9tonnant, stup\u00e9fiant. C\u2019est beau.<br \/>\nOn tourne, on retourne, on profite\u2026 ensemble car les groupes se sont r\u00e9unis. Impossible de r\u00e9sister \u00e0 la vue de ces paysages fantastiques ! Il nous faut partager ce site \u00e9tonnant, beau, extraordinaire !<br \/>\nLa suite, c\u2019est un passage qui nous fait longer une cl\u00f4ture. On devrait trouver d\u2019anciens canaux de d\u00e9cantation des ocres. On trouve une construction qui pouvait \u00eatre une usine d\u2019ocre mais pas ces canaux qui semblent \u00eatre pris \u00e0 l\u2019int\u00e9rieur de la cl\u00f4ture qui prot\u00e8ge des conduites et pompes d&rsquo;eau potable.<br \/>\nIl nous faut donc renoncer \u00e0 trouver l&rsquo;aire de piqeu-nique.<br \/>\nHeureusement nous avons un plan B.<br \/>\nEn effet, sur notre trajet une variante : exploration du ravin color\u00e9 de Sitos ! C\u2019est beau, c\u2019est fabuleux !&#8230;<br \/>\nVraiment chacun se dit qu\u2019il a bien fait de se lever ce matin.<br \/>\nApr\u00e8s cette visite exceptionnelle on reprend notre circuit.<br \/>\nOn s\u2019arr\u00eate un peu plus loin pour le repas\u2026 Chemin color\u00e9, v\u00e9g\u00e9tation abondante, belle lumi\u00e8re, soleil, ciel bleu, brise l\u00e9g\u00e8re, chant des oiseaux : le Paradis existe bien sur terre, pour nous, aujourd\u2019hui !<br \/>\nOn nous promet encore des surprises\u2026 On descend\u00a0! Oh\u2026 ce cadre est fabuleux\u00a0! Falaises d\u2019ocres, tunnels d\u2019exploitation, le tableau est on ne peut plus merveilleux.<br \/>\nQui va-t-on perdre\u00a0?<br \/>\nOn traine le pas, on explore. On a le temps\u2026 Le temps de savourer ce d\u00e9cor bien particulier.<br \/>\nUn autre joli chemin qui nous am\u00e8ne sur un plateau, au loin le clocher de Villes-sur-Auzon, mais\u2026 non, les voitures ne sont pas de ce c\u00f4t\u00e9-l\u00e0\u00a0!<br \/>\nEncore quelques surprises. C\u2019est maintenant une magnifique vue sur le Mont Ventoux. Neige, cailloux ? Allons voir. Oui nous irons tr\u00e8s bient\u00f4t&#8230;<br \/>\nEn attendant nous avons\u00a0 un autre site \u00e0 d\u00e9couvrir. Encore !<br \/>\nCes anciennes exploitations d\u2019ocre, hautes en couleurs, sont effectivement r\u00e9parties au c\u0153ur de cette for\u00eat \u00a0\u00e0 la v\u00e9g\u00e9tation multiple. Les pins maritimes, les ch\u00e2taigniers et les bruy\u00e8res\u00a0 lui donnent \u00e0 chaque partie un cadre diff\u00e9rent. Les nombreuses nuances d\u2019ocre, allant de l\u2019ivoire au rouge brique, changent au d\u00e9tour de nos sentiers, quelquefois\u00a0 au bord \u00a0d\u2019une falaise, quelquefois au fond d\u2019un canyon&#8230;.<br \/>\nLe sentier du retour nous entra\u00eene \u00e0 travers vignes et plein \u00e9cran sur le Mont Ventoux et les Dentelles de Montmirail\u00a0: quels beaux panoramas\u00a0!<br \/>\nLorsque nous reprenons le vallat de Marguetton on tra\u00eene bien les pieds\u00a0: qui a envie de quitter un si bel endroit\u00a0!<br \/>\nLe lac d\u00e9sert le matin est maintenant bien anim\u00e9 : p\u00eacheurs, bronzeurs, joueurs de boule, de ballon, des familles, des papis\/mamies, des jeunes, les lecteurs, des r\u00eaveurs&#8230;. Un air\u00a0 de douceur de vivre, ou le bonheur retrouv\u00e9 peut-\u00eatre ?<br \/>\nPour nous, une belle journ\u00e9e et, c\u2019est s\u00fbr\u00a0 qu&rsquo;on se rappellera longtemps de notre randonn\u00e9e de d\u00e9confinement ! <em>(Mais&#8230; peut-\u00eatre aussi des bouchons sur la route !)<br \/>\n<\/em><span style=\"text-decoration: underline;\"><strong>Cotation\u00a0:<\/strong><\/span> JB2\/3 \u2013 12.6 km \u2013 346 m de d\u00e9nivel\u00e9 \u2013 14 randonneurs (<em>Ir\u00e8ne, Fran\u00e7oise, Martine, Patricia, Maryse, Claudine, Yvan, Michel, Betty, France, Betty, Marie-Jeanne, Eliane, Mich\u00e8le<\/em>)<\/p>\n","protected":false},"excerpt":{"rendered":"<p>Voir ici les photos de notre randonn\u00e9e \u00e0 Mormoiron Voir ici les photos de Marie-Jeanne Voir ici les photos de Fran\u00e7oise.<\/p>\n","protected":false},"author":1,"featured_media":7207,"comment_status":"closed","ping_status":"closed","sticky":false,"template":"","format":"standard","meta":{"footnotes":""},"categories":[4],"tags":[],"class_list":["post-7199","post","type-post","status-publish","format-standard","has-post-thumbnail","hentry","category-randonnees"],"_links":{"self":[{"href":"https:\/\/culturotheque.fr\/index.php\/wp-json\/wp\/v2\/posts\/7199","targetHints":{"allow":["GET"]}}],"collection":[{"href":"https:\/\/culturotheque.fr\/index.php\/wp-json\/wp\/v2\/posts"}],"about":[{"href":"https:\/\/culturotheque.fr\/index.php\/wp-json\/wp\/v2\/types\/post"}],"author":[{"embeddable":true,"href":"https:\/\/culturotheque.fr\/index.php\/wp-json\/wp\/v2\/users\/1"}],"replies":[{"embeddable":true,"href":"https:\/\/culturotheque.fr\/index.php\/wp-json\/wp\/v2\/comments?post=7199"}],"version-history":[{"count":7,"href":"https:\/\/culturotheque.fr\/index.php\/wp-json\/wp\/v2\/posts\/7199\/revisions"}],"predecessor-version":[{"id":7214,"href":"https:\/\/culturotheque.fr\/index.php\/wp-json\/wp\/v2\/posts\/7199\/revisions\/7214"}],"wp:featuredmedia":[{"embeddable":true,"href":"https:\/\/culturotheque.fr\/index.php\/wp-json\/wp\/v2\/media\/7207"}],"wp:attachment":[{"href":"https:\/\/culturotheque.fr\/index.php\/wp-json\/wp\/v2\/media?parent=7199"}],"wp:term":[{"taxonomy":"category","embeddable":true,"href":"https:\/\/culturotheque.fr\/index.php\/wp-json\/wp\/v2\/categories?post=7199"},{"taxonomy":"post_tag","embeddable":true,"href":"https:\/\/culturotheque.fr\/index.php\/wp-json\/wp\/v2\/tags?post=7199"}],"curies":[{"name":"wp","href":"https:\/\/api.w.org\/{rel}","templated":true}]}}