{"id":7201,"date":"2021-05-03T18:30:33","date_gmt":"2021-05-03T16:30:33","guid":{"rendered":"http:\/\/culturotheque.fr\/?p=7201"},"modified":"2021-05-04T08:46:24","modified_gmt":"2021-05-04T06:46:24","slug":"notre-dame-de-grace","status":"publish","type":"post","link":"https:\/\/culturotheque.fr\/index.php\/2021\/05\/03\/notre-dame-de-grace\/","title":{"rendered":"Notre-Dame de Gr\u00e2ce"},"content":{"rendered":"<p style=\"text-align: justify;\"><a href=\"https:\/\/photos.app.goo.gl\/UKfSnkRtdnyJsF9n6\">Voir ici\u00a0 les photos de Yves concernant notre randonn\u00e9e \u00e0 Rochefort du Gard<\/a><br \/>\n<!--more-->Aujourd&rsquo;hui, c&rsquo;est notre jour de chance ! Arriv\u00e9s \u00e0 Roc Fortis ou Roheford du Gard, pas de place sur le parking de la poste. Que des voitures de la poste encore immobiles \u00e0 cette heure ! Nous migrons donc vers le parking de Castellas.<br \/>\nApr\u00e8s quelques \u00e9changes j&rsquo;en profite pour expliquer ce qu&rsquo;est cette ancienne chapelle romane du 12i\u00e8me si\u00e8cle. Premi\u00e8re \u00e9glise paroissiale consacr\u00e9e \u00e0 St Bardulphe, elle fut incluse dans le vieux village, cern\u00e9e par des remparts. Saint Bardulphe est ce moine b\u00e9n\u00e9dictain qui fut charg\u00e9 de surveiller les vignes du monast\u00e8re de Bobio. En \u00e9change de\u00a0 travaux il partagea son unique canard avec les 30 moines qui \u00e9taient venus faire une cl\u00f4ture. Sa g\u00e9n\u00e9rosit\u00e9 et sa foi firent sa l\u00e9gende.<br \/>\nAttir\u00e9e par mes propos une dame s&rsquo;approche, \u00e9coute attentive et&#8230; nous propose de visiter l&rsquo;\u00e9glise car elle a les cl\u00e9s. L&rsquo;int\u00e9rieur est tout r\u00e9nov\u00e9, les fresques sont restaur\u00e9es, m\u00eame si parfois elles sont peu visibles. Nous sommes dans un bon karma .<br \/>\nNous dirigeons nos pas vers Notre Dame de Gr\u00e2ce, le but culturel de notre rando. Nous montons par le chemin de Notre Dame, puis nous attaquons le chemin de Croix qui nous am\u00e8ne l\u00e0-haut au monast\u00e8re. La vue est magnifique avec au loin le Castellas, le Ventoux , les Alpes .<br \/>\nQue dire de Notre Dame? Elle a \u00e9t\u00e9 cr\u00e9\u00e9e sur ordre de Charlemagne et fut un monast\u00e8re b\u00e9n\u00e9dictin jusqu&rsquo;\u00e0 la r\u00e9volution. En 1836 elle devient couvent des Fr\u00e8res Maristes, qui sont une congr\u00e9gation la\u00efque masculine enseignant. Depuis 1964 c&rsquo;est un foyer de charit\u00e9.<br \/>\nChacun \u00e0 son rythme nous d\u00e9ambulons dans le monast\u00e8re admirant les nombreux tableaux, les magnifiques ex-voto et surtout en appr\u00e9ciant ce silence, oui ce silence.<br \/>\nNous contournons le monast\u00e8re par une sente en bordure de falaise. Nous allons devoir descendre l\u00e0-bas en bas. La descente est d\u00e9licate mais sans aucun danger.<br \/>\nNous filons sur le PR en direction du monument en l&rsquo;honneur de la R\u00e9sistance. Un peu plus loin une \u00e9tendue d&rsquo;herbe verte au soleil et \u00e0 l&rsquo;abri du vent nous offre le g\u00eete pour le pique-nique. Nous piquons m\u00eame une petite sieste tellement on y est bien.<br \/>\nNous repartons vers Rochefort au travers d&rsquo;un univers bois\u00e9, sur un sentier agr\u00e9able malgr\u00e9 le soleil. De multiples fleurs nous sourient : cistes, t\u00eate de loup, pavot, ail des ours et bien d&rsquo;autres.<br \/>\nLe GR 63 nous guide sur le retour. Les maisons ont pouss\u00e9 de ce c\u00f4t\u00e9 , mais nous avons toujours de la chance et nous retrouvons notre chemin dans ces nouveaux lotissements.<br \/>\nAu loin la nouvelle \u00e9glise que nous laissons sur notre gauche pour retrouver le Castellas. Oh ! une table d&rsquo;orientation. Nous en profitons pour r\u00e9viser notre g\u00e9ographie avant de rentrer.<br \/>\n<span style=\"text-decoration: underline;\"><strong>Cotation<\/strong><\/span>\u00a0 &#8211; JB4\/ soit 18 km avec 280 m de d\u00e9nivel\u00e9 positif cumul\u00e9 &#8211;\u00a0 6 randonneurs : Brigitte, Catherine , Maryline,\u00a0 Didier, Yves et Rapha\u00ebl<\/p>\n","protected":false},"excerpt":{"rendered":"<p>Voir ici\u00a0 les photos de Yves concernant notre randonn\u00e9e \u00e0 Rochefort du Gard<\/p>\n","protected":false},"author":1,"featured_media":7211,"comment_status":"closed","ping_status":"closed","sticky":false,"template":"","format":"standard","meta":{"footnotes":""},"categories":[4],"tags":[],"class_list":["post-7201","post","type-post","status-publish","format-standard","has-post-thumbnail","hentry","category-randonnees"],"_links":{"self":[{"href":"https:\/\/culturotheque.fr\/index.php\/wp-json\/wp\/v2\/posts\/7201","targetHints":{"allow":["GET"]}}],"collection":[{"href":"https:\/\/culturotheque.fr\/index.php\/wp-json\/wp\/v2\/posts"}],"about":[{"href":"https:\/\/culturotheque.fr\/index.php\/wp-json\/wp\/v2\/types\/post"}],"author":[{"embeddable":true,"href":"https:\/\/culturotheque.fr\/index.php\/wp-json\/wp\/v2\/users\/1"}],"replies":[{"embeddable":true,"href":"https:\/\/culturotheque.fr\/index.php\/wp-json\/wp\/v2\/comments?post=7201"}],"version-history":[{"count":5,"href":"https:\/\/culturotheque.fr\/index.php\/wp-json\/wp\/v2\/posts\/7201\/revisions"}],"predecessor-version":[{"id":7212,"href":"https:\/\/culturotheque.fr\/index.php\/wp-json\/wp\/v2\/posts\/7201\/revisions\/7212"}],"wp:featuredmedia":[{"embeddable":true,"href":"https:\/\/culturotheque.fr\/index.php\/wp-json\/wp\/v2\/media\/7211"}],"wp:attachment":[{"href":"https:\/\/culturotheque.fr\/index.php\/wp-json\/wp\/v2\/media?parent=7201"}],"wp:term":[{"taxonomy":"category","embeddable":true,"href":"https:\/\/culturotheque.fr\/index.php\/wp-json\/wp\/v2\/categories?post=7201"},{"taxonomy":"post_tag","embeddable":true,"href":"https:\/\/culturotheque.fr\/index.php\/wp-json\/wp\/v2\/tags?post=7201"}],"curies":[{"name":"wp","href":"https:\/\/api.w.org\/{rel}","templated":true}]}}