{"id":7241,"date":"2021-05-08T23:24:10","date_gmt":"2021-05-08T21:24:10","guid":{"rendered":"http:\/\/culturotheque.fr\/?p=7241"},"modified":"2021-05-09T10:59:42","modified_gmt":"2021-05-09T08:59:42","slug":"visites-virtuelles-musees","status":"publish","type":"post","link":"https:\/\/culturotheque.fr\/index.php\/2021\/05\/08\/visites-virtuelles-musees\/","title":{"rendered":"Visites virtuelles Mus\u00e9es."},"content":{"rendered":"<p>Entrez dans des visites virtuelles de mus\u00e9es<\/p>\n<p style=\"text-align: justify;\"><!--more--><\/p>\n<p style=\"text-align: justify;\"><span style=\"color: #34608c;\">Le Louvre &#8211; Promenade dans l&rsquo;exposition !<\/span><br \/>\n<a href=\"https:\/\/www.louvre.fr\/en-ce-moment\/expositions\/le-corps-et-l-ame#promenade-dans-l-exposition\"><span style=\"color: #99ccff;\"><span class=\"Cover_expo__3hCE7\">Le Corps et l&rsquo;\u00c2me &#8211; <\/span><span class=\"Cover_subtitle__2sGUo\">De Donatello \u00e0 Michel-Ange. Sculptures italiennes de la Renaissance<\/span><\/span><\/a><br \/>\n<span style=\"color: #34608c;\">Les contes du Petit Louvre <\/span><br \/>\n<span style=\"color: #ff6600;\">Contes du printemps\u00a0 <\/span><a href=\"https:\/\/petitlouvre.louvre.fr\/printemps\/c\/0\/i\/53936129\/une-fleur-de-printemps\"><span style=\"color: #99ccff;\">-Une fleur de printemps<\/span><\/a><span style=\"color: #99ccff;\">\u00a0 &#8211; <a style=\"color: #99ccff;\" href=\"https:\/\/petitlouvre.louvre.fr\/printemps\/c\/0\/i\/53936137\/la-nymphe-des-jardins\">La nymphe des jardins<\/a> <\/span><span style=\"color: #99ccff;\">\u00a0 &#8211; <a style=\"color: #99ccff;\" href=\"https:\/\/petitlouvre.louvre.fr\/printemps\/c\/0\/i\/53936000\/la-ruse-du-renard\">La ruse du renard<\/a> <\/span><span style=\"color: #99ccff;\">\u00a0 &#8211; \u00a0<a style=\"color: #99ccff;\" href=\"https:\/\/petitlouvre.louvre.fr\/printemps\/c\/0\/i\/53936090\/les-fleches-de-cupidon\">Les fl\u00e8ches de Cupidon.<\/a><\/span><br \/>\n<span style=\"color: #ff6600;\">Contes d&rsquo;\u00e9t\u00e9\u00a0\u00a0 <\/span><span style=\"color: #99ccff;\">&#8211; <a style=\"color: #99ccff;\" href=\"https:\/\/petitlouvre.louvre.fr\/contes-dete\/c\/0\/i\/48505394\/le-paysan-et-le-diable\">Le paysan et le diable<\/a> <\/span><span style=\"color: #99ccff;\">\u00a0\u00a0 &#8211; \u00a0<a style=\"color: #99ccff;\" href=\"https:\/\/petitlouvre.louvre.fr\/contes-dete\/c\/0\/i\/48401256\/le-maitre-du-jardin\">Le ma\u00eetre du jardin<\/a> <\/span><span style=\"color: #3269a1;\"><span style=\"color: #99ccff;\">\u00a0 &#8211; \u00a0<a style=\"color: #99ccff;\" href=\"https:\/\/petitlouvre.louvre.fr\/contes-dete\/c\/0\/i\/48505522\/le-pecheur-et-la-sirene\">Le p\u00eacheur et la sir\u00e8ne<\/a><\/span><span style=\"color: #99ccff;\">\u00a0 &#8211; \u00a0<a style=\"color: #99ccff;\" href=\"https:\/\/petitlouvre.louvre.fr\/contes-dete\/c\/0\/i\/48505485\/helios-et-phaeton\">H\u00e9lios et Phat\u00e9on.<\/a><\/span><br \/>\n<span style=\"color: #ff6600;\">Contes d&rsquo;automne\u00a0 <\/span><span style=\"color: #99ccff;\">&#8211; <a style=\"color: #99ccff;\" href=\"https:\/\/petitlouvre.louvre.fr\/lautomne\/c\/0\/i\/50263239\/un-loup-un-peu-trop-gourmand\">Un loup un peu trop gourmand<\/a><\/span><\/span><span style=\"color: #3269a1;\"><span style=\"color: #99ccff;\">\u00a0 &#8211; \u00a0<a style=\"color: #99ccff;\" href=\"https:\/\/petitlouvre.louvre.fr\/lautomne\/c\/0\/i\/50263122\/le-raisin-de-bacchus\">Le raisin de Bacchus<\/a> <\/span><span style=\"color: #99ccff;\">&#8211; <a style=\"color: #99ccff;\" href=\"https:\/\/petitlouvre.louvre.fr\/lautomne\/c\/0\/i\/50263195\/larbre-qui-chante\">L&rsquo;arbre qui chante<\/a><\/span><span style=\"color: #99ccff;\">\u00a0 &#8211; <a style=\"color: #99ccff;\" href=\"https:\/\/petitlouvre.louvre.fr\/lautomne\/c\/0\/i\/50263246\/le-prix-des-belles-pommes\">Le prix des belles pommes<\/a> <\/span><br \/>\n<span style=\"color: #ff6600;\">Contes d&rsquo;hiver\u00a0 <\/span><span style=\"color: #99ccff;\">&#8211; <a style=\"color: #99ccff;\" href=\"https:\/\/petitlouvre.louvre.fr\/contes-hiver\/c\/0\/i\/52043785\/les-patins-dargent\">Les patins d&rsquo;argent<\/a> <\/span><span style=\"color: #99ccff;\">\u00a0 &#8211; <a style=\"color: #99ccff;\" href=\"https:\/\/petitlouvre.louvre.fr\/contes-hiver\/c\/0\/i\/52044573\/le-festin-de-la-comtesse\">Le festin de la comtesse<\/a>\u00a0 &#8211;\u00a0<\/span><span style=\"color: #99ccff;\"><a style=\"color: #99ccff;\" href=\"https:\/\/petitlouvre.louvre.fr\/contes-hiver\/c\/0\/i\/52044484\/la-naissance-de-lhiver\">La naissance de l&rsquo;hiver<\/a> <\/span><span style=\"color: #99ccff;\">\u00a0 &#8211; <a style=\"color: #99ccff;\" href=\"https:\/\/petitlouvre.louvre.fr\/contes-hiver\/c\/0\/i\/52044522\/les-gateaux-de-noel\">Les g\u00e2teaux de No\u00ebl<\/a>.<\/span><br \/>\n<span style=\"color: #ff9900;\"><span style=\"color: #34608c;\">Visites insolites du LOUVRE<\/span> <\/span><\/span><br \/>\n<span style=\"color: #99ccff;\"><a style=\"color: #99ccff;\" href=\"https:\/\/petitlouvre.louvre.fr\/contes\/c\/0\/i\/44522643\/le-vol-de-la-joconde\">\u00a0<span style=\"color: #99ccff;\">Le vol de la Joconde<\/span><\/a> \u00a0 &#8211; <a style=\"color: #99ccff;\" href=\"https:\/\/petitlouvre.louvre.fr\/contes\/c\/0\/i\/44522731\/les-tribulations-dune-dame-de-pierre\">Les tribulations d&rsquo;une\u00a0 Dame de Pierre <\/a><\/span><span style=\"color: #99ccff;\">\u00a0 &#8211; \u00a0<a style=\"color: #99ccff;\" href=\"https:\/\/petitlouvre.louvre.fr\/contes\/c\/0\/i\/44522860\/lexpedition-en-egypte\">L&rsquo; exp\u00e9dition en Egypte<\/a> <\/span><span style=\"color: #99ccff;\">\u00a0\u00a0 &#8211; <a style=\"color: #99ccff;\" href=\"https:\/\/petitlouvre.louvre.fr\/contes\/c\/0\/i\/44522387\/la-venus-surgie-de-terre\">La V\u00e9nus surgie de terre<\/a><\/span><span style=\"color: #99ccff;\"> \u00a0 &#8211; \u00a0<a style=\"color: #99ccff;\" href=\"https:\/\/petitlouvre.louvre.fr\/contes\/c\/0\/i\/44523059\/lepopee-du-regent\">L&rsquo;\u00e9pop\u00e9e du R\u00e9gent<\/a><\/span><\/p>\n<p><span style=\"color: #ff9900;\"><span style=\"color: #ff6600;\">Visites virtuelles du Vatican<\/span> <\/span><span style=\"color: #ffcc99;\">: <a style=\"color: #ffcc99;\" title=\"Visite virtuelle \u00ab Chapelle Sixtine \u00bb\" href=\"https:\/\/www.museivaticani.va\/content\/museivaticani\/fr\/collezioni\/musei\/cappella-sistina\/tour-virtuale.html\">\u00a0Chapelle Sixtine <\/a>\u00a0\u00a0 &#8211; \u00a0<a style=\"color: #ffcc99;\" href=\"https:\/\/www.museivaticani.va\/content\/museivaticani\/fr\/collezioni\/musei\/tour-virtuale-salone-sistino.html\">Grande Salle Sixtine<\/a> \u00a0 &#8211; <a style=\"color: #ffcc99;\" title=\"Visite virtuelle \u00ab Mus\u00e9e Pio-Clementino \u00bb\" href=\"https:\/\/www.museivaticani.va\/content\/museivaticani\/fr\/collezioni\/musei\/museo-pio-clementino\/tour-virtuale.html\">Mus\u00e9e Pio-Clementino<\/a> \u00a0 &#8211; \u00a0<a style=\"color: #ffcc99;\" title=\"Visite virtuelle \u00ab Chambres de Rapha\u00ebl \u00bb\" href=\"https:\/\/www.museivaticani.va\/content\/museivaticani\/fr\/collezioni\/musei\/stanze-di-raffaello\/tour-virtuale.html\">Chambres de Rapha\u00ebl\u00a0\u00a0 <\/a><\/span><span style=\"color: #ffcc99;\">&#8211; \u00a0<a style=\"color: #ffcc99;\" title=\"Visite virtuelle \u00ab Braccio Nuovo \u00bb\" href=\"https:\/\/www.museivaticani.va\/content\/museivaticani\/fr\/collezioni\/musei\/braccio-nuovo\/tour-virtuale.html\">Braccio Nuovo<\/a> <\/span>\u00a0 &#8211; <a href=\"https:\/\/www.museivaticani.va\/content\/museivaticani\/fr\/collezioni\/musei\/museo-profano\/tour-virtuale.html\"><span style=\"color: #ffcc99;\">Mus\u00e9e profane.<\/span><\/a><\/p>\n<p style=\"text-align: justify;\"><span style=\"color: #cc99ff;\"><a style=\"color: #cc99ff;\" href=\"https:\/\/artsandculture.google.com\/streetview\/op%C3%A9ra-national-de-paris\/MwFixmW5o_f5jw?hl=fr&amp;sv_lng=2.33164307268342&amp;sv_lat=48.87215089180122&amp;sv_h=144.93&amp;sv_p=0&amp;sv_pid=yhSFWB9ONtfp29xwyB2BTw&amp;sv_z=1\">Visite de l&rsquo;Op\u00e9ra Garnier<\/a><\/span><br \/>\n<a href=\"https:\/\/www.youtube.com\/watch?v=7iLsSswmsN8\"><span style=\"color: #ff6600;\">Un voyage dans la Grotte Chauvet<\/span><\/a><br \/>\n<a href=\"https:\/\/my.matterport.com\/show-mds?m=gFQQGBv2u2b\"><span style=\"color: #4373ab;\"><span style=\"color: #800000;\">Le Mus\u00e9e Dali \u00e0 Figuer\u00e8s comme vous ne l&rsquo;avez jamais vu\u00a0 <\/span><\/span><\/a><span style=\"color: #4373ab;\"><span style=\"color: #800000;\">!\u00a0\u00a0 <span style=\"color: #993300;\"><a style=\"color: #993300;\" href=\"https:\/\/thedali.org\/virtual-tour\/\">Et\u00a0 pourquoi ne pas d\u00e9couvrir celui de St Petesburg.<\/a><\/span><\/span><\/span><br \/>\n<a href=\"https:\/\/fondation-monet.com\/visite-virtuelle\/\"><span style=\"color: #339966;\">Visite de la maison de Monet<\/span><\/a><br \/>\n<a href=\"https:\/\/www.youtube.com\/channel\/UCmh8ObfC7uNs-wSSR2KoFsg\"><span style=\"color: #993366;\">Le mus\u00e9e Van Gogh Amsterdam<\/span><\/a><br \/>\n<a href=\"https:\/\/www.youtube.com\/watch?v=XYsTHBFyu60\"><span style=\"color: #99ccff;\">Visite du Mus\u00e9e Chantilly<\/span><\/a><br \/>\n<a href=\"https:\/\/artsandculture.google.com\/streetview\/uffizi-gallery\/1AEhLnfyQCV-DQ?hl=fr&amp;sv_lng=11.2558913&amp;sv_lat=43.768841&amp;sv_h=-20&amp;sv_p=0&amp;sv_pid=BVLiSlIAlLP0xHA5-yERqw&amp;sv_z=1\">Mus\u00e9e des Offices Florence<\/a><br \/>\n<a href=\"https:\/\/www.hermitagemuseum.org\/wps\/portal\/hermitage\/panorama?lng=en\"><span style=\"color: #99cc00;\">Mus\u00e9e de l&rsquo;Ermitage \u00e0 Saint Petesbourg<\/span><\/a><br \/>\n<a href=\"https:\/\/artsandculture.google.com\/streetview\/museum-guggenheim-bilbao\/6gGSw-L3-Xukfg?sv_lng=-2.933455678669702&amp;sv_lat=43.26891395554807&amp;sv_h=0&amp;sv_p=0&amp;sv_pid=6qZ-XW34hhRDmjB1WFAqOw&amp;sv_z=1.0000000000000002&amp;sv_lid=17242884745795414371\"><span class=\"WMuzR\"><span style=\"color: #cc99ff;\">Guggenheim Bilbao<\/span><\/span><\/a><\/p>\n<p>&nbsp;<\/p>\n","protected":false},"excerpt":{"rendered":"<p>Entrez dans des visites virtuelles de mus\u00e9es<\/p>\n","protected":false},"author":1,"featured_media":7262,"comment_status":"closed","ping_status":"closed","sticky":false,"template":"","format":"standard","meta":{"footnotes":""},"categories":[41],"tags":[],"class_list":["post-7241","post","type-post","status-publish","format-standard","has-post-thumbnail","hentry","category-actualites"],"_links":{"self":[{"href":"https:\/\/culturotheque.fr\/index.php\/wp-json\/wp\/v2\/posts\/7241","targetHints":{"allow":["GET"]}}],"collection":[{"href":"https:\/\/culturotheque.fr\/index.php\/wp-json\/wp\/v2\/posts"}],"about":[{"href":"https:\/\/culturotheque.fr\/index.php\/wp-json\/wp\/v2\/types\/post"}],"author":[{"embeddable":true,"href":"https:\/\/culturotheque.fr\/index.php\/wp-json\/wp\/v2\/users\/1"}],"replies":[{"embeddable":true,"href":"https:\/\/culturotheque.fr\/index.php\/wp-json\/wp\/v2\/comments?post=7241"}],"version-history":[{"count":21,"href":"https:\/\/culturotheque.fr\/index.php\/wp-json\/wp\/v2\/posts\/7241\/revisions"}],"predecessor-version":[{"id":7265,"href":"https:\/\/culturotheque.fr\/index.php\/wp-json\/wp\/v2\/posts\/7241\/revisions\/7265"}],"wp:featuredmedia":[{"embeddable":true,"href":"https:\/\/culturotheque.fr\/index.php\/wp-json\/wp\/v2\/media\/7262"}],"wp:attachment":[{"href":"https:\/\/culturotheque.fr\/index.php\/wp-json\/wp\/v2\/media?parent=7241"}],"wp:term":[{"taxonomy":"category","embeddable":true,"href":"https:\/\/culturotheque.fr\/index.php\/wp-json\/wp\/v2\/categories?post=7241"},{"taxonomy":"post_tag","embeddable":true,"href":"https:\/\/culturotheque.fr\/index.php\/wp-json\/wp\/v2\/tags?post=7241"}],"curies":[{"name":"wp","href":"https:\/\/api.w.org\/{rel}","templated":true}]}}